{"id":9104,"date":"2019-07-11T15:51:20","date_gmt":"2019-07-11T15:51:20","guid":{"rendered":"https:\/\/www.promendoza.com\/?p=9104"},"modified":"2019-07-12T15:54:51","modified_gmt":"2019-07-12T15:54:51","slug":"como-beneficia-la-baja-a-las-retenciones-a-la-produccion-local","status":"publish","type":"post","link":"https:\/\/www.promendoza.com\/en\/como-beneficia-la-baja-a-las-retenciones-a-la-produccion-local\/","title":{"rendered":"C\u00f3mo beneficia la baja a las retenciones a la producci\u00f3n local"},"content":{"rendered":"<style type=\"text\/css\"><\/style><h2 class=\"note__epigraph\">El Gobierno nacional disminuy\u00f3 las retenciones para 207 productos. Se estableci\u00f3 de $4 a $3 por d\u00f3lar exportado.<\/h2>\n<p>&nbsp;<\/p>\n<p>El Ejecutivo nacional baj\u00f3 las retenciones para 207 productos de las econom\u00edas regionales. A trav\u00e9s del decreto 464\/2019, estableci\u00f3 la disminuci\u00f3n de $4 a $3 por d\u00f3lar exportado. La medida entrar\u00e1 en vigencia a partir de ma\u00f1ana y la industria local se entusiasma con mejorar la \u201ccompetitividad\u201d de los diversos sectores.<\/p>\n<p>Este mi\u00e9rcoles, la Secretar\u00eda de Agroindustria de la Naci\u00f3n inform\u00f3 que entre los productos alcanzados por reducci\u00f3n de las retenci\u00f3n est\u00e1n sectores como el arrocero, frutas frescas de pepita, c\u00edtricas y de carozo, cerezas, uvas, ciruela deshidratada y hortalizas como el ajo, la cebolla o calabaza, el man\u00ed, la ciruela para industria, ar\u00e1ndanos, nuez pec\u00e1n, legumbres, pistachos y miel, entre otros.<\/p>\n<p>En Mendoza, el jefe de Gabinete del Ministerio de Econom\u00eda, Infraestructura y Energ\u00eda, Alfredo Aciar, celebr\u00f3 la medida y explic\u00f3 el impacto que puede tender la nueva disposici\u00f3n en Mendoza.<\/p>\n<p>\u201cEn primer lugar, se beneficia el sector del ajo, que es la principal hortaliza que exporta la provincia. Tambi\u00e9n, las peras y manzanas en fresco, y las frutas de carozo como ciruela, durazno y cerezas\u201d, indic\u00f3 el funcionario.<\/p>\n<p>En el caso del ajo, el a\u00f1o pasado se exportaron alrededor de US$130 millones de d\u00f3lares, por lo que $130 millones quedar\u00edan en la industria y no se retendr\u00e1n. Tambi\u00e9n, Aciar explic\u00f3 que la medida beneficiar\u00e1 a la ciruela desecada. En este sector se exportaron US$30 millones de d\u00f3lares el a\u00f1o pasado, por lo que $30 millones \u2013que eran retenidos\u2013, dejar\u00e1n de ir al Estado nacional.<\/p>\n<p>Adem\u00e1s, el jefe de Gabinete se\u00f1al\u00f3 que es un reclamo en el que ven\u00edan insistiendo su cartera y el gobernador Alfredo Cornejo. \u201cHubo una intervenci\u00f3n de Mendoza y del gobernador para que se equilibraran los productos. Se equipara as\u00ed con otros sectores como el del vino y el mosto\u201d, aclar\u00f3 el funcionario.<\/p>\n<p>Por su parte, el director de ProMendoza, Mario L\u00e1zzaro, asegur\u00f3 que se trata de una \u201cmedida beneficiosa para el sector exportador\u201d.<\/p>\n<p>\u201cEl a\u00f1o pasado, Mendoza export\u00f3 US$220 millones. Si se saca un peso de retenciones es mucho dinero que vuelve para mejorar el precio, agregar valor y ayudar a mejorar la competitividad\u201d, manifest\u00f3 L\u00e1zzaro.<\/p>\n<p>En tanto, Mario Bustos Carra, de la C\u00e1mara de Comercio Exterior de Cuyo, se expres\u00f3 en la misma l\u00ednea. \u201cM\u00e1s que un aporte importante es una se\u00f1al de que el Gobierno se da cuenta de que hay que corregir algunas cosas para mejorar la competitividad\u201d, indic\u00f3.<\/p>\n<p>En torno a eso, Bustos Carra dej\u00f3 en claro que no se trata de una \u201cmedida electoral\u201d, ya que en la letra chica del acuerdo Mercosur-Uni\u00f3n Europea se establece que, en un m\u00e1ximo de cuatro a\u00f1os, tienen que eliminarse las retenciones. \u201cCreo que es una medida de compensaci\u00f3n por ciertos errores cometidos y comprensi\u00f3n por los problemas actuales\u201d, resumi\u00f3.<\/p>\n<p>Fuente: El Sol<\/p>\n","protected":false},"excerpt":{"rendered":"<p>El Gobierno nacional disminuy\u00f3 las retenciones para 207 productos. Se estableci\u00f3 de $4 a $3 por d\u00f3lar exportado. &nbsp; El Ejecutivo nacional baj\u00f3 las retenciones para 207 productos de las&#8230;<\/p>\n","protected":false},"author":1,"featured_media":9105,"comment_status":"closed","ping_status":"open","sticky":false,"template":"","format":"image","meta":[],"categories":[52],"tags":[],"_links":{"self":[{"href":"https:\/\/www.promendoza.com\/en\/wp-json\/wp\/v2\/posts\/9104"}],"collection":[{"href":"https:\/\/www.promendoza.com\/en\/wp-json\/wp\/v2\/posts"}],"about":[{"href":"https:\/\/www.promendoza.com\/en\/wp-json\/wp\/v2\/types\/post"}],"author":[{"embeddable":true,"href":"https:\/\/www.promendoza.com\/en\/wp-json\/wp\/v2\/users\/1"}],"replies":[{"embeddable":true,"href":"https:\/\/www.promendoza.com\/en\/wp-json\/wp\/v2\/comments?post=9104"}],"version-history":[{"count":1,"href":"https:\/\/www.promendoza.com\/en\/wp-json\/wp\/v2\/posts\/9104\/revisions"}],"predecessor-version":[{"id":9106,"href":"https:\/\/www.promendoza.com\/en\/wp-json\/wp\/v2\/posts\/9104\/revisions\/9106"}],"wp:featuredmedia":[{"embeddable":true,"href":"https:\/\/www.promendoza.com\/en\/wp-json\/wp\/v2\/media\/9105"}],"wp:attachment":[{"href":"https:\/\/www.promendoza.com\/en\/wp-json\/wp\/v2\/media?parent=9104"}],"wp:term":[{"taxonomy":"category","embeddable":true,"href":"https:\/\/www.promendoza.com\/en\/wp-json\/wp\/v2\/categories?post=9104"},{"taxonomy":"post_tag","embeddable":true,"href":"https:\/\/www.promendoza.com\/en\/wp-json\/wp\/v2\/tags?post=9104"}],"curies":[{"name":"wp","href":"https:\/\/api.w.org\/{rel}","templated":true}]}}