{"id":9126,"date":"2019-07-19T16:15:18","date_gmt":"2019-07-19T16:15:18","guid":{"rendered":"https:\/\/www.promendoza.com\/?p=9126"},"modified":"2019-07-23T16:43:29","modified_gmt":"2019-07-23T16:43:29","slug":"mendoza-siempre-atenta-a-los-mercados-de-centroamerica","status":"publish","type":"post","link":"https:\/\/www.promendoza.com\/en\/mendoza-siempre-atenta-a-los-mercados-de-centroamerica\/","title":{"rendered":"Mendoza siempre atenta a los mercados de Centroam\u00e9rica"},"content":{"rendered":"<style type=\"text\/css\"><\/style><h3>Del 15 al 19 de julio el gerente de ProMendoza, Fernando Urdaniz, realiz\u00f3 una misi\u00f3n institucional en Panam\u00e1 y Costa Rica, con el objeto de visitar el Hub Log\u00edsitico de Col\u00f3n, recientemente inaugurado en Panam\u00e1, participar en Costa Rica de la Expo Franquicias y visitar Procomer, la agencia de promoci\u00f3n de exportaciones de ese pa\u00eds.<\/h3>\n<p>&nbsp;<\/p>\n<p><strong>Visita a Zona Libre de Col\u00f3n<\/strong><\/p>\n<p>Luego del acuerdo firmado en enero entre la Agencia Argentina de Inversiones y la operadora del Hub Log\u00edstico de Panam\u00e1, ProMendoza es la primera instituci\u00f3n argentina en tender lazos. El objetivo es que productos mendocinos puedan llegar all\u00ed para ser comercializados en toda Centroam\u00e9rica. El vino encabezar\u00eda los env\u00edos mendocinos<\/p>\n<p>Edwin Chen, gerente general de Global Cargo, operadora del Hub, manifest\u00f3 que est\u00e1n muy interesados en comenzar a recibir productos de Mendoza, tanto para la redistribuci\u00f3n a todos sus destinos directos, como para la comercializaci\u00f3n dentro de Panam\u00e1.<\/p>\n<p>&nbsp;<\/p>\n<p><strong>Acercar el vino al paladar paname\u00f1o<\/strong><\/p>\n<p>La agenda de Urdaniz incluy\u00f3 una reuni\u00f3n con la sommelier e importadora Martha Mart\u00ednez, de la empresa Vinum Panam\u00e1, dedicada a realizar catas, maridajes y eventos, cuya misi\u00f3n es educar el paladar del consumidor paname\u00f1o para disfrutar m\u00e1s del vino.<\/p>\n<p>Martha Mart\u00ednez considera que tener vinos de Mendoza en el Hub de Global Cargo en la zona libre de Col\u00f3n permitir\u00eda mayor venta minorista por cajas o peque\u00f1as cantidades. ProMendoza seguir\u00e1 trabajando en vinculaciones que puedan favorecer la inserci\u00f3n comercial de los productos de nuestra provincia.<\/p>\n<p>Panam\u00e1 es un mercado peque\u00f1o con unos 4 millones de habitantes pero cobra inter\u00e9s porque el consumo de vino est\u00e1 aumentando. Hace 10 a\u00f1os consum\u00edan menos de 1 litro por persona y hoy est\u00e1n entre 2,5 y 3 litros por persona por a\u00f1o. Tambi\u00e9n es de importancia para Argentina porque nuestros vinos son los preferidos de los consumidores, quienes aprecian especialmente el Malbec. El mercado es manejado por pocos importadores grandes y muchos peque\u00f1os. Entre los grandes, se encuentran Felipe Motta, Varela Hermanos y Riba Smith.<\/p>\n<p>&nbsp;<\/p>\n<p><strong>Contactar a los grandes distribuidores<\/strong><\/p>\n<p>Urdaniz se reuni\u00f3 adem\u00e1s con Alberto Paz Rodr\u00edguez, gerente general de Tzanetatos, una de las m\u00e1s grandes distribuidora e importadora de alimentos y bebidas de Panam\u00e1. El objetivo de la reuni\u00f3n fue crear lazos y analizar acciones conjuntas a futuro.<\/p>\n<p>Tzanetatos, con m\u00e1s de 800 empleados en sus distintas divisiones, es una de las mayores importadoras y distribuidoras de alimentos y bebidas de Panam\u00e1. Actualmente compran unas 25.000 cajas de vino al a\u00f1o y de esa cantidad casi 13.000 son de vino chileno. Con Argentina trabajan solamente con 2 bodegas de Mendoza actualmente. Tzanetatos cuenta con dep\u00f3sitos propios para almacenaje, con temperatura controlada (para vinos y alimentos) y una amplia flota de camiones para hacer la distribuci\u00f3n en todo el pa\u00eds. Abastecen con productos a todos los supermercados paname\u00f1os y tienen licencia de importaci\u00f3n para bebidas y alimentos.<\/p>\n<p>&nbsp;<\/p>\n<p><strong>Contactando a los mejores<\/strong><\/p>\n<p>Ya en Costa Rica, Fernando Urdaniz se reuni\u00f3 con Pedro Beirute Prada, gerente general de Procomer, la mejor agencia de comercio exterior del mundo, seg\u00fan el ITC (International Trade Center). La vinculaci\u00f3n con esta entidad, n\u00famero 1 en el mundo, contribuye a conocer las mejores pr\u00e1cticas en fomento del comercio exterior de Mendoza a nivel mundial.<\/p>\n<p>Procomer cuenta con 20 sedes propias en el exterior y otras 20 representaciones en conjunto con c\u00e1maras empresarias, empresas privadas y el Ministerio de Relaciones exteriores. Su presupuesto anual es de USD 20 millones.<\/p>\n<p>&nbsp;<\/p>\n<p><strong>Expo Franquicias 2019<\/strong><\/p>\n<p>Se llev\u00f3 a cabo en el Hotel Intercontinental de San Jos\u00e9 de Costa Rica la 10\u00ba Edici\u00f3n de Expo Franquicias, la feria regional que se organiza alternativamente en Panam\u00e1, Costa Rica y Rep\u00fablica Dominicana.<\/p>\n<p>Por Mendoza particip\u00f3 Roberto Ag\u00fcero, CEO de Bianco &#038; Nero, la franquicia mendocina con presencia en Per\u00fa y que busca posibilidades en Costa Rica como trampol\u00edn para ganar otros mercados regionales.<\/p>\n<p>Hubo m\u00e1s de 70 expositores y los principales rubros fueron: panificaci\u00f3n y pasteler\u00eda, empresas de dise\u00f1o, organizaci\u00f3n de eventos sociales y corporativos, mantenimiento de autos y casas, campamentos acad\u00e9micos, talleres empresariales, accesorios para mascotas, comida, peluquer\u00edas, calzado, gastronom\u00eda, yoga y ejercicios funcionales, helader\u00edas, venta de motos nuevas y usadas, cl\u00ednicas m\u00e9dico-est\u00e9ticas y nutricionales, empresa de servicios de limpieza y ni\u00f1era a domicilio, rob\u00f3tica, etc.<\/p>\n<p><a href=\"https:\/\/www.promendoza.com\/wp-content\/uploads\/2019\/07\/40d6e53f-3840-490d-a2e3-22e2e4adbba3.jpg\"><img loading=\"lazy\" class=\"aligncenter size-medium wp-image-9128\" src=\"https:\/\/www.promendoza.com\/wp-content\/uploads\/2019\/07\/40d6e53f-3840-490d-a2e3-22e2e4adbba3-300x169.jpg\" alt=\"\" width=\"300\" height=\"169\" srcset=\"https:\/\/www.promendoza.com\/wp-content\/uploads\/2019\/07\/40d6e53f-3840-490d-a2e3-22e2e4adbba3-300x169.jpg 300w, https:\/\/www.promendoza.com\/wp-content\/uploads\/2019\/07\/40d6e53f-3840-490d-a2e3-22e2e4adbba3-768x432.jpg 768w, https:\/\/www.promendoza.com\/wp-content\/uploads\/2019\/07\/40d6e53f-3840-490d-a2e3-22e2e4adbba3-1024x576.jpg 1024w, https:\/\/www.promendoza.com\/wp-content\/uploads\/2019\/07\/40d6e53f-3840-490d-a2e3-22e2e4adbba3-580x326.jpg 580w, https:\/\/www.promendoza.com\/wp-content\/uploads\/2019\/07\/40d6e53f-3840-490d-a2e3-22e2e4adbba3-820x461.jpg 820w, https:\/\/www.promendoza.com\/wp-content\/uploads\/2019\/07\/40d6e53f-3840-490d-a2e3-22e2e4adbba3-1160x653.jpg 1160w, https:\/\/www.promendoza.com\/wp-content\/uploads\/2019\/07\/40d6e53f-3840-490d-a2e3-22e2e4adbba3.jpg 1280w\" sizes=\"(max-width: 300px) 100vw, 300px\" \/><\/a><a href=\"https:\/\/www.promendoza.com\/wp-content\/uploads\/2019\/07\/Tznetatos-distrubuidora-de-Panam\u00e1.jpg\"><img loading=\"lazy\" class=\"aligncenter size-medium wp-image-9129\" src=\"https:\/\/www.promendoza.com\/wp-content\/uploads\/2019\/07\/Tznetatos-distrubuidora-de-Panam\u00e1-300x169.jpg\" alt=\"\" width=\"300\" height=\"169\" srcset=\"https:\/\/www.promendoza.com\/wp-content\/uploads\/2019\/07\/Tznetatos-distrubuidora-de-Panam\u00e1-300x169.jpg 300w, https:\/\/www.promendoza.com\/wp-content\/uploads\/2019\/07\/Tznetatos-distrubuidora-de-Panam\u00e1-768x432.jpg 768w, https:\/\/www.promendoza.com\/wp-content\/uploads\/2019\/07\/Tznetatos-distrubuidora-de-Panam\u00e1-1024x576.jpg 1024w, https:\/\/www.promendoza.com\/wp-content\/uploads\/2019\/07\/Tznetatos-distrubuidora-de-Panam\u00e1-580x326.jpg 580w, https:\/\/www.promendoza.com\/wp-content\/uploads\/2019\/07\/Tznetatos-distrubuidora-de-Panam\u00e1-820x461.jpg 820w, https:\/\/www.promendoza.com\/wp-content\/uploads\/2019\/07\/Tznetatos-distrubuidora-de-Panam\u00e1-1160x653.jpg 1160w, https:\/\/www.promendoza.com\/wp-content\/uploads\/2019\/07\/Tznetatos-distrubuidora-de-Panam\u00e1.jpg 1280w\" sizes=\"(max-width: 300px) 100vw, 300px\" \/><\/a><\/p>\n<p>&nbsp;<\/p>\n<p>&nbsp;<\/p>\n<p>&nbsp;<\/p>\n<p>&nbsp;<\/p>\n","protected":false},"excerpt":{"rendered":"<p>Del 15 al 19 de julio el gerente de ProMendoza, Fernando Urdaniz, realiz\u00f3 una misi\u00f3n institucional en Panam\u00e1 y Costa Rica, con el objeto de visitar el Hub Log\u00edsitico de&#8230;<\/p>\n","protected":false},"author":1,"featured_media":9127,"comment_status":"closed","ping_status":"open","sticky":false,"template":"","format":"image","meta":[],"categories":[94],"tags":[],"_links":{"self":[{"href":"https:\/\/www.promendoza.com\/en\/wp-json\/wp\/v2\/posts\/9126"}],"collection":[{"href":"https:\/\/www.promendoza.com\/en\/wp-json\/wp\/v2\/posts"}],"about":[{"href":"https:\/\/www.promendoza.com\/en\/wp-json\/wp\/v2\/types\/post"}],"author":[{"embeddable":true,"href":"https:\/\/www.promendoza.com\/en\/wp-json\/wp\/v2\/users\/1"}],"replies":[{"embeddable":true,"href":"https:\/\/www.promendoza.com\/en\/wp-json\/wp\/v2\/comments?post=9126"}],"version-history":[{"count":1,"href":"https:\/\/www.promendoza.com\/en\/wp-json\/wp\/v2\/posts\/9126\/revisions"}],"predecessor-version":[{"id":9130,"href":"https:\/\/www.promendoza.com\/en\/wp-json\/wp\/v2\/posts\/9126\/revisions\/9130"}],"wp:featuredmedia":[{"embeddable":true,"href":"https:\/\/www.promendoza.com\/en\/wp-json\/wp\/v2\/media\/9127"}],"wp:attachment":[{"href":"https:\/\/www.promendoza.com\/en\/wp-json\/wp\/v2\/media?parent=9126"}],"wp:term":[{"taxonomy":"category","embeddable":true,"href":"https:\/\/www.promendoza.com\/en\/wp-json\/wp\/v2\/categories?post=9126"},{"taxonomy":"post_tag","embeddable":true,"href":"https:\/\/www.promendoza.com\/en\/wp-json\/wp\/v2\/tags?post=9126"}],"curies":[{"name":"wp","href":"https:\/\/api.w.org\/{rel}","templated":true}]}}