{"id":9132,"date":"2019-07-09T13:11:22","date_gmt":"2019-07-09T13:11:22","guid":{"rendered":"https:\/\/www.promendoza.com\/?p=9132"},"modified":"2019-07-24T13:15:23","modified_gmt":"2019-07-24T13:15:23","slug":"mision-a-peru-y-ecuador-2019","status":"publish","type":"post","link":"https:\/\/www.promendoza.com\/en\/mision-a-peru-y-ecuador-2019\/","title":{"rendered":"Misi\u00f3n a Per\u00fa y Ecuador 2019"},"content":{"rendered":"<style type=\"text\/css\"><\/style><p>ProMendoza realiz\u00f3 en julio una Misi\u00f3n comercial en Per\u00fa y Ecuador del sector Alimentos. En Per\u00fa particip\u00f3 de la misi\u00f3n comercial multisectorial organizada en conjunto por la Regi\u00f3n Centro: C\u00f3rdoba (ProC\u00f3rdoba), Entre R\u00edos (\u00c1rea de Promoci\u00f3n de Exportaciones), Santa Fe (Santa Fe Global) y Mendoza (ProMendoza). Mientras que en Ecuador se organiz\u00f3 una agenda exclusiva para ProMendoza con la Embajada Argentina en ese pa\u00eds.<\/p>\n<p>El mi\u00e9rcoles 3 y el jueves 4 de julio tuvieron lugar las rondas de negocio organizadas en conjunto con la Embajada Argentina en Lima. El evento cont\u00f3 con la presencia del Embajador Jorge Yoma y su equipo de colaboradores y se realiz\u00f3 en el Hotel Plaza del Bosque. En este tramo de la misi\u00f3n particip\u00f3 la oliv\u00edcola Laur S.A y la Bodega Don Bosco.<\/p>\n<p>La misi\u00f3n continu\u00f3 en Ecuador con rondas de negocio y degustaciones en las ciudades de Quito y Guayaquil. De este tramo exclusivo para las empresas mendocinas participaron: Mill\u00e1n SA (Oliv\u00edcola Laur) y las bodegas Del Pozo, La a\u00f1orada, Cepas Argentinas, Lamadrid Estate Wine y FO wines (Fabricio Orlando).<\/p>\n<p>Estas empresas tuvieron tambi\u00e9n la oportunidad de profundizar sus conocimientos de este mercado a trav\u00e9s de visitas a puntos de ventas y especialmente a trav\u00e9s de un seminario a cargo de Esteban de Anchorena, responsable comercial de Embajada Argentina en Ecuador. Durante esta capacitaci\u00f3n se abordaron los siguientes temas:<\/p>\n<p>-Requisitos t\u00e9cnicos y legales para exportar vino a Ecuador.<\/p>\n<p>-Presentaci\u00f3n y an\u00e1lisis del mercado del vino en Ecuador.<\/p>\n<p>-Base legal para creaci\u00f3n de empresas, r\u00e9gimen laboral y requisitos para obtenci\u00f3n de registros.<\/p>\n<p>-Presentaci\u00f3n C\u00e1mara de Comercio Argentino-Ecuatoriana.<\/p>\n<p>Adem\u00e1s, los participantes pudieron vincularse con representantes de &#8220;La Cofrad\u00eda del Vino&#8221;, entidad ecuatoriana que promociona la cultura del vino en este pa\u00eds. <a href=\"https:\/\/www.cofradiadelvino.com\/\">https:\/\/www.cofradiadelvino.com\/<\/a><\/p>\n<p>&nbsp;<\/p>\n<p>El lunes 8 y martes 9 de julio tuvieron lugar rondas de negocios en Quito. El lunes 8 de julio por la noche se realiz\u00f3 una cata de vino en el Hotel Dann Carlton de Quito. All\u00ed cada empresa present\u00f3 sus productos a importadores y personas destacadas. La actividad cont\u00f3 con la presencia del Embajador Argentino en Ecuador. El mi\u00e9rcoles 10 la misi\u00f3n culmin\u00f3 con rondas de negocios en Guayaquil.<\/p>\n<p><a href=\"https:\/\/www.promendoza.com\/wp-content\/uploads\/2019\/07\/15ca40bc-c487-4f90-b40e-602657d9d45a.jpg\"><img loading=\"lazy\" class=\"size-medium wp-image-9134 alignleft\" src=\"https:\/\/www.promendoza.com\/wp-content\/uploads\/2019\/07\/15ca40bc-c487-4f90-b40e-602657d9d45a-225x300.jpg\" alt=\"\" width=\"225\" height=\"300\" srcset=\"https:\/\/www.promendoza.com\/wp-content\/uploads\/2019\/07\/15ca40bc-c487-4f90-b40e-602657d9d45a-225x300.jpg 225w, https:\/\/www.promendoza.com\/wp-content\/uploads\/2019\/07\/15ca40bc-c487-4f90-b40e-602657d9d45a-768x1024.jpg 768w, https:\/\/www.promendoza.com\/wp-content\/uploads\/2019\/07\/15ca40bc-c487-4f90-b40e-602657d9d45a-580x773.jpg 580w, https:\/\/www.promendoza.com\/wp-content\/uploads\/2019\/07\/15ca40bc-c487-4f90-b40e-602657d9d45a-820x1093.jpg 820w, https:\/\/www.promendoza.com\/wp-content\/uploads\/2019\/07\/15ca40bc-c487-4f90-b40e-602657d9d45a.jpg 960w\" sizes=\"(max-width: 225px) 100vw, 225px\" \/><\/a><\/p>\n<p><a href=\"https:\/\/www.promendoza.com\/wp-content\/uploads\/2019\/07\/61ff2e9d-c01e-48aa-9f21-b89ed60785eb.jpg\"><img loading=\"lazy\" class=\"aligncenter size-medium wp-image-9135\" src=\"https:\/\/www.promendoza.com\/wp-content\/uploads\/2019\/07\/61ff2e9d-c01e-48aa-9f21-b89ed60785eb-300x225.jpg\" alt=\"\" width=\"300\" height=\"225\" srcset=\"https:\/\/www.promendoza.com\/wp-content\/uploads\/2019\/07\/61ff2e9d-c01e-48aa-9f21-b89ed60785eb-300x225.jpg 300w, https:\/\/www.promendoza.com\/wp-content\/uploads\/2019\/07\/61ff2e9d-c01e-48aa-9f21-b89ed60785eb-768x576.jpg 768w, https:\/\/www.promendoza.com\/wp-content\/uploads\/2019\/07\/61ff2e9d-c01e-48aa-9f21-b89ed60785eb-1024x768.jpg 1024w, https:\/\/www.promendoza.com\/wp-content\/uploads\/2019\/07\/61ff2e9d-c01e-48aa-9f21-b89ed60785eb-580x435.jpg 580w, https:\/\/www.promendoza.com\/wp-content\/uploads\/2019\/07\/61ff2e9d-c01e-48aa-9f21-b89ed60785eb-820x615.jpg 820w, https:\/\/www.promendoza.com\/wp-content\/uploads\/2019\/07\/61ff2e9d-c01e-48aa-9f21-b89ed60785eb-1160x870.jpg 1160w, https:\/\/www.promendoza.com\/wp-content\/uploads\/2019\/07\/61ff2e9d-c01e-48aa-9f21-b89ed60785eb.jpg 1280w\" sizes=\"(max-width: 300px) 100vw, 300px\" \/><\/a><\/p>\n<p>&nbsp;<\/p>\n<p><a href=\"https:\/\/www.promendoza.com\/wp-content\/uploads\/2019\/07\/1938f391-2054-49c6-9dfb-7806dd99bc43.jpg\"><img loading=\"lazy\" class=\"aligncenter size-medium wp-image-9136\" src=\"https:\/\/www.promendoza.com\/wp-content\/uploads\/2019\/07\/1938f391-2054-49c6-9dfb-7806dd99bc43-300x225.jpg\" alt=\"\" width=\"300\" height=\"225\" srcset=\"https:\/\/www.promendoza.com\/wp-content\/uploads\/2019\/07\/1938f391-2054-49c6-9dfb-7806dd99bc43-300x225.jpg 300w, https:\/\/www.promendoza.com\/wp-content\/uploads\/2019\/07\/1938f391-2054-49c6-9dfb-7806dd99bc43-768x576.jpg 768w, https:\/\/www.promendoza.com\/wp-content\/uploads\/2019\/07\/1938f391-2054-49c6-9dfb-7806dd99bc43-1024x768.jpg 1024w, https:\/\/www.promendoza.com\/wp-content\/uploads\/2019\/07\/1938f391-2054-49c6-9dfb-7806dd99bc43-580x435.jpg 580w, https:\/\/www.promendoza.com\/wp-content\/uploads\/2019\/07\/1938f391-2054-49c6-9dfb-7806dd99bc43-820x615.jpg 820w, https:\/\/www.promendoza.com\/wp-content\/uploads\/2019\/07\/1938f391-2054-49c6-9dfb-7806dd99bc43.jpg 1152w\" sizes=\"(max-width: 300px) 100vw, 300px\" \/><\/a><\/p>\n","protected":false},"excerpt":{"rendered":"<p>ProMendoza realiz\u00f3 en julio una Misi\u00f3n comercial en Per\u00fa y Ecuador del sector Alimentos. En Per\u00fa particip\u00f3 de la misi\u00f3n comercial multisectorial organizada en conjunto por la Regi\u00f3n Centro: C\u00f3rdoba&#8230;<\/p>\n","protected":false},"author":1,"featured_media":9133,"comment_status":"closed","ping_status":"open","sticky":false,"template":"","format":"image","meta":[],"categories":[96],"tags":[],"_links":{"self":[{"href":"https:\/\/www.promendoza.com\/en\/wp-json\/wp\/v2\/posts\/9132"}],"collection":[{"href":"https:\/\/www.promendoza.com\/en\/wp-json\/wp\/v2\/posts"}],"about":[{"href":"https:\/\/www.promendoza.com\/en\/wp-json\/wp\/v2\/types\/post"}],"author":[{"embeddable":true,"href":"https:\/\/www.promendoza.com\/en\/wp-json\/wp\/v2\/users\/1"}],"replies":[{"embeddable":true,"href":"https:\/\/www.promendoza.com\/en\/wp-json\/wp\/v2\/comments?post=9132"}],"version-history":[{"count":1,"href":"https:\/\/www.promendoza.com\/en\/wp-json\/wp\/v2\/posts\/9132\/revisions"}],"predecessor-version":[{"id":9137,"href":"https:\/\/www.promendoza.com\/en\/wp-json\/wp\/v2\/posts\/9132\/revisions\/9137"}],"wp:featuredmedia":[{"embeddable":true,"href":"https:\/\/www.promendoza.com\/en\/wp-json\/wp\/v2\/media\/9133"}],"wp:attachment":[{"href":"https:\/\/www.promendoza.com\/en\/wp-json\/wp\/v2\/media?parent=9132"}],"wp:term":[{"taxonomy":"category","embeddable":true,"href":"https:\/\/www.promendoza.com\/en\/wp-json\/wp\/v2\/categories?post=9132"},{"taxonomy":"post_tag","embeddable":true,"href":"https:\/\/www.promendoza.com\/en\/wp-json\/wp\/v2\/tags?post=9132"}],"curies":[{"name":"wp","href":"https:\/\/api.w.org\/{rel}","templated":true}]}}