{"id":9261,"date":"2019-09-10T14:26:32","date_gmt":"2019-09-10T14:26:32","guid":{"rendered":"https:\/\/www.promendoza.com\/?p=9261"},"modified":"2019-09-26T17:33:03","modified_gmt":"2019-09-26T17:33:03","slug":"encuentro-mundial-de-vino-a-granel-mendoza-vendio-25-millones-de-litros-100-camiones-y-va-por-mas","status":"publish","type":"post","link":"https:\/\/www.promendoza.com\/en\/encuentro-mundial-de-vino-a-granel-mendoza-vendio-25-millones-de-litros-100-camiones-y-va-por-mas\/","title":{"rendered":"Encuentro mundial de vino a granel: Mendoza vendi\u00f3 2,5 millones de litros (100 camiones) y va por m\u00e1s"},"content":{"rendered":"<style type=\"text\/css\"><\/style><p>El Gobernador Alfredo Cornejo asisti\u00f3 ayer al Encuentro Internacional de Compradores de Vino a Granel, en el Hotel Sheraton Mendoza. Junto al mandatario estuvieron el ministro de Econom\u00eda, Infraestructura y Energ\u00eda, Mart\u00edn Kerchner; el presidente de la C\u00e1mara Argentina de Exportadores y Comercializadores de Vinos a Granel, Jos\u00e9 Bartolucci, y Carlos Fiochetta, gerente de la Corporaci\u00f3n Vitivin\u00edcola Argentina (COVIAR), entre otros representantes del \u00e1rea vitivin\u00edcola y funcionarios.<\/p>\n<p>Al respecto, el Gobernador Alfredo Cornejo explic\u00f3: \u201cEstamos organizando una feria internacional de vinos a granel, pero no como se hace habitualmente, llevando bodegas a otros pa\u00edses, sino trayendo los 14 pa\u00edses compradores de vino a granel y, adem\u00e1s, a los empresarios importadores de distintos lugares del mundo, procurando que salgan en el mundo nuestro vinos y no s\u00f3lo en la modalidad de vino en botella\u201d.<\/p>\n<p>El mandatario hizo un balance de lo logrado en solo un d\u00eda de este encuentro: \u201cS\u00f3lo ayer ya hemos vendido 2,5 millones de litros de vino a granel. Es el equivalente 100 camiones de vinos, aspiramos a seguir vendiendo mas, es una forma eficaz y eficiente de vender nuestro vino\u201d.<\/p>\n<p>Para finalizar, Cornejo puntualiz\u00f3: \u201cEsperando seguir en esta direcci\u00f3n, coordinando la producci\u00f3n y ayud\u00e1ndola de una forma inteligente, sin regalar nada sino generando las condiciones para que los productores y empresarios produzcan riquezas y beneficios que puedan ser trasladados al empleo\u201d.<\/p>\n<p><strong>El encuentro<\/strong><\/p>\n<p>El Argentina Wine Business Trip, el primer encuentro de degustaci\u00f3n y negocios para el vino a granel, re\u00fane a 94 bodegas locales con 28 compradores de Alemania, B\u00e9lgica, Canad\u00e1, China, Corea, Dinamarca, Filipinas, Finlandia, Francia, Hong Kong, Polonia, Reino Unido, Rusia y Suecia, durante los d\u00edas 9 y 10 de setiembre en el Hotel Sheraton.<\/p>\n<p>Ha sido organizado de manera conjunta entre\u00a0ProMendoza, la C\u00e1mara Argentina de Vinos a Granel, el Consejo Federal de Inversiones, la World Bulk Wine Exhibition y el Gobierno de Mendoza,\u00a0y tiene como objetivo posicionar a Argentina como proveedor a largo plazo de vino a granel del hemisferio sur.<\/p>\n<p>Con el objeto de brindar a los compradores internacionales informaci\u00f3n sobre la vitivinicultura en Mendoza, el encuentro comenz\u00f3 el lunes 9, a las 10, con el seminario \u201cBuscando tesoros en Argentina: detr\u00e1s de nuevos e interesantes vinos a granel\u201d (<em>Treasure Hunting in Argentina: Looking for New and Exciting Bulk Wines<\/em>), dictado en ingl\u00e9s por la consultora mendocina Mar\u00eda Laura Ortiz.<\/p>\n<p>Este encuentro forma parte de la estrategia de crecimiento del vino a granel como un producto de exportaci\u00f3n en s\u00ed mismo, para que sus ventas al exterior no sean ocasionales sino permanentes.<\/p>\n<p>Con la conformaci\u00f3n de la C\u00e1mara Argentina de Vino a Granel se dio un gran paso, otorgando entidad propia al producto. Adem\u00e1s, a trav\u00e9s de un acuerdo con el Gobierno de Mendoza para promocionar el vino a granel en el mundo, se dise\u00f1\u00f3 un calendario de actividades. Es por ello que este a\u00f1o el vino a granel de Mendoza tuvo la presencia en los encuentros internacionales m\u00e1s importantes de vino a granel: IBWSS UK (Londres, marzo) WBWE Asia (China, mayo)\u00a0 IBWSS Asia (Shangh\u00e1i, noviembre) IBWSS SF (EEUU, julio) y a WBWE (Holanda, diciembre), destacaron desde ProMendoza.<\/p>\n<p><strong>Objetivos<\/strong><\/p>\n<p>Desde ProMendoza explicaron que estas acciones apuntan a que Mendoza logre un espacio en el hemisferio sur, que permita con el tiempo tener una fecha internacional de vino a granel. La presencia en el calendario internacional le dar\u00e1 a la provincia visibilidad en el mapa, por lo que cualquier comprador del mundo interesado en este producto puede tener una opci\u00f3n en Mendoza. Se apunta a buscar un espacio y transformarnos en un punto de referencia, que con el trascurrir de los a\u00f1os crezca<em>.<\/em><\/p>\n<p>Remarcaron adem\u00e1s que actualmente no existe en el hemisferio sur un evento para exponer los nuevos vinos y que se espera poder instalar una feria en mayo, mes en que los vinos mendocinos comienzan a estar disponibles, y ganar visibilidad mundial.<\/p>\n<p><strong>Las bodegas que participaron<\/strong><\/p>\n<p>Barbarians SA, Tittarelli Wines, Santos J. Carelli, Quattrocchi, Almabras, Lomas Del Malbec, Agostino Wines, Mendoza Red Wines, Tempus Alba, Casarena, Finca Algarve, Reto\u00f1os De Vid, Corbeau Wines, Gauchezco Vineyard &#038; Winery, Vi\u00f1a Las Perdices, Juviar, San Polo, Don Cayetano, Anex, Fincas Patagonicas, Gouguenheim, Budeguer, Los Domados, Nueva California, Prozan Bodega &#038; Vi\u00f1edos, Francisco Di Settimio, Luis Segundo Correas, Vi\u00f1as De Alto Salvador, Alta Vista Wines, Terrasur Wines, La Iride, Sin Fin, La A\u00f1orada, Royal Mount, Valle Las Nencias, Otero Ramos Winery \u2013 Tierras Del Ande, Regionales De Uco, Pannunzio\u00a0 Wines, Mauricio Lorca, Lanzarini, Antonio Gonz\u00e1lez, Tierra Noble, Lamadrid Estate Wines, Viamonte, S\u00e1nchez, Los Toneles, Eclipse, Miravalles, Cooperativa Vista Flores, Tierra De Andes, Margot, H\u00e9ctor Meli, Mundo Nuevo, Don Crist\u00f3bal, Manzur Hnos, Sul Mineira, Amadeo Mara\u00f1on, Bautem, Fecovita, Galeano Antonacci, Chaquepe, Cepas Andinas, Cooperativa San Carlos Sud, Augusto Pulenta, Herce, Aguma Casa Vin\u00edcola, Two Wines, Bueyes, Mainque, Francisco Julian Noguerol, Don Felipe, Solfrut, Mendoza Inmowine, Familia Nofal, Bodega 1995-Ismaron, Alto Real Vi\u00f1edos, La Gloria, Terracota Wineland, Bodega Argento, San Juan Juice And Wine, B\u00f3rbore, R\u00edo Dulce, Clop Wines, La Esperanza, San Huberto, Berruti y Chini, Grupo Vitivin\u00edcola 10, Vitivin\u00edcola Mayce Group, The Vines Of Mendoza, Cosmopolitas-Sibilino Wines, Bodega Mi Estancia, Lost Valley, Organic Wine Argentina, Wailors.<\/p>\n","protected":false},"excerpt":{"rendered":"<p>El Gobernador Alfredo Cornejo asisti\u00f3 ayer al Encuentro Internacional de Compradores de Vino a Granel, en el Hotel Sheraton Mendoza. Junto al mandatario estuvieron el ministro de Econom\u00eda, Infraestructura y&#8230;<\/p>\n","protected":false},"author":1,"featured_media":9262,"comment_status":"closed","ping_status":"open","sticky":false,"template":"","format":"image","meta":[],"categories":[98],"tags":[],"_links":{"self":[{"href":"https:\/\/www.promendoza.com\/en\/wp-json\/wp\/v2\/posts\/9261"}],"collection":[{"href":"https:\/\/www.promendoza.com\/en\/wp-json\/wp\/v2\/posts"}],"about":[{"href":"https:\/\/www.promendoza.com\/en\/wp-json\/wp\/v2\/types\/post"}],"author":[{"embeddable":true,"href":"https:\/\/www.promendoza.com\/en\/wp-json\/wp\/v2\/users\/1"}],"replies":[{"embeddable":true,"href":"https:\/\/www.promendoza.com\/en\/wp-json\/wp\/v2\/comments?post=9261"}],"version-history":[{"count":1,"href":"https:\/\/www.promendoza.com\/en\/wp-json\/wp\/v2\/posts\/9261\/revisions"}],"predecessor-version":[{"id":9263,"href":"https:\/\/www.promendoza.com\/en\/wp-json\/wp\/v2\/posts\/9261\/revisions\/9263"}],"wp:featuredmedia":[{"embeddable":true,"href":"https:\/\/www.promendoza.com\/en\/wp-json\/wp\/v2\/media\/9262"}],"wp:attachment":[{"href":"https:\/\/www.promendoza.com\/en\/wp-json\/wp\/v2\/media?parent=9261"}],"wp:term":[{"taxonomy":"category","embeddable":true,"href":"https:\/\/www.promendoza.com\/en\/wp-json\/wp\/v2\/categories?post=9261"},{"taxonomy":"post_tag","embeddable":true,"href":"https:\/\/www.promendoza.com\/en\/wp-json\/wp\/v2\/tags?post=9261"}],"curies":[{"name":"wp","href":"https:\/\/api.w.org\/{rel}","templated":true}]}}