{"id":9319,"date":"2019-10-13T14:25:27","date_gmt":"2019-10-13T14:25:27","guid":{"rendered":"https:\/\/www.promendoza.com\/?p=9319"},"modified":"2019-10-31T23:12:18","modified_gmt":"2019-10-31T23:12:18","slug":"made-in-mendoza-la-posibilidad-que-nos-da-el-acuerdo-vigente-con-chile-para-llegar-al-mundo","status":"publish","type":"post","link":"https:\/\/www.promendoza.com\/en\/made-in-mendoza-la-posibilidad-que-nos-da-el-acuerdo-vigente-con-chile-para-llegar-al-mundo\/","title":{"rendered":"Made in Mendoza: la posibilidad que nos da el acuerdo vigente con Chile para llegar al mundo"},"content":{"rendered":"<style type=\"text\/css\"><\/style><h2 class=\"description separatorlines\">La vigencia plena del acuerdo entre Argentina y Chile deja en un segundo plano el potencial de la relaci\u00f3n Mercosur-Europa: hay que avocarse de lleno a explorar y explotar esta posibilidad que ya est\u00e1 abierta y en funcionamiento, y con gente capaz de asesorar para que Mendoza despegue.<\/h2>\n<p>Cada vez que Mendoza dej\u00f3 habilitado un hub log\u00edstico en otro pa\u00eds, peg\u00f3 un estir\u00f3n en su crecimiento econ\u00f3mico. Representan la puerta abierta, la pasant\u00eda para poder vender al exterior, la palmada en el hombro para generar confianza.<\/p>\n<p>Adolescente aun -si optamos por humanizar a este territorio como met\u00e1fora de su situaci\u00f3n y potencial- podr\u00eda decirse que pas\u00f3 la &#8220;edad del pavo&#8221; para encaminarse a una adultez segura. Aunque est\u00e1 por verse si lo hace responsablemente encamin\u00e1ndose a la generaci\u00f3n de los recursos que necesita para vivir, o si le quedan resabios de su dependencia preadolescente, sus movimientos torpes y aun, su despilfarro inconsciente (y sin tener con qu\u00e9) le siguen condicionando la madurez econ\u00f3mica.<\/p>\n<p>Ya sin sentido figurado, las cifras indican que resulta dif\u00edcil generar empleo real y, de hecho, en los \u00faltimos a\u00f1os no lo ha logrado. Fuera de los chisporroteos de campa\u00f1a, el diagn\u00f3stico real indica que con lo que producimos no se alimenta a los dos millones de habitantes que demandan cada vez m\u00e1s.<\/p>\n<p>All\u00ed est\u00e1n las alternativas productivas que ofrece la tierra y que, al parecer, habr\u00e1 \u00e1nimo de poner en marcha, aunque antes hay que contener los sobresaltos y exclamaciones que lo vienen impidiendo, no solo desde posiciones ideol\u00f3gicas o fundamentalismos, sino tambi\u00e9n desde otras actividades econ\u00f3micas acomodadas que se han acostumbrado a mirarse el ombligo sin importarles demasiado el resto del propio cuerpo y menos a\u00fan, la subsistencia del ajeno.<\/p>\n<p>Pero en materia de comercio exterior hay quienes han venido trazando caminos con esfuerzo y dedicaci\u00f3n, para s\u00ed, pero tambi\u00e9n para los dem\u00e1s.<\/p>\n<p>Ya no hay lugar en el mundo para aventureros, sino para emprendedores: lo mismo, pero sin pavear y buscando socios sin tener miedo ni prejuicios.<\/p>\n<p>El jueves, una instituci\u00f3n que ha cultivado en tierra f\u00e9rtil las semillas de un futuro para Mendoza estrechamente vinculado a su relaci\u00f3n con el mundo, como es ProMendoza, explic\u00f3 los alcances del acuerdo con Chile, en vigencia desde mayo, y al que en Buenos Aires no comprenden<\/p>\n<p>All\u00ed est\u00e1 la verdadera oportunidad para Mendoza: ser el eje aglutinador, la sede o catapulta y no solo el camino de paso, de una serie interminable de posibilidades de suministro de productos al otro lado de la cordillera o -como les gusta se\u00f1alar a Mario L\u00e1zzaro y Fernando Urd\u00e1niz, referentes de esa entidad- haciendo que nos una, definitivamente.<\/p>\n<p>Pero adem\u00e1s Chile tiene tratados de libre comercio con 86 pa\u00edses. Produce poco. Podr\u00edamos asociar empresas locales a las trasandinas para terminar productos que ninguno puede entregar al mundo en forma acabada.<\/p>\n<p>De las 9 mil cosas que el mundo le reclama a nuestro pa\u00eds vecino, solo pueden responder por s\u00ed a 3 mil. El resto las puede complementar Argentina.<\/p>\n<p>Empezamos en esta nota hablando de los hubs log\u00edsticos y aqu\u00ed hay un dato no menor: tenemos en China, Singapur y Emiratos \u00c1rabes, lo tendremos probablemente en Centroam\u00e9rica para almacenar productos en espera de exportaci\u00f3n o en proceso de reetiquetado o transformaci\u00f3n, pero ahora hay uno aqu\u00ed no m\u00e1s, en Los Andes. Representa una ventaja que no solo los que ya exportan utilizar\u00e1n, sino que tiene que ser una promesa de oportunidades y nuevas experiencias para cientos sino miles de nuevos jugadores en el mundo del comercio internacional: m\u00e1s actores capaces de encadenarse con protagonistas de otros pa\u00edses; otros productos a ser terminados del otro lado de la monta\u00f1a para salir con tasa cero a las naciones con las que Chile mantiene tratados de libre comercio y ahorrarse (o repartirse como r\u00e9dito) aquellas cifras que se hubieran gastado en pagar tasas solo sacando el producto desde Argentina, sin m\u00e1s.<\/p>\n<p>Nuestra relaci\u00f3n hist\u00f3rica con Chile es inversamente proporcional a la que nos vincula al puerto de Buenos Aires. La cercan\u00eda territorial -en lo concreto, adem\u00e1s- nos permite aprovechar la estructura creada en Los Andes para enviar productos que nos compren por e-comerce, en la cantidad que se requiera, en no m\u00e1s de un d\u00eda si no en cuesti\u00f3n de horas.El acuerdo comercial ofrece ventajas tan incre\u00edbles como desconocidas para muchos como, por ejemplo, el trato como &#8220;nacionales&#8221; para los argentinos que deseen emprender en Chile y participar en licitaciones como proveedores del Estado.<\/p>\n<p>L\u00e1zzaro, director gerente de ProMendoza, lanz\u00f3 un desaf\u00edo que no es casual ni antojadizo: &#8220;\u00bfPor qu\u00e9 no ser la Singapur de Am\u00e9rica del Sur?&#8221;. Si Mendoza no lo busca ni lo intenta, ser\u00e1 parte de su historia triste de fracasos, timideces o chaturas. Pero hay otro esp\u00edritu que ha conocido Mendoza y es el de los desaf\u00edos de grandes dimensiones.<\/p>\n<p>Es cierto: la cordillera hoy nos une como nunca antes con Chile y este pa\u00eds ya no es solo un bar en Re\u00f1aca para que los empresarios y pol\u00edticos tomen algo en verano, sino una plataforma hacia el mundo.<\/p>\n<p>Est\u00e1 al alcance de la mano. Est\u00e1n dadas las condiciones. Rige -a diferencia del tratado del Mercosur con la Uni\u00f3n Europea- plenamente el acuerdo binacional y hay asesoramiento y experiencia para poder avanzar.<\/p>\n<p>Si no lo hacemos esta vez, no habr\u00e1 a qui\u00e9nes echarles las culpas fuera de nuestros propios cuerpos. La chance de que Mendoza despegue no pasa ni por un eslogan ni por un par de cosas distintivas, como lo venimos hablando desde hace tiempo, sino por romper los moldes de un pa\u00eds que, desde el puerto de Buenos Aires, nos tira hacia atr\u00e1s, se empe\u00f1a en repetir esquemas derrotistas o en volver al pasado, en forma c\u00edclica.<\/p>\n<p>Aqu\u00ed est\u00e1 nuestra puerta al mundo. Y es por el Pac\u00edfico.<\/p>\n<p>Fuente: El Memo<\/p>\n","protected":false},"excerpt":{"rendered":"<p>La vigencia plena del acuerdo entre Argentina y Chile deja en un segundo plano el potencial de la relaci\u00f3n Mercosur-Europa: hay que avocarse de lleno a explorar y explotar esta&#8230;<\/p>\n","protected":false},"author":1,"featured_media":9291,"comment_status":"closed","ping_status":"open","sticky":false,"template":"","format":"image","meta":[],"categories":[100],"tags":[],"_links":{"self":[{"href":"https:\/\/www.promendoza.com\/en\/wp-json\/wp\/v2\/posts\/9319"}],"collection":[{"href":"https:\/\/www.promendoza.com\/en\/wp-json\/wp\/v2\/posts"}],"about":[{"href":"https:\/\/www.promendoza.com\/en\/wp-json\/wp\/v2\/types\/post"}],"author":[{"embeddable":true,"href":"https:\/\/www.promendoza.com\/en\/wp-json\/wp\/v2\/users\/1"}],"replies":[{"embeddable":true,"href":"https:\/\/www.promendoza.com\/en\/wp-json\/wp\/v2\/comments?post=9319"}],"version-history":[{"count":1,"href":"https:\/\/www.promendoza.com\/en\/wp-json\/wp\/v2\/posts\/9319\/revisions"}],"predecessor-version":[{"id":9320,"href":"https:\/\/www.promendoza.com\/en\/wp-json\/wp\/v2\/posts\/9319\/revisions\/9320"}],"wp:featuredmedia":[{"embeddable":true,"href":"https:\/\/www.promendoza.com\/en\/wp-json\/wp\/v2\/media\/9291"}],"wp:attachment":[{"href":"https:\/\/www.promendoza.com\/en\/wp-json\/wp\/v2\/media?parent=9319"}],"wp:term":[{"taxonomy":"category","embeddable":true,"href":"https:\/\/www.promendoza.com\/en\/wp-json\/wp\/v2\/categories?post=9319"},{"taxonomy":"post_tag","embeddable":true,"href":"https:\/\/www.promendoza.com\/en\/wp-json\/wp\/v2\/tags?post=9319"}],"curies":[{"name":"wp","href":"https:\/\/api.w.org\/{rel}","templated":true}]}}