{"id":9342,"date":"2019-11-10T14:17:52","date_gmt":"2019-11-10T14:17:52","guid":{"rendered":"https:\/\/www.promendoza.com\/?p=9342"},"modified":"2019-11-11T14:21:17","modified_gmt":"2019-11-11T14:21:17","slug":"mendoza-organizara-la-interwine-china-en-2020","status":"publish","type":"post","link":"https:\/\/www.promendoza.com\/en\/mendoza-organizara-la-interwine-china-en-2020\/","title":{"rendered":"Mendoza organizar\u00e1 la Interwine China en 2020"},"content":{"rendered":"<style type=\"text\/css\"><\/style><h3>La exposici\u00f3n profesional de vinos y licores m\u00e1s grande y antigua de China continental contar\u00e1 con importante participaci\u00f3n de la provincia.<\/h3>\n<p>&nbsp;<\/p>\n<p>La provincia de\u00a0<strong>Mendoza ser\u00e1 coorganizadora de la exposici\u00f3n &#8220;Interwine China&#8221; el a\u00f1o pr\u00f3ximo<\/strong>, se inform\u00f3 hoy oficialmente.<\/p>\n<p>De cara a ese objetivo,<strong>\u00a0el gobernador electo, Rodolfo\u00a0<\/strong><b>Su\u00e1rez<\/b>, se reuni\u00f3 en el pa\u00eds asi\u00e1tico con los mayores importadores de vino de la provincia china de <strong>Guangdong<\/strong>, acompa\u00f1ado por el<strong>\u00a0ministro de Econom\u00eda, Infraestructura y Energ\u00eda, Mart\u00edn Kerchner<\/strong>\u00a0,y\u00a0<strong>Pen Hong, de la asociaci\u00f3n provincial de la industria del alcohol de Guangdong.<\/strong><\/p>\n<p>La cita se dio en el marco de la\u00a0<strong>23\u00aa edici\u00f3n de Interwine China<\/strong>, feria que se realiza del 9 al 11 de noviembre en el Complejo de Feria de Importaci\u00f3n y Exportaci\u00f3n, en Guandong.<\/p>\n<p>Se trata de\u00a0la exposici\u00f3n profesional de vinos y licores m\u00e1s grande y antigua de China continental, que se organiza dos veces al a\u00f1o, una sesi\u00f3n de primavera y otra de oto\u00f1o.<\/p>\n<p>&#8220;Hemos logrado que Mendoza tenga mucho m\u00e1s protagonismo en la feria Interwine que se realizar\u00e1 el a\u00f1o que viene en mayo.\u00a0<strong>Seremos coorganizadores, junto con los importadores, quienes nos han manifestado el inter\u00e9s que tienen en los vinos mendocinos<\/strong>&#8220;, anunci\u00f3 Suarez en un comunicado de prensa.<\/p>\n<p>De este modo, el gobernador electo destac\u00f3 &#8220;la gran oportunidad que tenemos los mendocinos para<strong>\u00a0colocar nuestros productos aqu\u00ed<\/strong>. Ese es el trabajo que venimos haciendo en esta gira por el gigante asi\u00e1tico&#8221;.<\/p>\n<p>Fuente: Los Andes<\/p>\n","protected":false},"excerpt":{"rendered":"<p>La exposici\u00f3n profesional de vinos y licores m\u00e1s grande y antigua de China continental contar\u00e1 con importante participaci\u00f3n de la provincia. &nbsp; La provincia de\u00a0Mendoza ser\u00e1 coorganizadora de la exposici\u00f3n&#8230;<\/p>\n","protected":false},"author":1,"featured_media":9343,"comment_status":"closed","ping_status":"open","sticky":false,"template":"","format":"image","meta":[],"categories":[96],"tags":[],"_links":{"self":[{"href":"https:\/\/www.promendoza.com\/en\/wp-json\/wp\/v2\/posts\/9342"}],"collection":[{"href":"https:\/\/www.promendoza.com\/en\/wp-json\/wp\/v2\/posts"}],"about":[{"href":"https:\/\/www.promendoza.com\/en\/wp-json\/wp\/v2\/types\/post"}],"author":[{"embeddable":true,"href":"https:\/\/www.promendoza.com\/en\/wp-json\/wp\/v2\/users\/1"}],"replies":[{"embeddable":true,"href":"https:\/\/www.promendoza.com\/en\/wp-json\/wp\/v2\/comments?post=9342"}],"version-history":[{"count":2,"href":"https:\/\/www.promendoza.com\/en\/wp-json\/wp\/v2\/posts\/9342\/revisions"}],"predecessor-version":[{"id":9345,"href":"https:\/\/www.promendoza.com\/en\/wp-json\/wp\/v2\/posts\/9342\/revisions\/9345"}],"wp:featuredmedia":[{"embeddable":true,"href":"https:\/\/www.promendoza.com\/en\/wp-json\/wp\/v2\/media\/9343"}],"wp:attachment":[{"href":"https:\/\/www.promendoza.com\/en\/wp-json\/wp\/v2\/media?parent=9342"}],"wp:term":[{"taxonomy":"category","embeddable":true,"href":"https:\/\/www.promendoza.com\/en\/wp-json\/wp\/v2\/categories?post=9342"},{"taxonomy":"post_tag","embeddable":true,"href":"https:\/\/www.promendoza.com\/en\/wp-json\/wp\/v2\/tags?post=9342"}],"curies":[{"name":"wp","href":"https:\/\/api.w.org\/{rel}","templated":true}]}}