{"id":9419,"date":"2019-12-15T13:35:25","date_gmt":"2019-12-15T13:35:25","guid":{"rendered":"https:\/\/www.promendoza.com\/?p=9419"},"modified":"2019-12-26T13:44:05","modified_gmt":"2019-12-26T13:44:05","slug":"tecnologia-ya-representa-el-11-de-las-exportaciones-locales","status":"publish","type":"post","link":"https:\/\/www.promendoza.com\/en\/tecnologia-ya-representa-el-11-de-las-exportaciones-locales\/","title":{"rendered":"Tecnolog\u00eda: ya representa el 11% de las exportaciones locales"},"content":{"rendered":"<style type=\"text\/css\"><\/style><h3>Hace diez a\u00f1os el sector no estaba \u201cen el radar\u201d;\u00a0hoy las empresas que forman parte de las \u201cTICS\u201d ya exportan unos U$S 160 millones al a\u00f1o<\/h3>\n<p>La econom\u00eda del conocimiento es uno de los sectores con mayores proyecciones de crecimiento para el corto plazo. Mientras el gobierno nacional avizora una oferta de 200.000 empleos genuinos privados, en nuestra provincia se impulsar\u00e1n tres nuevos polos.<strong>\u00a0\u201cHay que seguir trabajando en el \u00e1rea de la tecnolog\u00eda. En Mendoza las TICS est\u00e1n creciendo fuertemente y estamos logrando cosas interesantes. Hay que extenderlas en el territorio, colaborar con los empresarios que est\u00e1n armando un Polo en San Rafael. Hay que llevar eso mismo a la zona Este y al Valle de Uco. Van a venir inversiones por ah\u00ed\u201d<\/strong>, se\u00f1al\u00f3 en una entrevista reciente -publicada por Los Andes- el ministro de Econom\u00eda, Enrique\u00a0 Vaqui\u00e9.<\/p>\n<p>En la actualidad, seg\u00fan lo informado por ProMendoza, est\u00e1n trabajando con trece empresas del Polo TIC (en Godoy Cruz), en el programa NEX (Nuevos Exportadores) de formato grupal.<strong>\u00a0\u201cEs el norte que ellos tienen para internacionalizarse\u201d<\/strong>, sostuvieron fuentes de la instituci\u00f3n. De acuerdo a datos relevados en 2018 y suministrados por la fundaci\u00f3n, 11% de las exportaciones de Mendoza corresponden al rubro de industrias creativas y del conocimiento, lo que significa que el sector en su conjunto exporta unos U$S 167 millones al a\u00f1o.<\/p>\n<p><a href=\"https:\/\/www.promendoza.com\/wp-content\/uploads\/2019\/12\/image5df57876bda95.jpg\"><img loading=\"lazy\" class=\"aligncenter size-full wp-image-9420\" src=\"https:\/\/www.promendoza.com\/wp-content\/uploads\/2019\/12\/image5df57876bda95.jpg\" alt=\"\" width=\"850\" height=\"326\" srcset=\"https:\/\/www.promendoza.com\/wp-content\/uploads\/2019\/12\/image5df57876bda95.jpg 850w, https:\/\/www.promendoza.com\/wp-content\/uploads\/2019\/12\/image5df57876bda95-300x115.jpg 300w, https:\/\/www.promendoza.com\/wp-content\/uploads\/2019\/12\/image5df57876bda95-768x295.jpg 768w, https:\/\/www.promendoza.com\/wp-content\/uploads\/2019\/12\/image5df57876bda95-580x222.jpg 580w, https:\/\/www.promendoza.com\/wp-content\/uploads\/2019\/12\/image5df57876bda95-820x314.jpg 820w\" sizes=\"(max-width: 850px) 100vw, 850px\" \/><\/a><\/p>\n<p><strong>Del garaje al mundo<\/strong><\/p>\n<p>En el \u00e1mbito privado, Mauricio Barzola sostiene que<strong>\u00a0\u201cla tecnolog\u00eda es un rubro de mucha demanda y con pleno empleo\u201d<\/strong>. El socio fundador de la empresa de software Wakapi, en 2006, cont\u00f3 que tienen experiencia internacional ya que han desarrollado proyectos para Estados Unidos, Gran Breta\u00f1a, Australia, M\u00e9xico y Canad\u00e1. Adem\u00e1s, este a\u00f1o concretaron una inversi\u00f3n de $ 15 millones inaugurando una planta de 1.000 m2 y buscan concretar un programa social impulsando a nuevas empresas y nuevos profesionales de la tecnolog\u00eda.<\/p>\n<p>En agosto, la empresa mendocina de desarrollo de software Belatrix fue adquirida por Globant\u00a0-compa\u00f1\u00eda internacional l\u00edder en el rubro-, que cuenta con 9.000 profesionales distribuidos en 17 pa\u00edses y desde 2017 posee oficinas en Argentina. En el comunicado oficial sobre compra, Mart\u00edn Migova (CEO y co-fundador de Globant) explic\u00f3:\u00a0<strong>\u201cBelatrix comparte nuestra visi\u00f3n y estrategias de c\u00f3mo crear experiencias exitosas para los clientes m\u00e1s demandantes de las industrias l\u00edderes. Ha creado excelente soluciones para una incre\u00edble lista de clientes, que incluye varias empresas en Fortune 500\u201d<\/strong>. Este mes, Belatrix particip\u00f3 como sponsor en una de las conferencias sobre servicios financieros m\u00e1s importantes a nivel global: el Money 20\/20.<\/p>\n<p>En octubre, las empresas Possumus (San Rafael) y Koiron (General Alvear) formaron una nueva compa\u00f1\u00eda orientada a satisfacer los requerimientos del mercado internacional. Esta fusi\u00f3n de trabajo, para intervenir en el mercado europeo, trajo aparejada una sinergia y compatibilizaci\u00f3n de servicios IT y tecnolog\u00edas blandas: experiencia de usuario (UX), dise\u00f1o e interfase (UI) y dise\u00f1o de interacci\u00f3n (IxD). Ejemplos de \u00e9xito en el \u00e1mbito local abundan durante el\u00a0 \u00faltimo a\u00f1o, tanto que -en noviembre- Embarca<strong>\u00a0lanz\u00f3 una convocatoria para startup en tecnolog\u00eda o fintech ofreciendo diversos programas de capacitaci\u00f3n y mentor\u00edas para dar forma a los proyectos y una inversi\u00f3n de hasta U$S 50 mil para concretarlos.<\/strong><\/p>\n<h3><strong>Nuestra Silicon Valley<\/strong><\/h3>\n<p>En 2004, Argentina con la Ley del software 25.922, cuyo r\u00e9gimen fue extendido por otra ley hasta 2019, estableci\u00f3 el apoyo a la industria de la tecnolog\u00eda (IT). En la norma estableci\u00f3 est\u00edmulos fiscales para las empresas dedicadas a la producci\u00f3n de este tipo de intangibles y estimul\u00f3 la creaci\u00f3n de nuevas compa\u00f1\u00edas. Recordemos que a partir del 1 de enero de 2020 las empresas del sector podr\u00e1n ser inscriptas bajo este r\u00e9gimen y percibir los beneficios que se extender\u00e1n hasta diciembre de 2029.\u00a0<strong>La ley busca crear 215.000 puestos de trabajo de calidad y generar 15.000 millones de d\u00f3lares de exportaciones anuales para 2030.<\/strong><\/p>\n<p><a href=\"https:\/\/www.promendoza.com\/wp-content\/uploads\/2019\/12\/image5df5788f7fa7a.jpg\"><img loading=\"lazy\" class=\"aligncenter size-full wp-image-9421\" src=\"https:\/\/www.promendoza.com\/wp-content\/uploads\/2019\/12\/image5df5788f7fa7a.jpg\" alt=\"\" width=\"850\" height=\"442\" srcset=\"https:\/\/www.promendoza.com\/wp-content\/uploads\/2019\/12\/image5df5788f7fa7a.jpg 850w, https:\/\/www.promendoza.com\/wp-content\/uploads\/2019\/12\/image5df5788f7fa7a-300x156.jpg 300w, https:\/\/www.promendoza.com\/wp-content\/uploads\/2019\/12\/image5df5788f7fa7a-768x399.jpg 768w, https:\/\/www.promendoza.com\/wp-content\/uploads\/2019\/12\/image5df5788f7fa7a-580x302.jpg 580w, https:\/\/www.promendoza.com\/wp-content\/uploads\/2019\/12\/image5df5788f7fa7a-820x426.jpg 820w\" sizes=\"(max-width: 850px) 100vw, 850px\" \/><\/a><\/p>\n<p>La Ley del Conocimiento naci\u00f3 del consenso del sector empresario, t\u00e9cnico y legisladores y cont\u00f3 con el apoyo de emprendedores y empresarios TIC. Las actividades de la Econom\u00eda del Conocimiento son las m\u00e1s din\u00e1micas de nuestra econom\u00eda:\u00a0<strong>el empleo en una d\u00e9cada (entre 2007-2017) creci\u00f3 65% m\u00e1s que en el resto de la econom\u00eda y las ventas -en el mismo per\u00edodo- crecieron un 70%, mientras que las dem\u00e1s actividades no lograron superar el 12%.\u00a0<\/strong><\/p>\n<p>En consonancia al escenario nacional, Mendoza adhiri\u00f3 a la ley del conocimiento y, adem\u00e1s, cre\u00f3 el Polo TIC al que le asign\u00f3 un espacio f\u00edsico en Godoy Cruz. En el mismo trabajan 19 empresas, adem\u00e1s de dependencias universitarias y espacios de coworking. La provincia ha dado cuenta de un crecimiento sostenido en la producci\u00f3n de software y de servicios relacionados. Algunas firmas han internacionalizado el mercado y tienen bases de operaciones en otros pa\u00edses; un par -incluso- import\u00f3 talento para cumplir con la demanda en alza.\u00a0<strong>El fen\u00f3meno de migraci\u00f3n regional busca satisfacer la oferta de empleo. Seg\u00fan estimaciones del sector TIC, en la provincia hay 5.000 puestos sin cubrir.\u00a0\u00a0\u00a0<\/strong><\/p>\n<p>El horizonte de crecimiento es amplio, el 3,4% del total de los estudiantes del pa\u00eds vinculados con la industria del conocimiento (un mill\u00f3n aproximado distribuido en todas las carreras relacionadas) corresponde al mercado de Mendoza. Ciudad de Buenos Aires y la provincia de Buenos Aires (con el 51,1% del total de alumnos) son quienes predominan y acaparan el mayor volumen del sector seg\u00fan los datos del Argencon (entidad conformada por empresas prestadoras de servicios basados en el conocimiento).\u00a0<strong>Al hablar de las exportaciones \u00e9stas pasaron, a nivel pa\u00eds, de U$S 170 millones en 2007 a U$S 1.800 millones en 2017, y se produjo un despliegue federal de la industria con la creaci\u00f3n de m\u00e1s de 30 Polos de IT en todo el pa\u00eds.<\/strong><\/p>\n<h3><strong>Plataforma de despegue<\/strong><\/h3>\n<p>\u201cEn nuestra regi\u00f3n, las empresas que est\u00e1n vinculadas al nodo sur tienen por lo general menos de 10 empleados. Hay algunas con 100 personas, pero son s\u00f3lo tres o cuatro de las 25 registradas\u201d, indic\u00f3 \u00c1ngel Quiles, presidente del Polo de Innovaci\u00f3n Tecnol\u00f3gica de San Rafael.\u00a0<strong>\u201cLas m\u00e1s grandes empezaron a hacer negocios en Europa, particularmente en Barcelona, y han tenido que hacer contratos de integraci\u00f3n para salir al exterior. El sector est\u00e1 favorecido por la ley de promoci\u00f3n del software y por un contexto mundial que migra al desarrollo de la digitalizaci\u00f3n\u201d,\u00a0<\/strong>agreg\u00f3.<\/p>\n<p>El tema a resolver viene acompa\u00f1ado por la transformaci\u00f3n educativa.<strong>\u00a0El mundo demanda profesionales con la capacidad de aprender y desaprender r\u00e1pido\u201d<\/strong>, explic\u00f3 el dirigente.<\/p>\n<p><a href=\"https:\/\/www.promendoza.com\/wp-content\/uploads\/2019\/12\/image5df5789ae3aa0.jpg\"><img loading=\"lazy\" class=\"aligncenter size-full wp-image-9422\" src=\"https:\/\/www.promendoza.com\/wp-content\/uploads\/2019\/12\/image5df5789ae3aa0.jpg\" alt=\"\" width=\"850\" height=\"566\" srcset=\"https:\/\/www.promendoza.com\/wp-content\/uploads\/2019\/12\/image5df5789ae3aa0.jpg 850w, https:\/\/www.promendoza.com\/wp-content\/uploads\/2019\/12\/image5df5789ae3aa0-300x200.jpg 300w, https:\/\/www.promendoza.com\/wp-content\/uploads\/2019\/12\/image5df5789ae3aa0-768x511.jpg 768w, https:\/\/www.promendoza.com\/wp-content\/uploads\/2019\/12\/image5df5789ae3aa0-580x386.jpg 580w, https:\/\/www.promendoza.com\/wp-content\/uploads\/2019\/12\/image5df5789ae3aa0-820x546.jpg 820w\" sizes=\"(max-width: 850px) 100vw, 850px\" \/><\/a><\/p>\n<p>Entre los anuncios del nuevo gobierno, la expansi\u00f3n de los centros tecnol\u00f3gicos es una de las directrices de la gesti\u00f3n, que se sostiene por la sinergia que logr\u00f3 el sector acad\u00e9mico y empresario.<strong>\u00a0<\/strong><\/p>\n<h3><strong>Sepa m\u00e1s<\/strong><\/h3>\n<p><strong>Econom\u00eda del conocimiento.\u00a0<\/strong><\/p>\n<p>La econom\u00eda basada en conocimiento (EBC) o industria del conocimiento (Knowledge Economy, en ingl\u00e9s), es el sector que utiliza la informaci\u00f3n como elemento fundamental para generar valor y riqueza por medio de la transformaci\u00f3n de los datos en conocimiento. Abarca rubros como la educaci\u00f3n, investigaci\u00f3n y desarrollo, alta tecnolog\u00eda, inform\u00e1tica, telecomunicaciones, rob\u00f3tica, nanotecnolog\u00eda e industria aeroespacial.\u00a0<strong>Desde finales del siglo XX, la inversi\u00f3n en capital intangible ha crecido considerablemente incluso en mayor medida que el capital tangible\u00a0<\/strong>(maquinaria, materias primas, etc.).<\/p>\n<h3><strong>C\u00f3mo es el polo que abri\u00f3 el juego<\/strong><\/h3>\n<p>El Polo TIC de Godoy Cruz cuenta con una superficie total de 36.000 m2 y abarca actualmente a 19 empresas privadas dedicadas a la industria de telecomunicaciones e inform\u00e1tica. Tambi\u00e9n hay instalaciones de la Universidad Tecnol\u00f3gica Nacional (UTN) y Universidad Nacional de Cuyo (UNCuyo).\u00a0<strong>En agosto de 2018, la Legislatura aprob\u00f3 la ampliaci\u00f3n del parque para permitir el desembarco de m\u00e1s empresas e instituciones en este espacio destinado a la tecnolog\u00eda.<\/strong><\/p>\n<p>Entre las firmas que forman parte del parque, se destacan algunas de capitales extranjeros. Una de las m\u00e1s importantes es Everis, perteneciente a NTT Data, una de las diez compa\u00f1\u00edas m\u00e1s grandes del mundo en desarrollos tecnol\u00f3gicos.\u00a0<strong>Se trata de una entidad dedicada a la consultor\u00eda y outsourcing que abarca a todos los sectores del \u00e1mbito econ\u00f3mico.<\/strong><\/p>\n<p><strong>A futuro, m\u00e1s empresas locales podr\u00edan instalarse en el per\u00edmetro<\/strong>, teniendo en cuenta que hay 350 formas de tecnolog\u00eda de informaci\u00f3n y comunicaciones en la provincia.<\/p>\n<p>Desde ProMendoza se\u00f1alaron que<strong>\u00a0\u201cel parque genera las condiciones competitivas necesarias para las actividades de desarrollo de programas inform\u00e1ticos (software), servicios inform\u00e1ticos, hardware, telecomunicaciones y electr\u00f3nica industrial, con una creciente participaci\u00f3n de empresas pymes de Mendoza y tambi\u00e9n con la instalaci\u00f3n de importantes empresas de otras regiones de Argentina y del extranjero\u201d.<\/strong><\/p>\n<p>Fuente: Los Andes<\/p>\n","protected":false},"excerpt":{"rendered":"<p>Hace diez a\u00f1os el sector no estaba \u201cen el radar\u201d;\u00a0hoy las empresas que forman parte de las \u201cTICS\u201d ya exportan unos U$S 160 millones al a\u00f1o La econom\u00eda del conocimiento&#8230;<\/p>\n","protected":false},"author":1,"featured_media":9423,"comment_status":"closed","ping_status":"open","sticky":false,"template":"","format":"image","meta":[],"categories":[47],"tags":[],"_links":{"self":[{"href":"https:\/\/www.promendoza.com\/en\/wp-json\/wp\/v2\/posts\/9419"}],"collection":[{"href":"https:\/\/www.promendoza.com\/en\/wp-json\/wp\/v2\/posts"}],"about":[{"href":"https:\/\/www.promendoza.com\/en\/wp-json\/wp\/v2\/types\/post"}],"author":[{"embeddable":true,"href":"https:\/\/www.promendoza.com\/en\/wp-json\/wp\/v2\/users\/1"}],"replies":[{"embeddable":true,"href":"https:\/\/www.promendoza.com\/en\/wp-json\/wp\/v2\/comments?post=9419"}],"version-history":[{"count":2,"href":"https:\/\/www.promendoza.com\/en\/wp-json\/wp\/v2\/posts\/9419\/revisions"}],"predecessor-version":[{"id":9426,"href":"https:\/\/www.promendoza.com\/en\/wp-json\/wp\/v2\/posts\/9419\/revisions\/9426"}],"wp:featuredmedia":[{"embeddable":true,"href":"https:\/\/www.promendoza.com\/en\/wp-json\/wp\/v2\/media\/9423"}],"wp:attachment":[{"href":"https:\/\/www.promendoza.com\/en\/wp-json\/wp\/v2\/media?parent=9419"}],"wp:term":[{"taxonomy":"category","embeddable":true,"href":"https:\/\/www.promendoza.com\/en\/wp-json\/wp\/v2\/categories?post=9419"},{"taxonomy":"post_tag","embeddable":true,"href":"https:\/\/www.promendoza.com\/en\/wp-json\/wp\/v2\/tags?post=9419"}],"curies":[{"name":"wp","href":"https:\/\/api.w.org\/{rel}","templated":true}]}}