{"id":9581,"date":"2019-07-31T15:12:34","date_gmt":"2019-07-31T15:12:34","guid":{"rendered":"https:\/\/www.promendoza.com\/?p=9581"},"modified":"2020-01-10T15:20:50","modified_gmt":"2020-01-10T15:20:50","slug":"promueven-el-sector-del-durazno-industria-en-la-feria-la-rural","status":"publish","type":"post","link":"https:\/\/www.promendoza.com\/en\/promueven-el-sector-del-durazno-industria-en-la-feria-la-rural\/","title":{"rendered":"Promueven el sector del durazno industria en la feria La Rural"},"content":{"rendered":"<style type=\"text\/css\"><\/style><h5 class=\"m_8379420857925921193ydpee9e6389yiv6347401105gmail-MsoNoSpacing\">Durante una disertaci\u00f3n en el predio de Palermo, se brind\u00f3 un panorama de la situaci\u00f3n actual y la evoluci\u00f3n productiva del sector.<\/h5>\n<p class=\"m_8379420857925921193ydpee9e6389yiv6347401105gmail-MsoNoSpacing\">El Ministerio de Econom\u00eda, Infraestructura y Energ\u00eda, junto a la C\u00e1mara de la Fruta Industrializada de Mendoza (CAFIM), llev\u00f3 a la Expo Rural 2019 una breve edici\u00f3n del Foro de Durazno Industria que se realiz\u00f3 en la provincia en abril de este a\u00f1o y que sirvi\u00f3 de puntapi\u00e9 para promover el consumo del producto, analizar el futuro y generar acciones necesarias para fortalecer el sector.<\/p>\n<p class=\"m_8379420857925921193ydpee9e6389yiv6347401105gmail-MsoNoSpacing\">Con la presencia del ministro Mart\u00edn Kerchner y el subsecretario de Agricultura y Ganader\u00eda, Alejandro Zlotolow, se realiz\u00f3 en<b>\u00a0<\/b>el Centro de Capacitaci\u00f3n y Negocios del Agro\u00a0una importante disertaci\u00f3n. El fin es expandir y dar continuidad a la tem\u00e1tica planteada con acciones que apuntan a posicionar el producto como parte de una dieta saludable e incentivar el consumo del durazno en mitades en las familias argentinas.<\/p>\n<p class=\"m_8379420857925921193ydpee9e6389yiv6347401105gmail-MsoNoSpacing\">Uno de los ejes principales del encuentro estuvo puesto en las tendencias actuales y futuras que demanda el sector, as\u00ed como los cambios en consumo y producci\u00f3n asociados con la tecnolog\u00eda y las v\u00edas de comercializaci\u00f3n digital.<\/p>\n<p class=\"m_8379420857925921193ydpee9e6389yiv6347401105gmail-MsoNoSpacing\">\u201cEstamos definiendo el futuro y lo que va a pasar. Una pol\u00edtica de gobierno puede compararse con trajes hechos que no sirven para las personas que lo van a usar, por eso el sector privado tiene que marcar el norte y de ah\u00ed el sector p\u00fablico con los recursos que tenga debe hacer el traje a medida\u201d, expres\u00f3 Kerchner en el acto de apertura.<\/p>\n<p class=\"m_8379420857925921193ydpee9e6389yiv6347401105gmail-MsoNoSpacing\">El encuentro, del que participaron productores, industriales, empresarios, intermediarios y consumidores, sirvi\u00f3 como \u00e1mbito de conocimiento, debate y capacitaci\u00f3n frente a las nuevas perspectivas de mercado y en un contexto distinto al que se plante\u00f3 en abril, cuando a\u00fan no se firmaba el acuerdo Mercosur-Uni\u00f3n Europea, que cambi\u00f3 el panorama a futuro para los exportadores.<\/p>\n<p class=\"m_8379420857925921193ydpee9e6389yiv6347401105gmail-MsoNoSpacing\">Vale destacar que en 2018 las exportaciones crecieron 72% respecto de 2017, que corresponden a 13 millones de d\u00f3lares para el sector y que, tras el acuerdo, la perspectiva es a\u00fan mayor.<\/p>\n<p class=\"m_8379420857925921193ydpee9e6389yiv6347401105gmail-MsoNoSpacing\">En este contexto, el ministro se\u00f1al\u00f3: \u201cSabemos las condiciones macroecon\u00f3micas que necesitamos para trabajar la econom\u00eda regional, en especial del durazno industria, que es \u00fanico en Mendoza, muy potente y que genera mucho trabajo en sus m\u00e1s de 6.000 hect\u00e1reas productivas. Estamos haciendo lo que es necesario para que pueda llegar a todo el pa\u00eds y de ah\u00ed la explosi\u00f3n hacia afuera de nuestro producto\u201d.<\/p>\n<p class=\"m_8379420857925921193ydpee9e6389yiv6347401105gmail-MsoNoSpacing\">Las acciones de gesti\u00f3n p\u00fablica provincial y privada, como tambi\u00e9n los aspectos m\u00e1s importantes del consumo de este producto regional fueron expuestas durante el foro. Entre ellas se destaca la campa\u00f1a \u201cSi es rico, nunca pasa de moda\u201d, encarada por el Gobierno de Mendoza que pretende reposicionar el tradicional producto.<\/p>\n<p class=\"m_8379420857925921193ydpee9e6389yiv6347401105gmail-MsoNoSpacing\">Adem\u00e1s, se realiz\u00f3 un repaso de las pol\u00edticas para el sostenimiento del sector agr\u00edcola basadas en la\u00a0protecci\u00f3n de la producci\u00f3n\u00a0(lucha antigranizo, fondo compensador, seguro agr\u00edcola y modificaci\u00f3n de la Ley de emergencia agropecuaria 9083),\u00a0fitosanitarias<b>\u00a0<\/b>(control y erradicaci\u00f3n de las plagas),\u00a0sostenimiento de la producci\u00f3n\u00a0(l\u00edneas de cr\u00e9dito que permiten desarrollar ventajas competitivas),\u00a0desarrollo de la producci\u00f3n\u00a0(cr\u00e9ditos para reconversi\u00f3n de cultivos, mecanizaci\u00f3n de las unidades productivas para lograr mejores rendimientos),\u00a0de asociatividad e institucionalidad\u00a0(consolidaci\u00f3n de cl\u00fasters y asociaciones, cooperativas, financiamiento mesas frut\u00edcolas), entre otras.<\/p>\n<p class=\"m_8379420857925921193ydpee9e6389yiv6347401105gmail-MsoNoSpacing\">El durazno para industria se encuentra circunscripto solamente a Mendoza, produciendo anualmente 150.000 toneladas de duraznos en promedio. De esta producci\u00f3n, el 70% se destina a duraznos en mitades, es decir que anualmente se producen y comercializan 100 millones de latas con duraznos en mitades. El segundo producto de este sector es la pulpa de durazno.<\/p>\n<p class=\"m_8379420857925921193ydpee9e6389yiv6347401105gmail-MsoNoSpacing\">En\u00a02018\u00a0se formularon 187 planes t\u00e9cnicos del Programa de Mejora Competitiva (PMC) Frut\u00edcola, de los cuales\u00a0156 productores fueron financiados por un monto total de $ 29,19 millones.<b>\u00a0<\/b>La superficie con frutales afectada por las mejoras propuestas es de 992 ha, de las cuales 67 se erradicaran y reimplantaran por completo en monte puro. El resto tiene mejoras sustanciales en el monte frutal como reposici\u00f3n de fallas en la plantaci\u00f3n y mejoras en el riego.<\/p>\n<p class=\"m_8379420857925921193ydpee9e6389yiv6347401105gmail-MsoNoSpacing\">Para 2019, el PMC tambi\u00e9n est\u00e1 disponible para toda la provincia.<\/p>\n<p class=\"m_8379420857925921193ydpee9e6389yiv6347401105gmail-MsoNoSpacing\">El sector de durazno para industria se encuentra circunscrito al territorio mendocino, contando con una superficie implantada de 6.222 hect\u00e1reas, cuyos principales oasis productivos son el Valle de Uco y el oasis Sur. Para esta temporada 2018\/19, la producci\u00f3n esperada ha sido de alrededor de 130.000 toneladas. El 70% se destina a duraznos en mitades (que equivalen alrededor de 100 millones de latas) y el 30% restante es destinado a pulpa.<\/p>\n<p>Fuente: Prensa Gobierno de Mendoza<\/p>\n","protected":false},"excerpt":{"rendered":"<p>Durante una disertaci\u00f3n en el predio de Palermo, se brind\u00f3 un panorama de la situaci\u00f3n actual y la evoluci\u00f3n productiva del sector. El Ministerio de Econom\u00eda, Infraestructura y Energ\u00eda, junto&#8230;<\/p>\n","protected":false},"author":1,"featured_media":9582,"comment_status":"closed","ping_status":"open","sticky":false,"template":"","format":"image","meta":[],"categories":[103],"tags":[],"_links":{"self":[{"href":"https:\/\/www.promendoza.com\/en\/wp-json\/wp\/v2\/posts\/9581"}],"collection":[{"href":"https:\/\/www.promendoza.com\/en\/wp-json\/wp\/v2\/posts"}],"about":[{"href":"https:\/\/www.promendoza.com\/en\/wp-json\/wp\/v2\/types\/post"}],"author":[{"embeddable":true,"href":"https:\/\/www.promendoza.com\/en\/wp-json\/wp\/v2\/users\/1"}],"replies":[{"embeddable":true,"href":"https:\/\/www.promendoza.com\/en\/wp-json\/wp\/v2\/comments?post=9581"}],"version-history":[{"count":1,"href":"https:\/\/www.promendoza.com\/en\/wp-json\/wp\/v2\/posts\/9581\/revisions"}],"predecessor-version":[{"id":9583,"href":"https:\/\/www.promendoza.com\/en\/wp-json\/wp\/v2\/posts\/9581\/revisions\/9583"}],"wp:featuredmedia":[{"embeddable":true,"href":"https:\/\/www.promendoza.com\/en\/wp-json\/wp\/v2\/media\/9582"}],"wp:attachment":[{"href":"https:\/\/www.promendoza.com\/en\/wp-json\/wp\/v2\/media?parent=9581"}],"wp:term":[{"taxonomy":"category","embeddable":true,"href":"https:\/\/www.promendoza.com\/en\/wp-json\/wp\/v2\/categories?post=9581"},{"taxonomy":"post_tag","embeddable":true,"href":"https:\/\/www.promendoza.com\/en\/wp-json\/wp\/v2\/tags?post=9581"}],"curies":[{"name":"wp","href":"https:\/\/api.w.org\/{rel}","templated":true}]}}