{"id":9585,"date":"2019-07-30T15:21:21","date_gmt":"2019-07-30T15:21:21","guid":{"rendered":"https:\/\/www.promendoza.com\/?p=9585"},"modified":"2020-01-10T15:24:53","modified_gmt":"2020-01-10T15:24:53","slug":"el-stand-de-mendoza-es-uno-de-los-polos-de-atraccion-central-en-la-expo-rural-2019","status":"publish","type":"post","link":"https:\/\/www.promendoza.com\/en\/el-stand-de-mendoza-es-uno-de-los-polos-de-atraccion-central-en-la-expo-rural-2019\/","title":{"rendered":"El stand de Mendoza es uno de los polos de atracci\u00f3n central en la Expo Rural 2019"},"content":{"rendered":"<style type=\"text\/css\"><\/style><h5>As\u00ed lo califican los productores de la provincia que participaron en la primera semana de feria.<\/h5>\n<p>\u201cNo paramos. A las 9, cuando abrimos el\u00a0<em>stand<\/em>, ya hay gente esperando para comprar y, a las 20, nos cuesta cerrar porque seguimos vendiendo\u201d, coinciden los productores mendocinos que participan en el local que el Gobierno de Mendoza puso, por tercer a\u00f1o consecutivo, en el predio ferial de Palermo, donde se realiza la exposici\u00f3n rural m\u00e1s importante del pa\u00eds.<\/p>\n<p>Sorprendidos por la afluencia de p\u00fablico y por la cantidad de medios de comunicaci\u00f3n que se les acercan, los diez emprendedores mendocinos que expusieron sus productos durante la primera semana aseguran que es el\u00a0<em>stand<\/em>\u00a0m\u00e1s visitado de la feria.<\/p>\n<p>\u201cAcompa\u00f1amos a pymes y productores para que participen de esta feria porque es una gran oportunidad para cerrar negocios y encontrar distribuidores, pero sobre todo para seguir mostrando la excelente calidad de los productos de Mendoza. Este es el tercer a\u00f1o consecutivo en que Mendoza participa, despu\u00e9s de muchos ausentes, por lo que la presencia de la provincia en La Rural se est\u00e1 consolidando\u201d, sostuvo Mart\u00edn Kerchner, ministro de Econom\u00eda, Infraestructura y Energ\u00eda, que este martes visit\u00f3 el espacio que organiz\u00f3 la provincia.<\/p>\n<p>Si bien los mundialmente reconocidos vinos mendocinos son el primer im\u00e1n, los productos innovadores como los dulces de p\u00e9talos de flores o los vinos sin gluten, aptos para cel\u00edacos, atraen la atenci\u00f3n de quienes visitan la Expo Rural 2019.<\/p>\n<p>\u201cDesde que abrimos tenemos gente esperando, en algunos casos los productores no tienen tiempo para desempacar. A nuestro\u00a0<em>stand<\/em>\u00a0se acercan desde personas que van pasando y entran a probar, hasta quienes vienen directa y exclusivamente a comprar s\u00f3lo por ser productos de Mendoza\u201d, coment\u00f3 Mirta Figueroa, encargada de la vinculaci\u00f3n institucional de la Subsecretar\u00eda de Agricultura y Ganader\u00eda.<\/p>\n<p>La experiencia de los a\u00f1os anteriores es un punto a favor que destacan los expositores que vienen participando desde que Mendoza retom\u00f3 su concurrencia a la feria de Palermo, tras 12 a\u00f1os de ausencia.<\/p>\n<p>En este contexto, los emprendedores mendocinos resaltaron la calidad de organizaci\u00f3n de la Subsecretar\u00eda de Agricultura y Ganader\u00eda, que por tercer a\u00f1o consecutivo impuls\u00f3 la participaci\u00f3n de la provincia en la Expo La Rural.<\/p>\n<p>Desde el primer d\u00eda, el\u00a0<em>stand<\/em>\u00a0fue epicentro de atracci\u00f3n cuando pas\u00f3 por all\u00ed la prestigiosa soprano mendocina Ver\u00f3nica Cangemi, quien sorprendi\u00f3 a los presentes cantando a capella\u00a0<em>Virgen de la Carrodilla<\/em>\u00a0y que fue ovacionada por el p\u00fablico.<\/p>\n<p><strong>Ventas y exposici\u00f3n<\/strong><\/p>\n<p>Rodolfo Testa, en\u00f3logo de Cavas del 23, bodega boutique de Guaymall\u00e9n, quien ya particip\u00f3 en las dos ediciones anteriores, no sale del asombro por la devoluci\u00f3n del p\u00fablico. \u201cEs incre\u00edble lo que se vive ac\u00e1, la gente se va enamorada del\u00a0<em>stand<\/em>\u00a0de Mendoza, es uno de los que m\u00e1s ha dado que hablar y todo es positivo. Cada a\u00f1o es mejor la organizaci\u00f3n\u201d, se\u00f1al\u00f3.<\/p>\n<p>En su balance, Testa destac\u00f3 tres factores: el aprendizaje que les da interactuar y escuchar al consumidor, el crecimiento exponencial de comercializaci\u00f3n de l\u00edneas premium y el incremento de nuevos nichos de venta, como Brasil, que se suman a otros mercados, como EEUU, Francia y Eslovenia.<\/p>\n<p>La gran mayor\u00eda de los emprendedores y productores que participan en la feria buscan algo m\u00e1s que la venta directa. En muchos casos, el objetivo es posicionar la marca y hacer nuevos contactos comerciales.<\/p>\n<p>Es el caso de Fernanda Pifaretti, due\u00f1a del emprendimiento Dulce Flor, que por primera vez participa en la feria con un producto innovador: mermeladas hechas a base de p\u00e9talos de flores.<\/p>\n<p>\u201cLa venta directa no es f\u00e1cil porque a la gente le cuesta consumir flores. Sin embargo, hay quienes buscan productos novedosos y degustar experiencias nuevas. Por eso las ventas han sido superadoras\u201d, coment\u00f3 Pifaretti, quien hasta ayer particip\u00f3 en la feria y ya tiene agendados nuevos contactos con chef de Buenos Aires y con la C\u00e1mara de Productos Finos -que selecciona productos\u00a0<em>gourmet<\/em>\u00a0de alta gama- quienes la convocaron porque aseguran que \u201cno hay otro igual en el mundo\u201d.<\/p>\n<p>Otro de los productos innovadores nacidos en Mendoza que llegaron a la expo son los vinos sin gluten. De la mano de Paola Pagano, el producto apto para cel\u00edacos est\u00e1 presente para degustaci\u00f3n y venta, bajo la marca Ananias Gluten Free Wine.<\/p>\n<p>\u201cParticipamos de rondas de negocio internacionales con Espa\u00f1a, Uruguay, Cuba, Inglaterra, El Salvador y Brasil, entre otros, porque tenemos un producto de innovaci\u00f3n, que es el primer vino libre de gluten apto para cel\u00edacos\u201d, indic\u00f3 Pagano, quien anticip\u00f3 que el 2 de agosto brindar\u00e1 una conferencia en La Rural para exponer sobre el producto y la concientizaci\u00f3n respecto de la celiaqu\u00eda.<\/p>\n<p>Los emprendedores que pusieron su mostrador en el\u00a0<em>stand<\/em>\u00a0enarbolan la bandera de la calidad de los productos mendocinos y el p\u00fablico reconoce el estandarte. La integraci\u00f3n del turismo, la tierra y sus frutos son un atractivo insoslayable que posiciona a Mendoza como referente del pa\u00eds y el mundo.<\/p>\n<p>Fuente: Prensa Gobierno de Mendoza<\/p>\n","protected":false},"excerpt":{"rendered":"<p>As\u00ed lo califican los productores de la provincia que participaron en la primera semana de feria. \u201cNo paramos. A las 9, cuando abrimos el\u00a0stand, ya hay gente esperando para comprar&#8230;<\/p>\n","protected":false},"author":1,"featured_media":9586,"comment_status":"closed","ping_status":"open","sticky":false,"template":"","format":"image","meta":[],"categories":[29],"tags":[],"_links":{"self":[{"href":"https:\/\/www.promendoza.com\/en\/wp-json\/wp\/v2\/posts\/9585"}],"collection":[{"href":"https:\/\/www.promendoza.com\/en\/wp-json\/wp\/v2\/posts"}],"about":[{"href":"https:\/\/www.promendoza.com\/en\/wp-json\/wp\/v2\/types\/post"}],"author":[{"embeddable":true,"href":"https:\/\/www.promendoza.com\/en\/wp-json\/wp\/v2\/users\/1"}],"replies":[{"embeddable":true,"href":"https:\/\/www.promendoza.com\/en\/wp-json\/wp\/v2\/comments?post=9585"}],"version-history":[{"count":1,"href":"https:\/\/www.promendoza.com\/en\/wp-json\/wp\/v2\/posts\/9585\/revisions"}],"predecessor-version":[{"id":9587,"href":"https:\/\/www.promendoza.com\/en\/wp-json\/wp\/v2\/posts\/9585\/revisions\/9587"}],"wp:featuredmedia":[{"embeddable":true,"href":"https:\/\/www.promendoza.com\/en\/wp-json\/wp\/v2\/media\/9586"}],"wp:attachment":[{"href":"https:\/\/www.promendoza.com\/en\/wp-json\/wp\/v2\/media?parent=9585"}],"wp:term":[{"taxonomy":"category","embeddable":true,"href":"https:\/\/www.promendoza.com\/en\/wp-json\/wp\/v2\/categories?post=9585"},{"taxonomy":"post_tag","embeddable":true,"href":"https:\/\/www.promendoza.com\/en\/wp-json\/wp\/v2\/tags?post=9585"}],"curies":[{"name":"wp","href":"https:\/\/api.w.org\/{rel}","templated":true}]}}