{"id":9610,"date":"2019-08-09T15:46:03","date_gmt":"2019-08-09T15:46:03","guid":{"rendered":"https:\/\/www.promendoza.com\/?p=9610"},"modified":"2020-01-10T15:49:45","modified_gmt":"2020-01-10T15:49:45","slug":"un-mes-sin-novedades-para-empresas-locales-sobre-el-acuerdo-con-la-union-europea","status":"publish","type":"post","link":"https:\/\/www.promendoza.com\/en\/un-mes-sin-novedades-para-empresas-locales-sobre-el-acuerdo-con-la-union-europea\/","title":{"rendered":"Un mes sin novedades para empresas locales sobre el acuerdo con la Uni\u00f3n Europea"},"content":{"rendered":"<style type=\"text\/css\"><\/style><h3>roductores locales de diferentes sectores a\u00fan no saben si quedar\u00e1n incluidos o no en el tratado.<\/h3>\n<p>Aunque ya se cumpli\u00f3 un <strong>mes de que se firmara el acuerdo de libre comercio<\/strong>\u00a0entre la Uni\u00f3n Europea y Mercosur, todav\u00eda se<strong>\u00a0desconoce la totalidad de los productos<\/strong>\u00a0que fueron incluidos en la eliminaci\u00f3n de aranceles. De todos modos, para que efectivamente entre en vigencia,\u00a0<strong>deber\u00e1 ser aprobado por los congresos<\/strong>\u00a0de los cuatro pa\u00edses sudamericanos y el Parlamento Europeo, lo que estiman podr\u00eda tomar entre<strong>\u00a0a\u00f1o y medio y dos.\u00a0<\/strong>El Gobierno Nacional, elecciones de por medio, esperar\u00e1 a que comiencen las<strong>\u00a0sesiones 2020 para presentarlo en el Congreso.\u00a0<\/strong><\/p>\n<p><strong>Fernando Urdaniz,<\/strong>\u00a0gerente general de Fundaci\u00f3n ProMendoza, particip\u00f3 este martes de una\u00a0<strong>reuni\u00f3n con parte del equipo argentino de negociadores,<\/strong>\u00a0a la que fueron invitados organismos de promoci\u00f3n de las exportaciones de todo el pa\u00eds. Los funcionarios nacionales aclararon que<strong>\u00a0ya est\u00e1 firme todo lo establecido<\/strong>, por lo que no hay margen para discusi\u00f3n, y que una vez que lo apruebe el Parlamento Europeo, comenzar\u00e1 a regir con cada pa\u00eds del Mercosur en el que el Congreso d\u00e9 su aprobaci\u00f3n (no es necesaria la ratificaci\u00f3n de todos).<\/p>\n<p>Urdaniz se\u00f1al\u00f3 que, como la actual gesti\u00f3n est\u00e1 terminando su mandato,<strong>\u00a0no presentar\u00e1n el acuerdo en el Congreso en 2019<\/strong>\u00a0para su ratificaci\u00f3n, sino que le corresponder\u00e1 a quien asuma en diciembre. De ah\u00ed que reci\u00e9n comenzar\u00eda a tratarse cuando comiencen las sesiones el a\u00f1o pr\u00f3ximo.<\/p>\n<p>Asimismo, detall\u00f3 que el 28 de agosto, los mismos funcionarios que presentaron algunos detalles del acuerdo en Buenos Aires<strong>\u00a0estar\u00e1n en la provincia para explicar las implicancias del acuerdo para Mendoza<\/strong>, en una jornada de comercio exterior (con lugar a definir). Urdaniz estim\u00f3 que es probable que entonces se conozcan todos los productos y servicios locales que fueron incluidos.<\/p>\n<h3><strong>Aplauso y desconfianza<\/strong><\/h3>\n<p>En su momento, algunos referentes de distintos sectores productivos y exportadores de la provincia se mostraron entusiasmados por la oportunidad que ofrece<strong>\u00a0poder ingresar sin aranceles<\/strong>\u00a0a un mercado de m\u00e1s de 500 millones de habitantes, con un PBI per c\u00e1pita de 34 mil d\u00f3lares y que importa el\u00a0<strong>17% del total de las compras mundiales de bienes y servicios<\/strong>. Otros, en cambio, manifestaron su preocupaci\u00f3n, porque hay productos que la Uni\u00f3n Europea subsidia, mientras los argentinos tienen alta carga impositiva.<\/p>\n<p>Tambi\u00e9n se desconoc\u00eda, en el caso de aquellos<strong>\u00a0productos y servicios que se ir\u00e1n desgravando de forma progresiva<\/strong>, cu\u00e1l iba a ser el cronograma para los argentinos y para los europeos. En este sentido, se anunci\u00f3 que iba a realizar\u00a0<strong>reuniones sectoriales\u00a0<\/strong>para dar a conocer el sistema que se aplicar\u00e1 para cada una de las posiciones arancelarias.<\/p>\n<h3><strong>Qu\u00e9 se sabe de Mendoza<\/strong><\/h3>\n<p><strong>El 28 de junio los 28 pa\u00edses integrantes de la Uni\u00f3n Europea y los cuatro que conforman el Mercosur<\/strong>\u00a0lograron alcanzar, despu\u00e9s de m\u00e1s de 20 a\u00f1os de negociaciones, un acuerdo de asociaci\u00f3n estrat\u00e9gica. Si bien esto fue celebrado desde el gobierno nacional, en la provincia las novedades fueron recibidas con cierta cautela por diversos sectores, ya que poco se conoc\u00eda de c\u00f3mo se va a ir aplicando la desgravaci\u00f3n impositiva una vez que el tratado de libre comercio entre en vigencia.<\/p>\n<p><strong>Por ahora, se conoce que algunos productos tendr\u00e1n arancel 0\u00a0<\/strong>de manera inmediata. En el caso de las exportaciones mendocinas, esto ocurrir\u00e1 con manzana, pera, durazno y ciruela en fresco.\u00a0<strong>Lo mismo suceder\u00e1 con el aceite de oliva argentino,<\/strong> que podr\u00eda ingresar desde un primer momento sin aranceles a Europa, mientras el europeo tendr\u00e1 una desgravaci\u00f3n lineal y progresiva en 15 a\u00f1os. Pasar\u00e1 lo mismo con los vinos espumantes, cuyo precio por litro sea superior a los 8 d\u00f3lares.<\/p>\n<p><strong>A otros, en cambio, se les ir\u00e1n quitando los aranceles de modo gradual<\/strong>. La cereza, las ciruelas deshidratadas (con y sin carozo) y el durazno en agua edulcorada (lata) se desgravar\u00e1n en siete a\u00f1os. El mismo plazo para que puedan ingresar sin arancel a Europa se fij\u00f3 para el ajo.<\/p>\n<p><strong>En cuanto a los vinos, los tranquilos y espumantes fraccionados en envases de menos de 5 litros se desgravar\u00e1n de modo lineal<\/strong>\u00a0y progresivo en 8 a\u00f1os. Los espumantes con precios inferiores a los 8 d\u00f3lares tendr\u00e1n una eliminaci\u00f3n paulatina de aranceles en 12 a\u00f1os y \u00a0el jugo concentrado de uva (mosto) tendr\u00e1 una desgravaci\u00f3n lineal y gradual en diez a\u00f1os. Los vinos a granel fueron excluidos del acuerdo.<\/p>\n<h3><strong>El impacto de la guerra comercial<\/strong><\/h3>\n<p><strong>La guerra comercial entre China y Estados Unidos parece sumar una sombra m\u00e1s<\/strong>\u00a0a un panorama bastante oscuro para la econom\u00eda nacional. Sin embargo, Mario L\u00e1zzaro, director de ProMendoza, consider\u00f3 poco probable que esta disputa pueda impactar -positiva o negativamente- en las exportaciones mendocinas en el corto plazo.<\/p>\n<p>Esto, porque lo que l<strong>a provincia vende en el exterior son principalmente alimentos y no existe competencia con China<\/strong>. En cambio,<strong>\u00a0el 95% de las exportaciones locales<\/strong>\u00a0al gigante asi\u00e1tico son vinos, pero en este sector Estados Unidos no es uno de los principales proveedores -como s\u00ed lo son Espa\u00f1a, Italia, Francia, Australia y Chile. De ah\u00ed que la aplicaci\u00f3n de aranceles a los vinos norteamericanos no implicar\u00eda mayores oportunidades para los mendocinos, que para ingresar al mercado chino deben\u00a0<strong>pagar 16% de impuestos.<\/strong><\/p>\n<p>L\u00e1zzaro consider\u00f3 que, por ahora,\u00a0<strong>la \u201cescalada\u201d en la guerra comercial beneficia a ambos pa\u00edses<\/strong>\u00a0en pugna: Donald Trump, en campa\u00f1a electoral, necesitaba que la Reserva Federal bajara la tasa de inter\u00e9s; y China aprovech\u00f3 el tweet del presidente de Estados Unidos para devaluar un poco su moneda (el a\u00f1o pasado el d\u00f3lar cotizaba a 6,70 yuanes; ahora a 7), para ser m\u00e1s competitiva en los mercados europeos.<\/p>\n<div class=\"peperito-text\">\n<div class=\"col-xs-20\">El director de ProMendoza se\u00f1al\u00f3 que la<strong>\u00a0Argentina s\u00ed podr\u00eda verse perjudicada, como numerosos otros pa\u00edses, si la guerra comercial tomara otras dimensiones\u00a0<\/strong>y la econom\u00eda mundial se enfriara.<\/div>\n<div>Fuente: Los Andes<\/div>\n<\/div>\n","protected":false},"excerpt":{"rendered":"<p>roductores locales de diferentes sectores a\u00fan no saben si quedar\u00e1n incluidos o no en el tratado. Aunque ya se cumpli\u00f3 un mes de que se firmara el acuerdo de libre&#8230;<\/p>\n","protected":false},"author":1,"featured_media":9611,"comment_status":"closed","ping_status":"open","sticky":false,"template":"","format":"image","meta":[],"categories":[45],"tags":[],"_links":{"self":[{"href":"https:\/\/www.promendoza.com\/en\/wp-json\/wp\/v2\/posts\/9610"}],"collection":[{"href":"https:\/\/www.promendoza.com\/en\/wp-json\/wp\/v2\/posts"}],"about":[{"href":"https:\/\/www.promendoza.com\/en\/wp-json\/wp\/v2\/types\/post"}],"author":[{"embeddable":true,"href":"https:\/\/www.promendoza.com\/en\/wp-json\/wp\/v2\/users\/1"}],"replies":[{"embeddable":true,"href":"https:\/\/www.promendoza.com\/en\/wp-json\/wp\/v2\/comments?post=9610"}],"version-history":[{"count":2,"href":"https:\/\/www.promendoza.com\/en\/wp-json\/wp\/v2\/posts\/9610\/revisions"}],"predecessor-version":[{"id":9613,"href":"https:\/\/www.promendoza.com\/en\/wp-json\/wp\/v2\/posts\/9610\/revisions\/9613"}],"wp:featuredmedia":[{"embeddable":true,"href":"https:\/\/www.promendoza.com\/en\/wp-json\/wp\/v2\/media\/9611"}],"wp:attachment":[{"href":"https:\/\/www.promendoza.com\/en\/wp-json\/wp\/v2\/media?parent=9610"}],"wp:term":[{"taxonomy":"category","embeddable":true,"href":"https:\/\/www.promendoza.com\/en\/wp-json\/wp\/v2\/categories?post=9610"},{"taxonomy":"post_tag","embeddable":true,"href":"https:\/\/www.promendoza.com\/en\/wp-json\/wp\/v2\/tags?post=9610"}],"curies":[{"name":"wp","href":"https:\/\/api.w.org\/{rel}","templated":true}]}}