{"id":9619,"date":"2019-08-27T15:56:25","date_gmt":"2019-08-27T15:56:25","guid":{"rendered":"https:\/\/www.promendoza.com\/?p=9619"},"modified":"2020-01-10T16:00:10","modified_gmt":"2020-01-10T16:00:10","slug":"pyme-mendocina-exporto-20-contenedores-de-transformadores-a-oriente-eeuu-y-canada-2","status":"publish","type":"post","link":"https:\/\/www.promendoza.com\/en\/pyme-mendocina-exporto-20-contenedores-de-transformadores-a-oriente-eeuu-y-canada-2\/","title":{"rendered":"Pyme mendocina export\u00f3 20 contenedores de transformadores a Oriente, EEUU y Canad\u00e1"},"content":{"rendered":"<style type=\"text\/css\"><\/style><h5 class=\"m_-8750102379496124741ydp8f148b59yiv8224376023MsoNormal\">La empresa mendocina Artrans, que trabaja con ProMendoza para diversificar los mercados internacionales y participando de misiones comerciales, concret\u00f3 este a\u00f1o la venta al exterior de m\u00e1s de 40 transformadores listos para funcionar.<s><\/s><\/h5>\n<p class=\"m_-8750102379496124741ydp8f148b59yiv8224376023MsoNormal\">La compa\u00f1\u00eda especializada en la fabricaci\u00f3n y exportaci\u00f3n de transformadores ya export\u00f3 en lo que va del a\u00f1o, m\u00e1s de 20 contenedores con transformadores, en su mayor\u00eda para el sector petrolero, que\u00a0<span lang=\"ES-AR\">partieron<\/span>\u00a0a pa\u00edses de Medio Oriente, entre ellos Irak y Egipto, EEUU y Canad\u00e1.\u00a0En esta operaci\u00f3n en particular salieron 10 contenedores para el mercado petrolero de Egipto.<\/p>\n<p class=\"m_-8750102379496124741ydp8f148b59yiv8224376023MsoNormal\">En todos los casos las empresas compradoras son multinacionales de distintos rubros y usuarios finales del producto mendocino.<\/p>\n<p class=\"m_-8750102379496124741ydp8f148b59yiv8224376023MsoNormal\"><b>Una empresa con pol\u00edtica exportadora<\/b><\/p>\n<p class=\"m_-8750102379496124741ydp8f148b59yiv8224376023MsoNormal\">Desde sus comienzos, el presidente de Artrans, Rub\u00e9n Caparotta, ha tenido una pol\u00edtica exportadora, desarrollando su estructura interna pensada desde el comercio exterior. \u201cPriorizamos el servicio al cliente, realizamos producto fuerte, con la flexibilidad de adaptaci\u00f3n a los requerimientos de cada mercado espec\u00edfico, lo cual nos da una diferenciaci\u00f3n de nuestra oferta\u201d, expres\u00f3 Germ\u00e1n Rodr\u00edguez, gerente comercial de la empresa.<\/p>\n<p class=\"m_-8750102379496124741ydp8f148b59yiv8224376023MsoNormal\">\u201cHemos desarrollado un producto de gran confiabilidad, porque trabajamos para una industria en donde los errores pueden acarrear grandes problemas y en consecuencia perder clientes. Ante el m\u00ednimo inconveniente, siempre damos una respuesta inmediata\u201d, dijo Rodr\u00edguez.<\/p>\n<p class=\"m_-8750102379496124741ydp8f148b59yiv8224376023MsoNormal\">\u201cSiempre hemos estado presentes en el mercado internacional, s\u00f3lo que ha cambiado la competencia. Hace unos a\u00f1os compet\u00edamos con fabricantes de Europa y EEUU y hoy nuestra mayor competencia est\u00e1 en la India y Europa del Este\u201d, aclar\u00f3 el gerente. Adem\u00e1s, agreg\u00f3: \u201cEstamos evaluando participar del\u00a0<em>hub<\/em>\u00a0log\u00edstico en Dub\u00e1i, porque nos servir\u00eda tener stock en la regi\u00f3n.\u00a0Es una muy interesante herramienta desarrollada por ProMendoza que entendemos puede darnos a futuro otro factor de diferenciaci\u00f3n\u201d.<\/p>\n<p class=\"m_-8750102379496124741ydp8f148b59yiv8224376023MsoNormal\">\u201cHemos sobrevivido a todos los modelos econ\u00f3micos, por nuestra la pol\u00edtica de exportaci\u00f3n y de esfuerzo, con una presencia permanente en los mercados de inter\u00e9s, esa ha sido nuestra l\u00ednea principal de trabajo\u201d, coment\u00f3 Germ\u00e1n Rodr\u00edguez.<\/p>\n<p class=\"m_-8750102379496124741ydp8f148b59yiv8224376023MsoNormal\">La sustituci\u00f3n de importaciones ha sido tambi\u00e9n para la empresa una importante manera de realizar negocio y derramando beneficios para la provincia. \u201cTenemos un importante desarrollo en el mercado interno, muchas de las ventas sustituci\u00f3n de importaciones, por ejemplo los trasformadores para proyectos e\u00f3licos, que deber\u00edan importarse pero hemos podido cubrir esa necesidad interna\u201d, culmin\u00f3 Rodr\u00edguez.<\/p>\n<p>Fuente:Prensa Gobierno de Mendoza<\/p>\n","protected":false},"excerpt":{"rendered":"<p>La empresa mendocina Artrans, que trabaja con ProMendoza para diversificar los mercados internacionales y participando de misiones comerciales, concret\u00f3 este a\u00f1o la venta al exterior de m\u00e1s de 40 transformadores&#8230;<\/p>\n","protected":false},"author":1,"featured_media":9620,"comment_status":"closed","ping_status":"open","sticky":false,"template":"","format":"image","meta":[],"categories":[47],"tags":[],"_links":{"self":[{"href":"https:\/\/www.promendoza.com\/en\/wp-json\/wp\/v2\/posts\/9619"}],"collection":[{"href":"https:\/\/www.promendoza.com\/en\/wp-json\/wp\/v2\/posts"}],"about":[{"href":"https:\/\/www.promendoza.com\/en\/wp-json\/wp\/v2\/types\/post"}],"author":[{"embeddable":true,"href":"https:\/\/www.promendoza.com\/en\/wp-json\/wp\/v2\/users\/1"}],"replies":[{"embeddable":true,"href":"https:\/\/www.promendoza.com\/en\/wp-json\/wp\/v2\/comments?post=9619"}],"version-history":[{"count":1,"href":"https:\/\/www.promendoza.com\/en\/wp-json\/wp\/v2\/posts\/9619\/revisions"}],"predecessor-version":[{"id":9621,"href":"https:\/\/www.promendoza.com\/en\/wp-json\/wp\/v2\/posts\/9619\/revisions\/9621"}],"wp:featuredmedia":[{"embeddable":true,"href":"https:\/\/www.promendoza.com\/en\/wp-json\/wp\/v2\/media\/9620"}],"wp:attachment":[{"href":"https:\/\/www.promendoza.com\/en\/wp-json\/wp\/v2\/media?parent=9619"}],"wp:term":[{"taxonomy":"category","embeddable":true,"href":"https:\/\/www.promendoza.com\/en\/wp-json\/wp\/v2\/categories?post=9619"},{"taxonomy":"post_tag","embeddable":true,"href":"https:\/\/www.promendoza.com\/en\/wp-json\/wp\/v2\/tags?post=9619"}],"curies":[{"name":"wp","href":"https:\/\/api.w.org\/{rel}","templated":true}]}}