{"id":9624,"date":"2019-09-01T12:04:29","date_gmt":"2019-09-01T12:04:29","guid":{"rendered":"https:\/\/www.promendoza.com\/?p=9624"},"modified":"2020-01-13T12:17:40","modified_gmt":"2020-01-13T12:17:40","slug":"retenciones-mendoza-pago-3-800-millones-en-diez-meses","status":"publish","type":"post","link":"https:\/\/www.promendoza.com\/en\/retenciones-mendoza-pago-3-800-millones-en-diez-meses\/","title":{"rendered":"Retenciones: Mendoza pag\u00f3 $3.800 millones en diez meses"},"content":{"rendered":"<style type=\"text\/css\"><\/style><h3>Solo las bodegas pagaron $ 1.824 millones. Preocupa el escenario de inflaci\u00f3n y el traslado del d\u00f3lar a los costos internos<\/h3>\n<p>Desde que el Gobierno Nacional implement\u00f3 los<strong>\u00a0\u201cderechos de exportaci\u00f3n\u201d\u00a0<\/strong>(retenciones)<strong>\u00a0de $ 3 y \u00a0 $ 4 por d\u00f3lar exportado,<\/strong>\u00a0las empresas mendocinas pagaron $ 3.792,1 millones por ese impuesto. En l\u00edneas generales, los especialistas advierten que la carga tributaria no ha contrarrestado la competitividad ganada con la suba del tipo de cambio, pero los costos internos s\u00ed est\u00e1n ejerciendo presi\u00f3n sobre los m\u00e1rgenes de rentabilidad.<\/p>\n<p>Seg\u00fan estad\u00edsticas de ProMendoza,\u00a0<strong>entre setiembre de 2018 y junio de 2019 (<\/strong>\u00faltimos datos disponibles),\u00a0<strong>la provincia registr\u00f3 exportaciones por U$S 1.228,9 millones<\/strong>\u00a0FOB (libre a bordo). De ese monto, U$S 794,1 millones corresponden a las manufacturas de origen agropecuario (MOA), \u00a0U$S 235,4 millones a las manufacturas de origen industrial (MOI), \u00a0 \u00a0 \u00a0U$S 141,9 millones a los productos primarios y U$S 45,2 millones a combustibles y energ\u00eda.<\/p>\n<p>Esos resultados\u00a0<strong>permiten conocer cu\u00e1nto pagaron exactamente los exportadores\u00a0<\/strong>mendocinos por los derechos de exportaci\u00f3n. Es que el Decreto 793\/2018 del Ministerio de Hacienda de la Naci\u00f3n,<strong>\u00a0publicado en setiembre de 2018<\/strong>, determin\u00f3 que a partir de ese mes los productos primarios deb\u00edan tributar $ 4 por d\u00f3lar exportado, mientras que las manufacturas y los combustibles tienen que abonar $ 3 por d\u00f3lar.<\/p>\n<p><strong>Si bien el Gobierno redujo de $ 4 a $ 3<\/strong> la carga tributaria para algunos productos primarios, dicha modificaci\u00f3n entr\u00f3 en vigencia reci\u00e9n en julio de este a\u00f1o, por lo que ese cambio no est\u00e1 comprendido dentro de los n\u00fameros presentados en esta nota.<\/p>\n<p>En total, las manufacturas de origen agrocupecuario de<strong>\u00a0Mendoza pagaron $ 2.382,3 millones de derechos de exportaci\u00f3n.<\/strong>\u00a0Ese valor incluye todo lo aportado por el vino, que en los diez meses analizados sufri\u00f3 una retenci\u00f3n de\u00a0<strong>$ 1.824,6 millones<\/strong>, aunque una parte ser\u00e1 devuelta a las bodegas en concepto de \u201creintegros\u201d. Se destacan tambi\u00e9n los productos oliv\u00edcolas. Entre el aceite de oliva y las aceitunas en conserva pagaron retenciones por $<strong>\u00a078,4 millones.<\/strong><\/p>\n<p>En lo que respecta a las manufacturas de origen industrial, el monto tributado fue de $ 706,2 millones y el rubro que m\u00e1s pag\u00f3 fue el de<strong>\u00a0\u201cmaterias pl\u00e1sticas artificiales\u201d, con $ 356,9 millones.<\/strong><\/p>\n<p>Por su parte, los productos primarios, que tienen\u00a0<strong>una carga de $ 4 por d\u00f3lar exportado, \u00a0desembolsaron $ 567,7 millones.\u00a0<\/strong>Dentro de esa categor\u00eda, los que m\u00e1s han pagado en concepto de retenciones han sido los ajeros, con $ 306,9 millones, seguidos por los productores de peras, \u00a0que tributaron $ 98,4 millones desde que se aplicararon los derechos de exportaci\u00f3n.<\/p>\n<p>En tanto, las empresas exportadoras de combustibles y energ\u00eda debieron enfrentar una\u00a0<strong>retenci\u00f3n de $ 135,8 millones entre septiembre del a\u00f1o pasado y el primer semestre de este a\u00f1o.\u00a0<\/strong><\/p>\n<p>&nbsp;<\/p>\n<h3><strong>Competitividad vs costos<\/strong><\/h3>\n<p>La implementaci\u00f3n de los derechos de exportaci\u00f3n lleg\u00f3 un momento muy particular, en el que los exportadores acaban \u00a0de ganar casi un 40% de competitividad con la suba del d\u00f3lar registrada durante\u00a0<strong>agosto de 2018\u00a0<\/strong>(ese mes la cotizaci\u00f3n de la moneda estadounidense pas\u00f3 de $ 28 a $ 39). Sin embargo, la aplicaci\u00f3n de las retenciones absorbi\u00f3 de forma inmediata parte de esa ventaja y al mismo tiempo, la inflaci\u00f3n se aceler\u00f3 y comenz\u00f3 a ejercer presi\u00f3n sobre los costos de las empresas.<\/p>\n<p>Como punto a favor, es importante mencionar que\u00a0<strong>la incidencia del impuesto ha disminuido desde su aplicaci\u00f3n,\u00a0<\/strong>teniendo en cuenta que el d\u00f3lar tuvo un salto m\u00e1s que considerable y valor nominal del impuesto se mantuvo sin cambios.<\/p>\n<p>En detalle, el d\u00f3lar ten\u00eda una\u00a0<strong>cotizaci\u00f3n de $ 39<\/strong>\u00a0cuando se aplicaron las retenciones y se vende a un valor<strong>\u00a0promedio de $ 60 en la actualidad<\/strong>. Es decir que el monto en pesos que reciben los exportadores por cada d\u00f3lar que vale su mercader\u00eda se increment\u00f3 53,8%, mientras que la retenci\u00f3n fue siempre la misma. Dicho de otra forma, al principio los exportadores\u00a0<strong>deb\u00edan destinar el 7,6% de su ganancia al pago de los derechos de exportaci\u00f3n y ahora destinan el 5%.<\/strong><\/p>\n<p>Eso no compensa por supuesto el efecto negativo que la inflaci\u00f3n ejerce sobre los costos internos. El gerente de Bodegas de Argentina, Juan Carlos Pina, se refiri\u00f3 a ese problema.\u00a0<strong>\u201cEs muy dif\u00edcil determinar si hemos ganado o perdido competitividad en los \u00faltimos meses, m\u00e1s all\u00e1 de la incidencia que tienen las retenciones. Es f\u00e1cil suponer que con un tipo de cambio alto estamos en una buena posici\u00f3n, pero lo cierto es que la ventaja competitiva de cada devaluaci\u00f3n no dura m\u00e1s de tres o cuatro meses. En ese tiempo la inflaci\u00f3n elimina completamente la competitividad ganada\u201d<\/strong>, coment\u00f3.<\/p>\n<p>Tambi\u00e9n dej\u00f3 su opini\u00f3n Mario Bustos Carra, gerente general de la C\u00e1mara de Comercio Exterior de Cuyo, quien observ\u00f3 que las retenciones afectaron a la competitividad de los exportadores, porque no estaban contempladas en sus planes de trabajo.\u00a0<strong>\u201cEsto coincidi\u00f3 adem\u00e1s con la baja en los reintegros que se hab\u00eda producido unos d\u00edas antes\u201d,\u00a0<\/strong>indic\u00f3.<\/p>\n<p><strong>\u201cPor otro lado, la suba del tipo de cambio se traslad\u00f3 r\u00e1pidamente a precios. Generalmente cuando el d\u00f3lar sube se advierte que es algo positivo para los exportadores, pero este no ha sido el caso\u201d<\/strong>, lament\u00f3 Carra.<\/p>\n<p>Tuvo una mirada m\u00e1s optimista Mario L\u00e1zzaro, director de ProMendoza.\u00a0<strong>\u201cHay costos fijos que no han aumentado al mismo ritmo que el d\u00f3lar, lo que ha permitido ganar competitividad a los exportadores, m\u00e1s all\u00e1 de la inflaci\u00f3n y las retenciones\u201d,<\/strong>\u00a0asegur\u00f3.<\/p>\n<p><strong>\u201cEsto se evidencia con un crecimiento en el volumen de exportaci\u00f3n, incluyendo rangos de precios bajos que hab\u00edamos perdido por nuestros altos costos. Claramente es un buen momento para que m\u00e1s empresas exporten, m\u00e1s aun teniendo en cuenta que no son buenas las expectativas de consumo dentro del pa\u00eds\u201d<\/strong>, opin\u00f3.<\/p>\n<p>Por su parte, Daniel Garro, economista y director de Value International Group, coment\u00f3 que la suba del tipo de cambio ha tenido un traslado importante a precios, especialmente para aquellas empresas que tienen insumos importados. En relaci\u00f3n a las retenciones, advirti\u00f3 que\u00a0<strong>\u201celevan el costo de producir y vender en relaci\u00f3n a otros pa\u00edses, ya que, casi no existe en el mundo un impuesto similar\u201d.<\/strong><\/p>\n<p>Sebasti\u00e1n Laza, asesor del Ministerio de Econom\u00eda de Mendoza, se\u00f1al\u00f3 que\u00a0<strong>\u201cla mejora del tipo de cambio permiti\u00f3 ganar competitividad a los exportadores, pese a las retenciones y la inflaci\u00f3n\u201d.<\/strong>\u00a0De hecho, consider\u00f3 que<strong>\u00a0\u201cla ventaja se mantendr\u00e1 y el volumen exportado se ir\u00e1 incrementando trimestre a trimestre\u201d.<\/strong><\/p>\n<p>Fuente: Los Andes<\/p>\n<p>&nbsp;<\/p>\n<p>&nbsp;<\/p>\n<p>&nbsp;<\/p>\n<p>&nbsp;<\/p>\n","protected":false},"excerpt":{"rendered":"<p>Solo las bodegas pagaron $ 1.824 millones. Preocupa el escenario de inflaci\u00f3n y el traslado del d\u00f3lar a los costos internos Desde que el Gobierno Nacional implement\u00f3 los\u00a0\u201cderechos de exportaci\u00f3n\u201d\u00a0(retenciones)\u00a0de&#8230;<\/p>\n","protected":false},"author":1,"featured_media":9625,"comment_status":"closed","ping_status":"open","sticky":false,"template":"","format":"image","meta":[],"categories":[47],"tags":[],"_links":{"self":[{"href":"https:\/\/www.promendoza.com\/en\/wp-json\/wp\/v2\/posts\/9624"}],"collection":[{"href":"https:\/\/www.promendoza.com\/en\/wp-json\/wp\/v2\/posts"}],"about":[{"href":"https:\/\/www.promendoza.com\/en\/wp-json\/wp\/v2\/types\/post"}],"author":[{"embeddable":true,"href":"https:\/\/www.promendoza.com\/en\/wp-json\/wp\/v2\/users\/1"}],"replies":[{"embeddable":true,"href":"https:\/\/www.promendoza.com\/en\/wp-json\/wp\/v2\/comments?post=9624"}],"version-history":[{"count":1,"href":"https:\/\/www.promendoza.com\/en\/wp-json\/wp\/v2\/posts\/9624\/revisions"}],"predecessor-version":[{"id":9626,"href":"https:\/\/www.promendoza.com\/en\/wp-json\/wp\/v2\/posts\/9624\/revisions\/9626"}],"wp:featuredmedia":[{"embeddable":true,"href":"https:\/\/www.promendoza.com\/en\/wp-json\/wp\/v2\/media\/9625"}],"wp:attachment":[{"href":"https:\/\/www.promendoza.com\/en\/wp-json\/wp\/v2\/media?parent=9624"}],"wp:term":[{"taxonomy":"category","embeddable":true,"href":"https:\/\/www.promendoza.com\/en\/wp-json\/wp\/v2\/categories?post=9624"},{"taxonomy":"post_tag","embeddable":true,"href":"https:\/\/www.promendoza.com\/en\/wp-json\/wp\/v2\/tags?post=9624"}],"curies":[{"name":"wp","href":"https:\/\/api.w.org\/{rel}","templated":true}]}}