{"id":9635,"date":"2019-09-10T12:26:11","date_gmt":"2019-09-10T12:26:11","guid":{"rendered":"https:\/\/www.promendoza.com\/?p=9635"},"modified":"2020-01-13T12:31:13","modified_gmt":"2020-01-13T12:31:13","slug":"importadores-de-14-paises-participaron-del-argentina-wine-business-trip","status":"publish","type":"post","link":"https:\/\/www.promendoza.com\/en\/importadores-de-14-paises-participaron-del-argentina-wine-business-trip\/","title":{"rendered":"Importadores de 14 pa\u00edses participaron del \u201cArgentina Wine Business Trip\u201d"},"content":{"rendered":"<style type=\"text\/css\"><\/style><p>Del evento tambi\u00e9n formaron parte 94 bodegas nacionales. La feria sirvi\u00f3 para que las pymes locales pudieran comenzar a abrirse paso en el mercado internacional<\/p>\n<p>Este lunes y martes,\u00a0<a href=\"https:\/\/elintransigente.com\/?s=mendoza\">Mendoza<\/a>\u00a0fue sede del primer encuentro \u201cArgentina Wine Business Trip\u201d, un evento destinado a reunir a productores locales de vino a granel con importadores de 14 pa\u00edses. La actividad fue organizada de manera conjunta por la\u00a0<strong>C\u00e1mara Argentina de Vinos a Granel<\/strong>,\u00a0<strong>ProMendoza<\/strong>, el\u00a0<strong>Consejo Federal de Inversiones\u00a0<\/strong>(CIF), la\u00a0<strong>World Bulk Wine Exhibition\u00a0<\/strong>y el Gobierno de Mendoza. En ambas jornadas, se destac\u00f3 la relaci\u00f3n precio-calidad de la oferta nacional y, aunque se vendieron 2,5 millones de litros, los participantes consideraron que se concretaron escasas operaciones.<\/p>\n<p>De 10:00 a 14:00, los d\u00edas 9 y 10 de septiembre el sal\u00f3n Fader del Hotel Sheraton sirvi\u00f3 de escenario para que 94 bodegueros argentinos y 28 compradores extranjeros pudieran entablar sus primeros contactos comerciales. La degustaci\u00f3n de muestras de varietales y gen\u00e9ricos fue la carta de presentaci\u00f3n de las empresas nacionales en su intento por ganar terreno dentro de la escena global y sortear las dificultades de un mercado interno deteriorado. Por su parte, los capitales internacionales \u2015provenientes de China, Finlandia, B\u00e9lgica, Espa\u00f1a y Francia, entre otros pa\u00edses\u2015 arribaron a la Argentina con la promesa o, al menos, el inter\u00e9s por incluir productos locales en sus negocios.<\/p>\n<p>En este Encuentro Internacional de Compradores de Vino a Granel, las pymes nacionales dedicadas a este rubro, en su mayor\u00eda mendocinas, buscaron comenzar a ganar terreno fuera de las fronteras nacionales y posicionarse como proveedoras a largo plazo en el hemisferio sur. La tarea no ser\u00e1 sencilla, pues deben enfrentarse a Chile, pa\u00eds que cuenta con un respaldo mayor en materia de pol\u00edticas comerciales. Es por ello que el sector reclama el apoyo del Gobierno para volcar en el mercado extranjero los excedentes que no pueden colocar en el comercio interno. Principalmente, exigen una revisi\u00f3n de los aranceles que deben afrontar en sus operaciones.<\/p>\n<p>Cada una de las bodegas y fincas que formaron parte del \u201cArgentina Wine Business Trip\u201d contaba con su propio mes\u00f3n, sobre el cual exhib\u00edan su oferta de vinos. Los compradores se acercaban a los stands para degustar las propuestas de los negocios locales e intercambiar correos electr\u00f3nicos para futuras conversaciones. En la mayor\u00eda de los casos, ten\u00edan bien en claro lo que ven\u00edan a buscar en esta feria, por lo que sus negociaciones con los productores iban al hueso. Tras su recorrida por varios puestos, los importadores supieron destacar los precios competitivos y la calidad de los productos argentinos.<\/p>\n<p>Uno de los varietales m\u00e1s pedidos fue el Malbec, aunque tambi\u00e9n hubo quienes arribaron a Mendoza en busca de\u00a0blends. Cual si fueran laboratorios, en algunos stands, los en\u00f3logos combinaban a pedido distintas variedades de vino para aproximarse a los par\u00e1metros exigidos por su potencial cliente. Es que una de las preocupaciones principales de los inversores, adem\u00e1s del precio, era que el producto se ajustara al paladar de su mercado meta. Entre degustaciones e intercambios de tarjetas, se vendieron 2,5 millones de litros de vino, seg\u00fan inform\u00f3 el Gobierno de Mendoza. Sin embargo, entre los presentes, se percib\u00eda que esta feria sirvi\u00f3 m\u00e1s para establecer un primer contacto con compa\u00f1\u00edas extranjeras que para cerrar operaciones con ellas.<\/p>\n<p>Adem\u00e1s de contar con la participaci\u00f3n de referentes nacionales e internacionales de la industria vitivin\u00edcola, este martes el evento tuvo la presencia del gobernador de Mendoza,\u00a0<strong><a href=\"https:\/\/elintransigente.com\/?s=Alfredo+Cornejo\">Alfredo Cornejo<\/a><\/strong>; del ministro de Econom\u00eda, Infraestructura y Energ\u00eda provincial,\u00a0<strong>Mart\u00edn Kerchner<\/strong>, y del candidato a vicegobernador por el oficialismo e intendente del departamento de Jun\u00edn,\u00a0<strong>Mario Abed<\/strong>. El mandatario local, quien se ha alejado en el \u00faltimo tiempo del presidente\u00a0<strong><a href=\"https:\/\/elintransigente.com\/?s=Mauricio+Macri%C2%B4\">Mauricio Macri<\/a><\/strong>, salud\u00f3 a las pymes y compradores que se sumaron a la iniciativa, aunque no dio declaraciones a la prensa.<\/p>\n<p>Fuente: El Intransigente<\/p>\n<p>&nbsp;<\/p>\n","protected":false},"excerpt":{"rendered":"<p>Del evento tambi\u00e9n formaron parte 94 bodegas nacionales. La feria sirvi\u00f3 para que las pymes locales pudieran comenzar a abrirse paso en el mercado internacional Este lunes y martes,\u00a0Mendoza\u00a0fue sede&#8230;<\/p>\n","protected":false},"author":1,"featured_media":9636,"comment_status":"closed","ping_status":"open","sticky":false,"template":"","format":"image","meta":[],"categories":[3],"tags":[],"_links":{"self":[{"href":"https:\/\/www.promendoza.com\/en\/wp-json\/wp\/v2\/posts\/9635"}],"collection":[{"href":"https:\/\/www.promendoza.com\/en\/wp-json\/wp\/v2\/posts"}],"about":[{"href":"https:\/\/www.promendoza.com\/en\/wp-json\/wp\/v2\/types\/post"}],"author":[{"embeddable":true,"href":"https:\/\/www.promendoza.com\/en\/wp-json\/wp\/v2\/users\/1"}],"replies":[{"embeddable":true,"href":"https:\/\/www.promendoza.com\/en\/wp-json\/wp\/v2\/comments?post=9635"}],"version-history":[{"count":1,"href":"https:\/\/www.promendoza.com\/en\/wp-json\/wp\/v2\/posts\/9635\/revisions"}],"predecessor-version":[{"id":9637,"href":"https:\/\/www.promendoza.com\/en\/wp-json\/wp\/v2\/posts\/9635\/revisions\/9637"}],"wp:featuredmedia":[{"embeddable":true,"href":"https:\/\/www.promendoza.com\/en\/wp-json\/wp\/v2\/media\/9636"}],"wp:attachment":[{"href":"https:\/\/www.promendoza.com\/en\/wp-json\/wp\/v2\/media?parent=9635"}],"wp:term":[{"taxonomy":"category","embeddable":true,"href":"https:\/\/www.promendoza.com\/en\/wp-json\/wp\/v2\/categories?post=9635"},{"taxonomy":"post_tag","embeddable":true,"href":"https:\/\/www.promendoza.com\/en\/wp-json\/wp\/v2\/tags?post=9635"}],"curies":[{"name":"wp","href":"https:\/\/api.w.org\/{rel}","templated":true}]}}