{"id":9682,"date":"2019-10-16T13:22:18","date_gmt":"2019-10-16T13:22:18","guid":{"rendered":"https:\/\/www.promendoza.com\/?p=9682"},"modified":"2020-01-13T13:28:10","modified_gmt":"2020-01-13T13:28:10","slug":"hay-menos-exportadores-pese-al-crecimiento-de-ventas-al-exterior","status":"publish","type":"post","link":"https:\/\/www.promendoza.com\/en\/hay-menos-exportadores-pese-al-crecimiento-de-ventas-al-exterior\/","title":{"rendered":"Hay menos exportadores, pese al crecimiento de ventas al exterior"},"content":{"rendered":"<style type=\"text\/css\"><\/style><h3>La mejora del tipo de cambio provoc\u00f3 una reacci\u00f3n positiva en el volumen comercializado por la provincia en los mercados internacionales.<\/h3>\n<p>Las reiteradas subas del d\u00f3lar registradas durante el \u00faltimo a\u00f1o\u00a0<strong>formaron un escenario favorable para los exportadores locales,<\/strong>\u00a0lo que se tradujo en incremento pronunciado de los env\u00edos de Mendoza al exterior. Sin embargo, cay\u00f3 considerablemente el n\u00famero de empresas mendocinas que comercializan sus productos en el mundo,<strong>\u00a0lo que significa que el negocio creci\u00f3, pero se concentr\u00f3 en menos manos.\u00a0<\/strong><\/p>\n<p>Un an\u00e1lisis de los n\u00fameros en detalle permite entender mejor lo ocurre en la provincia. Seg\u00fan estad\u00edsticas elaboradas por ProMendoza en base a datos de Aduana, en 2017 hab\u00eda 651 empresas locales exportadoras.\u00a0<strong>El n\u00famero mejor\u00f3 en 2018 (670), pero muestra un retroceso en 2019 (598), marcando una ca\u00edda del 10%.<\/strong><\/p>\n<p><a href=\"https:\/\/www.promendoza.com\/wp-content\/uploads\/2020\/01\/image5da6720725811.jpg\"><img loading=\"lazy\" class=\"aligncenter size-full wp-image-9683\" src=\"https:\/\/www.promendoza.com\/wp-content\/uploads\/2020\/01\/image5da6720725811.jpg\" alt=\"\" width=\"850\" height=\"551\" srcset=\"https:\/\/www.promendoza.com\/wp-content\/uploads\/2020\/01\/image5da6720725811.jpg 850w, https:\/\/www.promendoza.com\/wp-content\/uploads\/2020\/01\/image5da6720725811-300x194.jpg 300w, https:\/\/www.promendoza.com\/wp-content\/uploads\/2020\/01\/image5da6720725811-768x498.jpg 768w, https:\/\/www.promendoza.com\/wp-content\/uploads\/2020\/01\/image5da6720725811-580x376.jpg 580w, https:\/\/www.promendoza.com\/wp-content\/uploads\/2020\/01\/image5da6720725811-820x532.jpg 820w\" sizes=\"(max-width: 850px) 100vw, 850px\" \/><\/a><\/p>\n<p>Al mismo tiempo, las ventas al exterior tuvieron un salto considerable en cantidades. De acuerdo a datos publicados por la Direcci\u00f3n de Estad\u00edstica e Investigaciones Econ\u00f3micas (DEIE), en los primeros seis meses de 2017 la provincia export\u00f3 400,7 millones de kilos en mercader\u00eda, sumando los rubros de\u00a0<strong>\u201ccombustibles y energ\u00eda\u201d, \u201cmanufacturas de origen agropecuario\u201d<\/strong>,\u00a0<strong>\u201cmanufacturas de origen industrial\u201d\u00a0<\/strong>y\u00a0<strong>\u201cproductos primarios\u201d<\/strong>. Entre enero y junio de 2018 los env\u00edos crecieron un 22% y<strong>\u00a0en 2019 aumentaron un 15% m\u00e1s.\u00a0<\/strong><\/p>\n<p>Lo negativo es que las exportaciones se contrajeron en valor. En el primer semestre del a\u00f1o pasado<strong>\u00a0Mendoza export\u00f3 U$S 713,7 millones y en igual per\u00edodo de 2019 la provincial alcanz\u00f3 los U$S 693,2 millones.<\/strong><\/p>\n<h3><strong>Ca\u00edda inesperada<\/strong><\/h3>\n<p>La reducci\u00f3n en la cantidad de empresas exportadoras llam\u00f3 la atenci\u00f3n entre los especialistas. Mario L\u00e1zzaro, director de ProMendoza, se mostr\u00f3 sorprendido por el resultado, \u201cteniendo en cuenta la mejora de las exportaciones, aunque aclar\u00f3 que aun resta completar parte de la serie estad\u00edstica.\u00a0<strong>\u201cEl dato de 2017 y 2018 muestra el a\u00f1o completo y el 2019 llega hasta agosto, por lo que algunas empresas m\u00e1s pueden sumarse en la \u00faltima parte del a\u00f1o. Aun as\u00ed la ca\u00edda no deja de sorprender\u201d<\/strong>, indic\u00f3.<\/p>\n<p>En busca de una explicaci\u00f3n a la reducci\u00f3n de firmas exportadoras, L\u00e1zzaro observ\u00f3 que\u00a0<strong>\u201calgunos productos, como por ejemplo la ciruela, tuvieron un nivel bajo de producci\u00f3n y se sostuvieron solo por las grandes empresas\u201d<\/strong>, dejando de lado la participaci\u00f3n de productores m\u00e1s chicos.<\/p>\n<div id=\"hybs-mslot-1467018f-1\" class=\"hybs-mslot\"><strong>\u201cEs posible tambi\u00e9n que haya m\u00e1s asociatividad (empresas que unifican su producci\u00f3n en un solo env\u00edo para bajar costos log\u00edsticos) y que algunas compa\u00f1\u00edas que comenzaron a exportar en 2018, tras la suba del d\u00f3lar, aun est\u00e9n esperando repetir el negocio\u201d<\/strong>, se\u00f1al\u00f3.<\/div>\n<div><\/div>\n<div class=\"margin-bottom-1x margin-top-1x\">Sebasti\u00e1n Laza, asesor del Ministerio de Econom\u00eda de Mendoza, consider\u00f3 que el \u201c<strong>asociativismo<\/strong>\u201d por s\u00ed solo no justifica una ca\u00edda tan importante en la cantidad de exportadores. S\u00ed opin\u00f3 que, con el tipo de cambio m\u00e1s favorable,\u00a0<strong>\u201cpodr\u00edan sumarse m\u00e1s exportadores hacia fin de a\u00f1o\u201d.\u00a0<\/strong><\/div>\n<div><\/div>\n<div class=\"peperito-text\">\n<div class=\"col-xs-20\">Por su parte, Jorge Day, economista del Ieral (Fundaci\u00f3n Mediterr\u00e1nea), se\u00f1al\u00f3 que el aumento del tipo de cambio provoc\u00f3 una reacci\u00f3n inmediata de productos que funcionan como commoditys, como el caso del vino a granel, cuyo\u00a0 negocio se concentra de por s\u00ed en pocas manos. Por el contrario, otros productos que se distribuyen en mayor cantidad de empresas, han tarado m\u00e1s en reaccionar.\u00a0<strong>\u201cPara exportar productos m\u00e1s elaborados muchas empresas necesitan primero hacer inversiones en maquinaria y log\u00edstica, pero hoy, con la incertidumbre econ\u00f3mica tan alta, son pocos los que se animan invertir\u201d,<\/strong>\u00a0apunt\u00f3.<\/div>\n<\/div>\n<p>Fuente: Los Andes<\/p>\n","protected":false},"excerpt":{"rendered":"<p>La mejora del tipo de cambio provoc\u00f3 una reacci\u00f3n positiva en el volumen comercializado por la provincia en los mercados internacionales. Las reiteradas subas del d\u00f3lar registradas durante el \u00faltimo&#8230;<\/p>\n","protected":false},"author":1,"featured_media":9684,"comment_status":"closed","ping_status":"open","sticky":false,"template":"","format":"image","meta":[],"categories":[47],"tags":[],"_links":{"self":[{"href":"https:\/\/www.promendoza.com\/en\/wp-json\/wp\/v2\/posts\/9682"}],"collection":[{"href":"https:\/\/www.promendoza.com\/en\/wp-json\/wp\/v2\/posts"}],"about":[{"href":"https:\/\/www.promendoza.com\/en\/wp-json\/wp\/v2\/types\/post"}],"author":[{"embeddable":true,"href":"https:\/\/www.promendoza.com\/en\/wp-json\/wp\/v2\/users\/1"}],"replies":[{"embeddable":true,"href":"https:\/\/www.promendoza.com\/en\/wp-json\/wp\/v2\/comments?post=9682"}],"version-history":[{"count":1,"href":"https:\/\/www.promendoza.com\/en\/wp-json\/wp\/v2\/posts\/9682\/revisions"}],"predecessor-version":[{"id":9685,"href":"https:\/\/www.promendoza.com\/en\/wp-json\/wp\/v2\/posts\/9682\/revisions\/9685"}],"wp:featuredmedia":[{"embeddable":true,"href":"https:\/\/www.promendoza.com\/en\/wp-json\/wp\/v2\/media\/9684"}],"wp:attachment":[{"href":"https:\/\/www.promendoza.com\/en\/wp-json\/wp\/v2\/media?parent=9682"}],"wp:term":[{"taxonomy":"category","embeddable":true,"href":"https:\/\/www.promendoza.com\/en\/wp-json\/wp\/v2\/categories?post=9682"},{"taxonomy":"post_tag","embeddable":true,"href":"https:\/\/www.promendoza.com\/en\/wp-json\/wp\/v2\/tags?post=9682"}],"curies":[{"name":"wp","href":"https:\/\/api.w.org\/{rel}","templated":true}]}}