{"id":9757,"date":"2019-12-04T14:26:04","date_gmt":"2019-12-04T14:26:04","guid":{"rendered":"https:\/\/www.promendoza.com\/?p=9757"},"modified":"2020-01-13T14:27:34","modified_gmt":"2020-01-13T14:27:34","slug":"mendoza-exportara-5-contenedores-de-ajo-a-taiwan","status":"publish","type":"post","link":"https:\/\/www.promendoza.com\/en\/mendoza-exportara-5-contenedores-de-ajo-a-taiwan\/","title":{"rendered":"Mendoza exportar\u00e1 5 contenedores de ajo a Taiw\u00e1n"},"content":{"rendered":"<style type=\"text\/css\"><\/style><p>Productores locales concretaron esta venta y ya realizaron el env\u00edo de cinco mil kilos de ajo en bolsas de 20 kilos.<\/p>\n<p dir=\"ltr\">Productores mendocinos se reunieron y lograron concretar la\u00a0<strong>venta de cinco contenedores de ajo, con destino a Taiw\u00e1n<\/strong>. La venta se llev\u00f3 a cabo por\u00a0<strong>200 mil d\u00f3lares<\/strong>\u00a0y son un gran n\u00famero de empresas las que exportan.<\/p>\n<p dir=\"ltr\">La estrategia de la provincia es comercializar el ajo a mercados a los que China no llega. Adem\u00e1s, los productores se\u00f1alaron que ya se enviaron al menos\u00a0<strong>5 mil kilos en bolsas de 20 kg de ajo cepillado.<\/strong><\/p>\n<p dir=\"ltr\">\u201cDos contenedore<strong>s trasladaron ajo calibre 4, cada uno por 33.600 d\u00f3lares<\/strong>, lo que da un total 67.200 d\u00f3lares y 3 contenedores de calibre 6, cada uno por 48.000, con un total 144.000 d\u00f3lares hasta el momento, ya que se espera que el pa\u00eds asi\u00e1tico siga haciendo pedidos\u201d, detallaron.<\/p>\n<p dir=\"ltr\">En lo que respecta a la temporada, el director gerente de ProMendoza Mario L\u00e1zaro sostuvo: \u201cLas<strong>\u00a0perspectivas del ajo que la temporada 2019\/20<\/strong>\u00a0son excelentes ante una demanda firme del exterior alimentada por una menor oferta del<strong>\u00a0producto de China y Espa\u00f1a<\/strong>\u00a0que son nuestros principales competidores\u201d.<\/p>\n<p dir=\"ltr\">Adem\u00e1s, agreg\u00f3 que es probable que las cifras ronden la venta de\u00a0<strong>60 mil toneladas exportadas<\/strong>\u00a0esta temporada superando ampliamente el 2016\/17, pero inferior a las 76 toneladas exportadas la temporada pasada.<\/p>\n<p dir=\"ltr\">En cuanto al destino, aseguraron que T<strong>aiw\u00e1n es un mercado de gran importancia para el sector ajero de Mendoza.<\/strong>\u00a0\u201cEsto es debido a que es el primer mercado que demanda este producto en noviembre de cada a\u00f1o cuando comienza la temporada\u201d, se\u00f1alaron desde ProMendoza.<\/p>\n<p dir=\"ltr\">Fuente: Agrofy News<\/p>\n<p>&nbsp;<\/p>\n","protected":false},"excerpt":{"rendered":"<p>Productores locales concretaron esta venta y ya realizaron el env\u00edo de cinco mil kilos de ajo en bolsas de 20 kilos. Productores mendocinos se reunieron y lograron concretar la\u00a0venta de&#8230;<\/p>\n","protected":false},"author":1,"featured_media":9758,"comment_status":"closed","ping_status":"open","sticky":false,"template":"","format":"image","meta":[],"categories":[47],"tags":[],"_links":{"self":[{"href":"https:\/\/www.promendoza.com\/en\/wp-json\/wp\/v2\/posts\/9757"}],"collection":[{"href":"https:\/\/www.promendoza.com\/en\/wp-json\/wp\/v2\/posts"}],"about":[{"href":"https:\/\/www.promendoza.com\/en\/wp-json\/wp\/v2\/types\/post"}],"author":[{"embeddable":true,"href":"https:\/\/www.promendoza.com\/en\/wp-json\/wp\/v2\/users\/1"}],"replies":[{"embeddable":true,"href":"https:\/\/www.promendoza.com\/en\/wp-json\/wp\/v2\/comments?post=9757"}],"version-history":[{"count":1,"href":"https:\/\/www.promendoza.com\/en\/wp-json\/wp\/v2\/posts\/9757\/revisions"}],"predecessor-version":[{"id":9759,"href":"https:\/\/www.promendoza.com\/en\/wp-json\/wp\/v2\/posts\/9757\/revisions\/9759"}],"wp:featuredmedia":[{"embeddable":true,"href":"https:\/\/www.promendoza.com\/en\/wp-json\/wp\/v2\/media\/9758"}],"wp:attachment":[{"href":"https:\/\/www.promendoza.com\/en\/wp-json\/wp\/v2\/media?parent=9757"}],"wp:term":[{"taxonomy":"category","embeddable":true,"href":"https:\/\/www.promendoza.com\/en\/wp-json\/wp\/v2\/categories?post=9757"},{"taxonomy":"post_tag","embeddable":true,"href":"https:\/\/www.promendoza.com\/en\/wp-json\/wp\/v2\/tags?post=9757"}],"curies":[{"name":"wp","href":"https:\/\/api.w.org\/{rel}","templated":true}]}}