{"id":9782,"date":"2020-01-09T15:09:27","date_gmt":"2020-01-09T15:09:27","guid":{"rendered":"https:\/\/www.promendoza.com\/?p=9782"},"modified":"2020-01-13T15:11:30","modified_gmt":"2020-01-13T15:11:30","slug":"presidente-de-promendoza-los-exportadores-pagaran-us33-mas-por-cada-contenedor-que-salga-por-buenos-aires","status":"publish","type":"post","link":"https:\/\/www.promendoza.com\/en\/presidente-de-promendoza-los-exportadores-pagaran-us33-mas-por-cada-contenedor-que-salga-por-buenos-aires\/","title":{"rendered":"Presidente de ProMendoza: &#8220;Los exportadores pagar\u00e1n u$s33 m\u00e1s por cada contenedor que salga por Buenos Aires&#8221;"},"content":{"rendered":"<style type=\"text\/css\"><\/style><p>Esto impacta negativamente en los exportadores, debido a que la rentabilidad se disminuye porque lo termina pagando el exportador<\/p>\n<p>Luego de una jornada ajetreada en la que finalmente el gobernador de Buenos Aires, Axel Kicillof, logr\u00f3 conseguir la reforma impositiva que aumenta los costos de exportaci\u00f3n para productos de la pampa h\u00fameda y las econom\u00edas regionales, desde Mendoza est\u00e1n evaluando alternativas aunque lamentan que los contratos cerrados para este a\u00f1o se ver\u00e1n perjudicados con incrementos significativos en d\u00f3lares.<\/p>\n<p>As\u00ed lo dijo el presidente de ProMendoza, Mario L\u00e1zzaro, quien lament\u00f3 la reforma tarifaria del gobierno de Axel Kicillof. En una charla con Radio Mitre Mendoza, dijo que &#8220;con la entrada en vigencia de las reformas bonaerenses, exportadores pagar\u00e1n 33 d\u00f3lares m\u00e1s por cada contenedor&#8221; que salga por la terminal del puerto en Dock Sud.<\/p>\n<p>Esto impacta negativamente en los exportadores, debido a que &#8220;la\u00a0<a href=\"https:\/\/vinos.iprofesional.com\/economia\/306834-produccion-lluvias-sequia-Cepo-al-dolar-y-clima-dificil-para-la-soja-cae-la-rentabilidad-del-campo\" target=\"_blank\" rel=\"noopener noreferrer\">rentabilidad<\/a>\u00a0se disminuye porque lo termina pagando el exportador a trav\u00e9s de descuentos en la factura&#8221;, seg\u00fan L\u00e1zzaro.<\/p>\n<p>Respecto a las nuevas condiciones, desde la entidad sostuvieron que se est\u00e1n trabajando alternativas con el gobierno de Rodolfo Suarez.<\/p>\n<p>Una de ellas es negociar con el gobernador bonaerense para que &#8220;los productos de Mendoza sean considerados como econom\u00eda regional&#8221;.<\/p>\n<p>A su vez, se trabaja en un encadenamiento productivo con otras provincias de la regi\u00f3n para sacar los productos al Oc\u00e9ano Pac\u00edfico v\u00eda puertos chilenos. En cuanto a esto, destacaron que &#8220;el costo es bueno y se tiene certezas. Con el Puerto de Buenos Aires siempre hay nuevas tarifas o problemas con log\u00edstica&#8221;.<\/p>\n<p>Fuente: IProfesional<\/p>\n<p>&nbsp;<\/p>\n","protected":false},"excerpt":{"rendered":"<p>Esto impacta negativamente en los exportadores, debido a que la rentabilidad se disminuye porque lo termina pagando el exportador Luego de una jornada ajetreada en la que finalmente el gobernador&#8230;<\/p>\n","protected":false},"author":1,"featured_media":9783,"comment_status":"closed","ping_status":"open","sticky":false,"template":"","format":"image","meta":[],"categories":[47],"tags":[],"_links":{"self":[{"href":"https:\/\/www.promendoza.com\/en\/wp-json\/wp\/v2\/posts\/9782"}],"collection":[{"href":"https:\/\/www.promendoza.com\/en\/wp-json\/wp\/v2\/posts"}],"about":[{"href":"https:\/\/www.promendoza.com\/en\/wp-json\/wp\/v2\/types\/post"}],"author":[{"embeddable":true,"href":"https:\/\/www.promendoza.com\/en\/wp-json\/wp\/v2\/users\/1"}],"replies":[{"embeddable":true,"href":"https:\/\/www.promendoza.com\/en\/wp-json\/wp\/v2\/comments?post=9782"}],"version-history":[{"count":1,"href":"https:\/\/www.promendoza.com\/en\/wp-json\/wp\/v2\/posts\/9782\/revisions"}],"predecessor-version":[{"id":9784,"href":"https:\/\/www.promendoza.com\/en\/wp-json\/wp\/v2\/posts\/9782\/revisions\/9784"}],"wp:featuredmedia":[{"embeddable":true,"href":"https:\/\/www.promendoza.com\/en\/wp-json\/wp\/v2\/media\/9783"}],"wp:attachment":[{"href":"https:\/\/www.promendoza.com\/en\/wp-json\/wp\/v2\/media?parent=9782"}],"wp:term":[{"taxonomy":"category","embeddable":true,"href":"https:\/\/www.promendoza.com\/en\/wp-json\/wp\/v2\/categories?post=9782"},{"taxonomy":"post_tag","embeddable":true,"href":"https:\/\/www.promendoza.com\/en\/wp-json\/wp\/v2\/tags?post=9782"}],"curies":[{"name":"wp","href":"https:\/\/api.w.org\/{rel}","templated":true}]}}