{"id":10190,"date":"2020-04-18T12:37:57","date_gmt":"2020-04-18T12:37:57","guid":{"rendered":"https:\/\/www.promendoza.com\/en\/?p=10190"},"modified":"2021-03-06T16:01:18","modified_gmt":"2021-03-06T16:01:18","slug":"un-grupo-de-mendocinos-confecciono-y-dono-4-700-barbijos-y-560-batas-para-el-personal-de-la-salud","status":"publish","type":"post","link":"https:\/\/www.promendoza.com\/es\/un-grupo-de-mendocinos-confecciono-y-dono-4-700-barbijos-y-560-batas-para-el-personal-de-la-salud\/","title":{"rendered":"Un grupo de mendocinos confeccion\u00f3 y don\u00f3 4.700 barbijos y 560 batas para el personal de la salud"},"content":{"rendered":"<style type=\"text\/css\"><\/style><h3>CON LA INICIATIVA EN MARCHA, EL MINISTERIO DE SALUD DE LA PROVINCIA COMPR\u00d3 LA MATERIA PRIMA PARA ELABORAR LOS INSUMOS. ESE GESTO SOLIDARIO SE REALIZ\u00d3 GRACIAS A LAS M\u00c1S DE 40 PERSONAS DESINTERESADAS QUE COLABORARON CON TIEMPO Y DINERO PARA CONCRETAR ESTE OBJETIVO.<\/h3>\n<p>La solidaridad de los mendocinos suele no tener l\u00edmites. Esto se refleja con claridad en tiempos de pandemia. Un grupo de dise\u00f1adoras (de carteras e indumentaria) decidi\u00f3 colaborar con la confecci\u00f3n de barbijos y batas para proteger a quienes tienen hoy que dar pelea frente a frente con el coronavirus.<a href=\"https:\/\/www.promendoza.com\/wp-content\/uploads\/2020\/04\/a460d3ab-f534-41e0-abed-c0f3552a2033.jpg\"><img loading=\"lazy\" class=\"wp-image-10194 alignright\" src=\"https:\/\/www.promendoza.com\/wp-content\/uploads\/2020\/04\/a460d3ab-f534-41e0-abed-c0f3552a2033.jpg\" sizes=\"(max-width: 425px) 100vw, 425px\" srcset=\"https:\/\/www.promendoza.com\/wp-content\/uploads\/2020\/04\/a460d3ab-f534-41e0-abed-c0f3552a2033.jpg 960w, https:\/\/www.promendoza.com\/wp-content\/uploads\/2020\/04\/a460d3ab-f534-41e0-abed-c0f3552a2033-225x300.jpg 225w, https:\/\/www.promendoza.com\/wp-content\/uploads\/2020\/04\/a460d3ab-f534-41e0-abed-c0f3552a2033-768x1024.jpg 768w, https:\/\/www.promendoza.com\/wp-content\/uploads\/2020\/04\/a460d3ab-f534-41e0-abed-c0f3552a2033-580x773.jpg 580w, https:\/\/www.promendoza.com\/wp-content\/uploads\/2020\/04\/a460d3ab-f534-41e0-abed-c0f3552a2033-820x1093.jpg 820w\" alt=\"\" width=\"425\" height=\"567\" \/><\/a><\/p>\n<p>ProMendoza recibi\u00f3 la invitaci\u00f3n de una emprendedora mendocina, Natalia Cabeza, que realiza piezas exclusivas en cuero, para colaborar de una iniciativa que surgi\u00f3 en un grupo de WhatsApp. \u201cTenemos una relaci\u00f3n muy fluida con mis compa\u00f1eros de primaria y, cuando arranc\u00f3 la cuarentena, sentimos la necesidad de ayudar. Comenzamos juntando dinero y de a poco la acci\u00f3n se fue transformando y convocando a m\u00e1s gente que sent\u00eda lo mismo. As\u00ed terminamos siendo much\u00edsimas personas cortando y cosiendo batas y barbijos en distintos talleres de Mendoza\u201d.<\/p>\n<p>Con la iniciativa en marcha, el Ministerio de Salud de la provincia realiz\u00f3 la compra de la materia prima para elaborar los insumos. Ese gesto solidario se transform\u00f3 en 560 batas y 4.700 barbijos, gracias a las m\u00e1s de 40 personas desinteresadas que colaboraron con tiempo y dinero para concretar este objetivo.<\/p>\n<p>\u201cCalculamos que entre mano de obra y dinero se aport\u00f3 cerca de 200 mil pesos, pero adem\u00e1s si estos insumos se hubieron comprado a valor de mercado, el costo de estos materiales de protecci\u00f3n sanitaria alcanzar\u00eda los 400 mil pesos aproximadamente\u201d, expres\u00f3 Carolina Su\u00e1rez Garc\u00e9s, responsable del \u00e1rea Institucional de ProMendoza, al resaltar la generosidad de los participantes.<\/p>\n<p>&nbsp;<\/p>\n<p>\u201cEs conmovedor ver el esfuerzo colectivo de personas tan serviciales. Ha sido un grupo muy organizado y colaborativo que ha entregado materiales de alt\u00edsima calidad, indiscutibles en el cuidado de profesionales sanitarios\u201d, expres\u00f3 Daniela Stella, asesora de Gabinete del Ministerio de Salud. La funcionaria se sum\u00f3 al equipo para facilitar telas especiales y coordinar el dise\u00f1o y confecci\u00f3n del material de acuerdo con los protocolos establecidos por la Direcci\u00f3n de Farmacolog\u00eda de la provincia.<\/p>\n<p>Se sum\u00f3 al grupo de voluntarios Graciela Cunial, quien se dedic\u00f3 por muchos a\u00f1os al dise\u00f1o y confecci\u00f3n de ropa para beb\u00e9s. Hoy disfruta de coser con sus amigas en su peque\u00f1o taller en su casa y realiza todo el material m\u00e9dico para la cl\u00ednica de su marido, el cirujano pl\u00e1stico Carlos Mira Blanco.<\/p>\n<p>\u201cMe incorpor\u00e9 a un grupo de voluntarias cuando comenzaron a juntar dinero para comprar las telas y me ofrec\u00ed a cortar las batas m\u00e9dicas porque tengo experiencia, pero nunca hab\u00eda cortado mil metros de tela. Fue al menos una semana de trabajar ocho horas diarias cortando bata por bata junto a Carlos para poder lograrlo. Finalmente, el esfuerzo vali\u00f3 la pena\u201d, destaca Graciela con satisfacci\u00f3n por la tarea cumplida.<a href=\"https:\/\/www.promendoza.com\/wp-content\/uploads\/2020\/04\/f9236fdd-7933-49e6-8c1a-6821e11d8f5a.jpg\"><img loading=\"lazy\" class=\"wp-image-10192  alignright\" src=\"https:\/\/www.promendoza.com\/wp-content\/uploads\/2020\/04\/f9236fdd-7933-49e6-8c1a-6821e11d8f5a-225x300.jpg\" sizes=\"(max-width: 384px) 100vw, 384px\" srcset=\"https:\/\/www.promendoza.com\/wp-content\/uploads\/2020\/04\/f9236fdd-7933-49e6-8c1a-6821e11d8f5a-225x300.jpg 225w, https:\/\/www.promendoza.com\/wp-content\/uploads\/2020\/04\/f9236fdd-7933-49e6-8c1a-6821e11d8f5a-580x773.jpg 580w, https:\/\/www.promendoza.com\/wp-content\/uploads\/2020\/04\/f9236fdd-7933-49e6-8c1a-6821e11d8f5a.jpg 768w\" alt=\"\" width=\"384\" height=\"512\" \/><\/a><\/p>\n<p>Tambi\u00e9n se uni\u00f3 al equipo de trabajo Agustina Blanco, dise\u00f1adora de indumentaria e integrante de La Grupa, integrado por mujeres mendocinas que dise\u00f1an ropa exclusiva y joyas terminadas a mano. Ella particip\u00f3 en la confecci\u00f3n de barbijos y, para optimizar esfuerzos y otorgar precisi\u00f3n, decidieron generar un instructivo para las cosedoras. Dividieron los talleres por zona, para hacer m\u00e1s eficiente\u00a0 la distribuci\u00f3n y la entrega.<\/p>\n<p>\u201cYo quiero destacar c\u00f3mo estas emergencias sacan lo mejor de nosotros. Me queda de esta experiencia el amor al otro, el trabajar codo a codo para apoyar a los que nos cuidan combatiendo la enfermedad\u201d, dijo Agustina.<\/p>\n<p><strong>Festejando la Pascua con ni\u00f1os de El Borboll\u00f3n<\/strong><\/p>\n<p>Como la donaci\u00f3n monetaria super\u00f3 las expectativas, surgi\u00f3 la posibilidad de realizar una donaci\u00f3n al comedor de El Borboll\u00f3n, que les prepara el almuerzo todos los domingos a 60 ni\u00f1os de la zona. \u201cLa donaci\u00f3n alcanz\u00f3 para la comida de dos almuerzos y el domingo de Pascua, les regalamos 200 huevitos a los ni\u00f1os y sus familias gracias a la donaci\u00f3n de chocolates Go\u00fcher\u201d, explic\u00f3 Natalia Cabeza.<\/p>\n<p>&nbsp;<\/p>\n<p><a href=\"https:\/\/www.promendoza.com\/wp-content\/uploads\/2020\/04\/3f11f23b-13e8-47a6-9bb4-680f0c6223f5.jpg\"><img loading=\"lazy\" class=\"wp-image-10193  alignleft\" src=\"https:\/\/www.promendoza.com\/wp-content\/uploads\/2020\/04\/3f11f23b-13e8-47a6-9bb4-680f0c6223f5-225x300.jpg\" sizes=\"(max-width: 286px) 100vw, 286px\" srcset=\"https:\/\/www.promendoza.com\/wp-content\/uploads\/2020\/04\/3f11f23b-13e8-47a6-9bb4-680f0c6223f5-225x300.jpg 225w, https:\/\/www.promendoza.com\/wp-content\/uploads\/2020\/04\/3f11f23b-13e8-47a6-9bb4-680f0c6223f5-768x1022.jpg 768w, https:\/\/www.promendoza.com\/wp-content\/uploads\/2020\/04\/3f11f23b-13e8-47a6-9bb4-680f0c6223f5-580x772.jpg 580w, https:\/\/www.promendoza.com\/wp-content\/uploads\/2020\/04\/3f11f23b-13e8-47a6-9bb4-680f0c6223f5-820x1091.jpg 820w, https:\/\/www.promendoza.com\/wp-content\/uploads\/2020\/04\/3f11f23b-13e8-47a6-9bb4-680f0c6223f5.jpg 962w\" alt=\"\" width=\"286\" height=\"382\" \/><\/a><\/p>\n<p><strong>El equipo de trabajo<\/strong><\/p>\n<p>Integrantes del grupo: Natalia Cabeza, Constanza Bustos, Paula Lucero, Lourdes Iankelevich, Andrea Iranzo, Fabiola Smovir, Mariano Gonz\u00e1lez, Paula Pometti, Cecilia Ortiz y Mauricio Delgado.<\/p>\n<p>Coordinaci\u00f3n y log\u00edstica: Paula Pometti, Paula Nazar, Marina Milanesio, Carolina Su\u00e1rez Garc\u00e9s y Daniela Stella.<\/p>\n<p>Todas las voluntarias: Graciela Cunial, Agustina Blanco, Carolina Luz L\u00f3pez, Paulina Sol L\u00f3pez, Marina Azul L\u00f3pez, Marcela Boito, Laura Intz\u00e9s, Romina Enrico, Sandra Scifo, Pamela David, Cristina Ortega, Aixa Begari, Guadalupe del Peral, Leonor Ortiz, Andrea Mu\u00f1oz, Laura Mu\u00f1oz, Pilar Fontana, Marisa Duci, Fabiana Fern\u00e1ndez, Natalia Furlani, Laura Pelichone, Hayde\u00e9 Arbarello, Mar\u00eda Cicchitti, Fabiola Bustamante, Cecilia Cimunovic, Gabriela Giribet, Patricia Persia, Nieves Palmada, Pato Staneloni, Roc\u00edo Azpilcueta, Vicky Gassul, Luli Interllige, Itziar Interllige, Grace Sotille, Flor Masino, Ana Laura Ramazzi, Juli\u00e1n Valverde Frabega, Tuti Roge, Sof\u00eda Mercado, Paulina Funes, Mar\u00eda Jose Delgado, Marcela Pascual, Teresita Barrio, Victoria Zerpa, Susana Scalabrella, Virginia Sparacino, Mar\u00eda Graciana Ponce, Ana Mar\u00eda Gil, Mar\u00eda Carolina Buccolo, Daiana Esther D\u00edaz Lima, Andr\u00e9s Payuta , M\u00f3nica Elizabeth Funes, Maira Jais, Valeria Gianella, Nerina\u00a0 Tarquini, Alejandrina Suarez, Victoria Cucci, Adriana Dom\u00ednguez, Yolanda Tolaba, Fernanda Stinson, Sonia El\u00edas, Natalie\u00a0 Von Kesselstatt, Paula Dufau, Flavia Arviza, Roc\u00edo Tarife\u00f1o, Ailin Pugna, Mar\u00eda Jos\u00e9 Herrera, Carla Masi, Ver\u00f3nica Garc\u00eda y Juliana Morales L\u00f3pez.<\/p>\n","protected":false},"excerpt":{"rendered":"<p>CON LA INICIATIVA EN MARCHA, EL MINISTERIO DE SALUD DE LA PROVINCIA COMPR\u00d3 LA MATERIA PRIMA PARA ELABORAR LOS INSUMOS. ESE GESTO SOLIDARIO SE REALIZ\u00d3 GRACIAS A LAS M\u00c1S DE&#8230;<\/p>\n","protected":false},"author":1,"featured_media":10191,"comment_status":"closed","ping_status":"open","sticky":false,"template":"","format":"image","meta":[],"categories":[52,36],"tags":[],"_links":{"self":[{"href":"https:\/\/www.promendoza.com\/es\/wp-json\/wp\/v2\/posts\/10190"}],"collection":[{"href":"https:\/\/www.promendoza.com\/es\/wp-json\/wp\/v2\/posts"}],"about":[{"href":"https:\/\/www.promendoza.com\/es\/wp-json\/wp\/v2\/types\/post"}],"author":[{"embeddable":true,"href":"https:\/\/www.promendoza.com\/es\/wp-json\/wp\/v2\/users\/1"}],"replies":[{"embeddable":true,"href":"https:\/\/www.promendoza.com\/es\/wp-json\/wp\/v2\/comments?post=10190"}],"version-history":[{"count":2,"href":"https:\/\/www.promendoza.com\/es\/wp-json\/wp\/v2\/posts\/10190\/revisions"}],"predecessor-version":[{"id":10211,"href":"https:\/\/www.promendoza.com\/es\/wp-json\/wp\/v2\/posts\/10190\/revisions\/10211"}],"wp:featuredmedia":[{"embeddable":true,"href":"https:\/\/www.promendoza.com\/es\/wp-json\/wp\/v2\/media\/10191"}],"wp:attachment":[{"href":"https:\/\/www.promendoza.com\/es\/wp-json\/wp\/v2\/media?parent=10190"}],"wp:term":[{"taxonomy":"category","embeddable":true,"href":"https:\/\/www.promendoza.com\/es\/wp-json\/wp\/v2\/categories?post=10190"},{"taxonomy":"post_tag","embeddable":true,"href":"https:\/\/www.promendoza.com\/es\/wp-json\/wp\/v2\/tags?post=10190"}],"curies":[{"name":"wp","href":"https:\/\/api.w.org\/{rel}","templated":true}]}}