{"id":10218,"date":"2020-04-29T15:11:41","date_gmt":"2020-04-29T15:11:41","guid":{"rendered":"https:\/\/www.promendoza.com\/es\/?p=10218"},"modified":"2021-03-06T16:01:18","modified_gmt":"2021-03-06T16:01:18","slug":"la-creatividad-de-las-empresas-de-mendoza-que-adaptan-sus-productos-por-la-pandemia-y-ofrecen-un-servicio","status":"publish","type":"post","link":"https:\/\/www.promendoza.com\/es\/la-creatividad-de-las-empresas-de-mendoza-que-adaptan-sus-productos-por-la-pandemia-y-ofrecen-un-servicio\/","title":{"rendered":"La creatividad de las empresas de Mendoza que adaptan sus productos por la pandemia y ofrecen un servicio"},"content":{"rendered":"<style type=\"text\/css\"><\/style><h3>El cierre de fronteras como medida preventiva ante esta pandemia ha afectado las ventas de las empresas exportadoras. Sin embargo, muchas PyMEs de Mendoza han encontrado la manera de adaptarse y afrontar la pandemia, con productos necesarios durante la crisis, que les permita seguir con su negocio adelante.<\/h3>\n<p>&nbsp;<\/p>\n<p>ProMendoza hizo un exhaustivo relevamiento de las empresas para identificar a proveedores provinciales, nacionales y del exterior para poder abastecer al sector p\u00fablico en las necesidades sanitarias que se presenten durante la lucha contra el Covid-19.<\/p>\n<p>En este marco surgieron cuatro empresas mendocinas, que en circunstancias normales se dedican a otros rubros, en su mayor\u00eda exportables, pero han podido adaptarse desarrollando y vendiendo productos necesarios en este momento dentro del territorio provincial y nacional.<\/p>\n<p>La empresa Buccolini SA, que se dedica a la metalmec\u00e1nica, desarroll\u00f3 un t\u00fanel y una cabina de desinfecci\u00f3n, necesaria para la asepsia de productos o personas durante la cuarentena.<\/p>\n<p>Por su parte, Hoffman SA, que fabrica muebles de oficina, y vende en el mercado interno y externo, ha adaptado su portfolio a equipamiento para hospitales y protecci\u00f3n de empleados con tabiques de aislamiento para atenci\u00f3n al p\u00fablico<\/p>\n<p>Adem\u00e1s, MB Ingenier\u00eda e Impsa, est\u00e1n abocados a desarrollar de manera conjunta asistentes respiratorios para contribuir con el sistema sanitario local en caso de una crisis provocada por la pandemia.<\/p>\n<p>&nbsp;<\/p>\n<p><strong>T\u00faneles y cabinas de desinfecci\u00f3n<\/strong><\/p>\n<p>\u201cSon una barrera m\u00e1s en esta lucha para que no circule de manera social el Covid-19\u201d comienza aclarando Fernando Palermo, gerente comercial y socio de Buccolini SA.<\/p>\n<p><a href=\"https:\/\/www.promendoza.com\/wp-content\/uploads\/2020\/05\/t\u00fanel-Buccolini.jpg\"><img loading=\"lazy\" class=\"wp-image-10220 alignright\" src=\"https:\/\/www.promendoza.com\/wp-content\/uploads\/2020\/05\/t\u00fanel-Buccolini.jpg\" alt=\"\" width=\"512\" height=\"260\" srcset=\"https:\/\/www.promendoza.com\/wp-content\/uploads\/2020\/05\/t\u00fanel-Buccolini.jpg 960w, https:\/\/www.promendoza.com\/wp-content\/uploads\/2020\/05\/t\u00fanel-Buccolini-300x153.jpg 300w, https:\/\/www.promendoza.com\/wp-content\/uploads\/2020\/05\/t\u00fanel-Buccolini-768x390.jpg 768w, https:\/\/www.promendoza.com\/wp-content\/uploads\/2020\/05\/t\u00fanel-Buccolini-580x295.jpg 580w, https:\/\/www.promendoza.com\/wp-content\/uploads\/2020\/05\/t\u00fanel-Buccolini-820x417.jpg 820w\" sizes=\"(max-width: 512px) 100vw, 512px\" \/><\/a><\/p>\n<p>El empresario explic\u00f3 que comenzaron a desarrollar el producto pensando en la protecci\u00f3n de sus propios empleados, que trabajan en grandes empresas de petr\u00f3leo, pero encontraron su aplicaci\u00f3n social.<\/p>\n<p>Tanto los t\u00faneles como las cabinas cumplen la misma funci\u00f3n, desinfectar ropa, calzado y objetos con una alfombra h\u00fameda y rociando amonio en bajas concentraciones.<\/p>\n<p>&nbsp;<\/p>\n<p><strong>Los respiradores<\/strong><\/p>\n<p>MB Ingenier\u00eda e IMPSA avanzan en la producci\u00f3n de asistentes respiratorios para la atenci\u00f3n de pacientes de baja a media complejidad, como respuesta a la Emergencia por el avance del COVID-19 y atendiendo a las necesidades del sistema sanitario provincial.<\/p>\n<p>El desarrollo ha sido coordinado con la UNCUYO y empresas electromec\u00e1nicas de primer nivel y ya se realizan pruebas en los prototipos.<\/p>\n<p>El proyecto apunta al desarrollo de 50 asistentes respiratorios. El aporte no solo ser\u00e1 para el Hospital Universitario, sino para todos aquellos centros que se despliegan en Mendoza, ante una posible crisis y necesidad del sistema sanitario local.<\/p>\n<p><a href=\"https:\/\/www.promendoza.com\/wp-content\/uploads\/2020\/05\/odontolog\u00eda-Hoffman.jpg\"><img loading=\"lazy\" class=\"wp-image-10221 alignleft\" src=\"https:\/\/www.promendoza.com\/wp-content\/uploads\/2020\/05\/odontolog\u00eda-Hoffman.jpg\" alt=\"\" width=\"493\" height=\"277\" srcset=\"https:\/\/www.promendoza.com\/wp-content\/uploads\/2020\/05\/odontolog\u00eda-Hoffman.jpg 1280w, https:\/\/www.promendoza.com\/wp-content\/uploads\/2020\/05\/odontolog\u00eda-Hoffman-300x169.jpg 300w, https:\/\/www.promendoza.com\/wp-content\/uploads\/2020\/05\/odontolog\u00eda-Hoffman-1024x576.jpg 1024w, https:\/\/www.promendoza.com\/wp-content\/uploads\/2020\/05\/odontolog\u00eda-Hoffman-768x432.jpg 768w, https:\/\/www.promendoza.com\/wp-content\/uploads\/2020\/05\/odontolog\u00eda-Hoffman-580x326.jpg 580w, https:\/\/www.promendoza.com\/wp-content\/uploads\/2020\/05\/odontolog\u00eda-Hoffman-820x461.jpg 820w, https:\/\/www.promendoza.com\/wp-content\/uploads\/2020\/05\/odontolog\u00eda-Hoffman-1160x653.jpg 1160w\" sizes=\"(max-width: 493px) 100vw, 493px\" \/><\/a><\/p>\n<p>\u201cInicialmente MBI desarrollo un prototipo en 3 d\u00edas para luego perfeccionarlo, hoy en d\u00eda se est\u00e1 confeccionando el modelo n\u00famero 3 de prototipo ya que luego sufrir\u00e1 otras dos modificaciones finales\u201d explic\u00f3 Mauricio Barrera de MB Ingenier\u00eda.<\/p>\n<p>\u201cNo es f\u00e1cil desarrollar un respirador en tan poco tiempo, pero el proyecto est\u00e1 basado en bombear el AMBU \u2013bolsa autoinflable- utilizado para casos de emergencias, mediante un sistema mec\u00e1nico autom\u00e1tico, comandado por electr\u00f3nica\u201d dijo Barrera.<\/p>\n<p>\u201cEstamos en la etapa de procesos de pruebas, esto lleva un tiempo que estamos acelerando para poder llegar a presentarlo en ANMAT, quien finalmente nos dar\u00e1 la aprobaci\u00f3n para que se pueda fabricar en serie\u201d culmin\u00f3 el gerente de MBI.<\/p>\n<p>&nbsp;<\/p>\n<p><strong>Muebles para hospitales y protecci\u00f3n de empleados<\/strong><\/p>\n<p>Por \u00faltimo, Hoffman SA, se ha concentrado en el desarrollo de separadores para filas, t\u00e1ndem de sillas met\u00e1licas y pl\u00e1sticas para salas de espera, camas y camillas de hospitales, estanter\u00edas met\u00e1licas y tabiques y protectores para que los empleados puedan atender al p\u00fablico manteniendo la distancia y el cuidado necesario.<\/p>\n<p><a href=\"https:\/\/www.promendoza.com\/wp-content\/uploads\/2020\/05\/odontolog\u00eda-Hoffman-1.jpg\"><img loading=\"lazy\" class=\"aligncenter  wp-image-10222\" src=\"https:\/\/www.promendoza.com\/wp-content\/uploads\/2020\/05\/odontolog\u00eda-Hoffman-1.jpg\" alt=\"\" width=\"421\" height=\"237\" srcset=\"https:\/\/www.promendoza.com\/wp-content\/uploads\/2020\/05\/odontolog\u00eda-Hoffman-1.jpg 1280w, https:\/\/www.promendoza.com\/wp-content\/uploads\/2020\/05\/odontolog\u00eda-Hoffman-1-300x169.jpg 300w, https:\/\/www.promendoza.com\/wp-content\/uploads\/2020\/05\/odontolog\u00eda-Hoffman-1-1024x576.jpg 1024w, https:\/\/www.promendoza.com\/wp-content\/uploads\/2020\/05\/odontolog\u00eda-Hoffman-1-768x432.jpg 768w, https:\/\/www.promendoza.com\/wp-content\/uploads\/2020\/05\/odontolog\u00eda-Hoffman-1-580x326.jpg 580w, https:\/\/www.promendoza.com\/wp-content\/uploads\/2020\/05\/odontolog\u00eda-Hoffman-1-820x461.jpg 820w, https:\/\/www.promendoza.com\/wp-content\/uploads\/2020\/05\/odontolog\u00eda-Hoffman-1-1160x653.jpg 1160w\" sizes=\"(max-width: 421px) 100vw, 421px\" \/><\/a><\/p>\n<p>El director Leonardo Hoffman asegur\u00f3 que \u201cintentamos adaptar nuestra matriz productiva a las necesidades de esta pandemia. Estamos trabajando adem\u00e1s con una soluci\u00f3n para el sector de odontolog\u00eda \u2013pr\u00f3ximo a reactivarse- con pantallas acr\u00edlicas y para el sector habitual de escritorios y mostradores con protectores para la atenci\u00f3n del p\u00fablico\u201d culmin\u00f3.<\/p>\n","protected":false},"excerpt":{"rendered":"<p>El cierre de fronteras como medida preventiva ante esta pandemia ha afectado las ventas de las empresas exportadoras. Sin embargo, muchas PyMEs de Mendoza han encontrado la manera de adaptarse&#8230;<\/p>\n","protected":false},"author":1,"featured_media":10219,"comment_status":"closed","ping_status":"open","sticky":false,"template":"","format":"image","meta":[],"categories":[52],"tags":[],"_links":{"self":[{"href":"https:\/\/www.promendoza.com\/es\/wp-json\/wp\/v2\/posts\/10218"}],"collection":[{"href":"https:\/\/www.promendoza.com\/es\/wp-json\/wp\/v2\/posts"}],"about":[{"href":"https:\/\/www.promendoza.com\/es\/wp-json\/wp\/v2\/types\/post"}],"author":[{"embeddable":true,"href":"https:\/\/www.promendoza.com\/es\/wp-json\/wp\/v2\/users\/1"}],"replies":[{"embeddable":true,"href":"https:\/\/www.promendoza.com\/es\/wp-json\/wp\/v2\/comments?post=10218"}],"version-history":[{"count":2,"href":"https:\/\/www.promendoza.com\/es\/wp-json\/wp\/v2\/posts\/10218\/revisions"}],"predecessor-version":[{"id":10224,"href":"https:\/\/www.promendoza.com\/es\/wp-json\/wp\/v2\/posts\/10218\/revisions\/10224"}],"wp:featuredmedia":[{"embeddable":true,"href":"https:\/\/www.promendoza.com\/es\/wp-json\/wp\/v2\/media\/10219"}],"wp:attachment":[{"href":"https:\/\/www.promendoza.com\/es\/wp-json\/wp\/v2\/media?parent=10218"}],"wp:term":[{"taxonomy":"category","embeddable":true,"href":"https:\/\/www.promendoza.com\/es\/wp-json\/wp\/v2\/categories?post=10218"},{"taxonomy":"post_tag","embeddable":true,"href":"https:\/\/www.promendoza.com\/es\/wp-json\/wp\/v2\/tags?post=10218"}],"curies":[{"name":"wp","href":"https:\/\/api.w.org\/{rel}","templated":true}]}}