{"id":10369,"date":"2020-08-06T11:49:15","date_gmt":"2020-08-06T11:49:15","guid":{"rendered":"https:\/\/www.promendoza.com\/es\/?p=10369"},"modified":"2021-03-06T16:01:17","modified_gmt":"2021-03-06T16:01:17","slug":"enrique-vaquie-asumio-como-nuevo-presidente-de-la-fundacion-promendoza","status":"publish","type":"post","link":"https:\/\/www.promendoza.com\/es\/enrique-vaquie-asumio-como-nuevo-presidente-de-la-fundacion-promendoza\/","title":{"rendered":"Enrique Vaqui\u00e9 asumi\u00f3 como nuevo presidente de la Fundaci\u00f3n ProMendoza"},"content":{"rendered":"<style type=\"text\/css\"><\/style><h3>En el aniversario de su creaci\u00f3n, el titular de la cartera de Econom\u00eda y Energ\u00eda\u00a0destac\u00f3 la importancia del trabajo que la entidad viene realizando en materia de exportaciones para el crecimiento de las pymes mendocinas.<\/h3>\n<p>Como cada a\u00f1o, la Fundaci\u00f3n ProMendoza renov\u00f3 sus autoridades. Este a\u00f1o, en el marco de su aniversario 24 y en medio de la pandemia de COVID- 19, que impuso nuevas formas\u00a0 de reuniones o encuentros a trav\u00e9s de la tecnolog\u00eda.<\/p>\n<p>En una asamblea virtual celebrada por videoconferencia y siguiendo lo establecido por la Direcci\u00f3n de Personas Jur\u00eddicas (DPJ), asumi\u00f3 como nuevo presidente el ministro de Econom\u00eda y Energ\u00eda, Enrique Vaqui\u00e9.<\/p>\n<p>En su discurso destac\u00f3 la comodidad de la econom\u00eda mendocina para insertarse y moverse en los mercados internacionales y las caracter\u00edsticas altamente competitivas que tienen las pymes locales. Adem\u00e1s, coment\u00f3: \u201cEn esta nueva normalidad, a la que a\u00fan me cuesta adaptarme y en donde todo est\u00e1 mediado por la tecnolog\u00eda, extra\u00f1o el contacto con las personas y a\u00fan m\u00e1s en un momento como este, en el que estar\u00edamos brindando con los empleados de ProMendoza y celebrando el gran trabajo que vienen realizando desde hace 24 a\u00f1os\u201d.<\/p>\n<p>\u201cCreo que se vienen grandes desaf\u00edos en el a\u00f1o que me toca la presidencia de\u00a0ProMendoza y a\u00fan hay grandes incertidumbres, por eso entiendo que debemos prepararnos para afrontar la econom\u00eda postpandemia fortaleciendo el mercado exportador\u201d, afirm\u00f3.<\/p>\n<p><strong>Nuevas autoridades<\/strong><\/p>\n<p>Por Estatuto, ProMendoza renueva su presidencia cada a\u00f1o y esa renovaci\u00f3n se realiza de manera alternada y rotativa entre las entidades socias fundadoras. El fin de esa rotaci\u00f3n es asegurar la participaci\u00f3n institucional entre los sectores p\u00fablico y privado.<\/p>\n<ul>\n<li>Presidente: Enrique Vaqui\u00e9, ministro de Econom\u00eda y Energ\u00eda, Gobierno de Mendoza.<\/li>\n<li>Vicepresidente 1\u00ba: Jorge P\u00e9rez Cuesta, de la Bolsa de Comercio.<\/li>\n<li>Vicepresidente 2\u00ba: Alberto Carleti, por la Federaci\u00f3n Econ\u00f3mica de Mendoza.<\/li>\n<li>Vicepresidente 3\u00ba: Daniel Ariosto, por la Uni\u00f3n Comercial e Industrial de Mendoza.<\/li>\n<li>Secretario general: David Crocco, Bolsa de Comercio de Mendoza.<\/li>\n<li>Tesorero: Juan Enrique Viciana, Uni\u00f3n Comercial e Industrial de Mendoza<\/li>\n<li>Protesorero: Marcelo Japaz, Gobierno de Mendoza<\/li>\n<li>Vocal: Domingo Franchetti, por la Federaci\u00f3n Econ\u00f3mica de Mendoza.<\/li>\n<\/ul>\n","protected":false},"excerpt":{"rendered":"<p>En el aniversario de su creaci\u00f3n, el titular de la cartera de Econom\u00eda y Energ\u00eda\u00a0destac\u00f3 la importancia del trabajo que la entidad viene realizando en materia de exportaciones para el&#8230;<\/p>\n","protected":false},"author":1,"featured_media":10370,"comment_status":"closed","ping_status":"open","sticky":false,"template":"","format":"image","meta":[],"categories":[54],"tags":[],"_links":{"self":[{"href":"https:\/\/www.promendoza.com\/es\/wp-json\/wp\/v2\/posts\/10369"}],"collection":[{"href":"https:\/\/www.promendoza.com\/es\/wp-json\/wp\/v2\/posts"}],"about":[{"href":"https:\/\/www.promendoza.com\/es\/wp-json\/wp\/v2\/types\/post"}],"author":[{"embeddable":true,"href":"https:\/\/www.promendoza.com\/es\/wp-json\/wp\/v2\/users\/1"}],"replies":[{"embeddable":true,"href":"https:\/\/www.promendoza.com\/es\/wp-json\/wp\/v2\/comments?post=10369"}],"version-history":[{"count":2,"href":"https:\/\/www.promendoza.com\/es\/wp-json\/wp\/v2\/posts\/10369\/revisions"}],"predecessor-version":[{"id":10372,"href":"https:\/\/www.promendoza.com\/es\/wp-json\/wp\/v2\/posts\/10369\/revisions\/10372"}],"wp:featuredmedia":[{"embeddable":true,"href":"https:\/\/www.promendoza.com\/es\/wp-json\/wp\/v2\/media\/10370"}],"wp:attachment":[{"href":"https:\/\/www.promendoza.com\/es\/wp-json\/wp\/v2\/media?parent=10369"}],"wp:term":[{"taxonomy":"category","embeddable":true,"href":"https:\/\/www.promendoza.com\/es\/wp-json\/wp\/v2\/categories?post=10369"},{"taxonomy":"post_tag","embeddable":true,"href":"https:\/\/www.promendoza.com\/es\/wp-json\/wp\/v2\/tags?post=10369"}],"curies":[{"name":"wp","href":"https:\/\/api.w.org\/{rel}","templated":true}]}}