{"id":10425,"date":"2020-09-03T15:30:37","date_gmt":"2020-09-03T15:30:37","guid":{"rendered":"https:\/\/www.promendoza.com\/es\/?p=10425"},"modified":"2021-03-06T16:01:16","modified_gmt":"2021-03-06T16:01:16","slug":"promendoza-concreto-ronda-de-negocios-virtual-con-importadores-de-bolivia","status":"publish","type":"post","link":"https:\/\/www.promendoza.com\/es\/promendoza-concreto-ronda-de-negocios-virtual-con-importadores-de-bolivia\/","title":{"rendered":"ProMendoza concret\u00f3 ronda de negocios virtual con importadores de Bolivia"},"content":{"rendered":"<style type=\"text\/css\"><\/style><div>\n<div id=\"m_7022724577704079073ydp13dac939yiv6670508977ydp9a21cefdyiv0840903886\">\n<div id=\"m_7022724577704079073ydp13dac939yiv6670508977ydp9a21cefdyiv0840903886ydp9aa52144yahoo_quoted_9606893038\">\n<div id=\"m_7022724577704079073ydp13dac939yiv6670508977ydp9a21cefdyiv0840903886ydp9aa52144yiv7479294904\">\n<div dir=\"ltr\">\n<h4>Hasta el 8 de setiembre se desarrolla la ronda de negocios virtual con importadores de Bolivia. Se trata de siete d\u00edas de encuentros comerciales con seis importadores de alimentos y vinos de ese pa\u00eds que buscan productos de todos los oasis de Mendoza.<\/h4>\n<p>Participan m\u00e1s de 50 pymes mendocinas, que ofrecen sus productos de manera virtual mediante una agenda previamente organizada por los t\u00e9cnicos de ProMendoza, seg\u00fan el perfil de cada importador. <a href=\"https:\/\/www.promendoza.com\/wp-content\/uploads\/2020\/09\/ronda-Bolivia-2-700x394-1.png\"><img loading=\"lazy\" class=\"wp-image-10429 alignright\" src=\"https:\/\/www.promendoza.com\/wp-content\/uploads\/2020\/09\/ronda-Bolivia-2-700x394-1.png\" alt=\"\" width=\"528\" height=\"297\" srcset=\"https:\/\/www.promendoza.com\/wp-content\/uploads\/2020\/09\/ronda-Bolivia-2-700x394-1.png 700w, https:\/\/www.promendoza.com\/wp-content\/uploads\/2020\/09\/ronda-Bolivia-2-700x394-1-300x169.png 300w, https:\/\/www.promendoza.com\/wp-content\/uploads\/2020\/09\/ronda-Bolivia-2-700x394-1-580x326.png 580w\" sizes=\"(max-width: 528px) 100vw, 528px\" \/><\/a><\/p>\n<p>Cada d\u00eda se\u00a0re\u00fane\u00a0un importador con las empresas que pueden ofrecer los productos de su inter\u00e9s. En alimentos: frutas secas y desecadas, aceitunas y aceite de oliva, alimentos gourmet, duraznos en conserva y c\u00f3ctel de frutas. En vinos: de alta, media y baja gama.<\/p>\n<\/div>\n<\/div>\n<\/div>\n<\/div>\n<\/div>\n<div id=\"m_7022724577704079073ydp13dac939yiv6670508977yqtfd98200\">\n<div id=\"m_7022724577704079073ydp13dac939yiv6670508977ydp42b0608yiv0840903886yqtfd57034\">\n<p>El importante encuentro de negocios es organizado por el Consulado en Santa Cruz de la Sierra, la Embajada de Argentina en Bolivia y la Fundaci\u00f3n ProMendoza, quienes reunieron a importadores y empresas mendocinas.<\/p>\n<p><b>El importador de Bolivia que naci\u00f3 en Mendoza<\/b><\/p>\n<p>Walter Esteban P\u00e9rez, due\u00f1o de la importadora J\u00fapiter, asegur\u00f3 que los alimentos mendocinos tienen oportunidades en el mercado boliviano por su calidad y por el valor agregado que les da ser productos envasados en origen. <a href=\"https:\/\/www.promendoza.com\/wp-content\/uploads\/2020\/09\/ronda-Bolivia-4-700x377-1.png\"><img loading=\"lazy\" class=\"wp-image-10427 alignleft\" src=\"https:\/\/www.promendoza.com\/wp-content\/uploads\/2020\/09\/ronda-Bolivia-4-700x377-1.png\" alt=\"\" width=\"417\" height=\"225\" srcset=\"https:\/\/www.promendoza.com\/wp-content\/uploads\/2020\/09\/ronda-Bolivia-4-700x377-1.png 700w, https:\/\/www.promendoza.com\/wp-content\/uploads\/2020\/09\/ronda-Bolivia-4-700x377-1-300x162.png 300w, https:\/\/www.promendoza.com\/wp-content\/uploads\/2020\/09\/ronda-Bolivia-4-700x377-1-580x312.png 580w\" sizes=\"(max-width: 417px) 100vw, 417px\" \/><\/a><\/p>\n<p>La producci\u00f3n agr\u00edcola de Mendoza es reconocida a nivel mundial y tiene integrada de manera vertical casi todo el proceso productivo de alimentos, lo cual les da un plus en Bolivia. Mendoza es conocida por sus vinos de calidad, lo que le da prestigio a toda su oferta exportable.<\/p>\n<p>\u201cEstoy convencido de que vamos a generar negocios en esta ronda, porque el precio y la calidad prima mucho en Bolivia y Mendoza tiene ambas. A m\u00ed me interesa avanzar en alimentos y aceites y he visto una producci\u00f3n interesante\u201d, sostiene P\u00e9rez.<\/p>\n<p>\u201cAdem\u00e1s, las inscripciones son muy r\u00e1pidas en Bolivia: en 20 d\u00edas se puede empezar a importar y casi sin aranceles, porque tenemos un buen acuerdo comercial con Argentina\u201d, explica. <a href=\"https:\/\/www.promendoza.com\/wp-content\/uploads\/2020\/09\/13964a64-c4a6-49ea-b2ff-d87e77eaccd4-700x362-1.jpg\"><img loading=\"lazy\" class=\"wp-image-10428 alignright\" src=\"https:\/\/www.promendoza.com\/wp-content\/uploads\/2020\/09\/13964a64-c4a6-49ea-b2ff-d87e77eaccd4-700x362-1.jpg\" alt=\"\" width=\"500\" height=\"259\" srcset=\"https:\/\/www.promendoza.com\/wp-content\/uploads\/2020\/09\/13964a64-c4a6-49ea-b2ff-d87e77eaccd4-700x362-1.jpg 700w, https:\/\/www.promendoza.com\/wp-content\/uploads\/2020\/09\/13964a64-c4a6-49ea-b2ff-d87e77eaccd4-700x362-1-300x155.jpg 300w, https:\/\/www.promendoza.com\/wp-content\/uploads\/2020\/09\/13964a64-c4a6-49ea-b2ff-d87e77eaccd4-700x362-1-580x300.jpg 580w\" sizes=\"(max-width: 500px) 100vw, 500px\" \/><\/a><\/p>\n<p>Walter hace 15 a\u00f1os que vive en Bolivia. Al principio trabajaba para una importante empresa argentina con sede en Bolivia, pero hace tres a\u00f1os compr\u00f3 su propia distribuidora a otros argentinos. J\u00fapiter SRL es una empresa con prestigio, con m\u00e1s de 40 a\u00f1os de experiencia, que distribuye sus productos a supermercados y restaurantes.<\/p>\n<p><b>Grandes equipos en el exterior<\/b><\/p>\n<p>Las embajadas y consulados de Argentina en el exterior son buenos aliados a la hora de generar oportunidades de negocio.<\/p>\n<p><a href=\"https:\/\/www.promendoza.com\/wp-content\/uploads\/2020\/09\/888572f3-441f-49b5-88b5-67f265cd4225-700x395-1.jpg\"><img loading=\"lazy\" class=\"wp-image-10430 alignleft\" src=\"https:\/\/www.promendoza.com\/wp-content\/uploads\/2020\/09\/888572f3-441f-49b5-88b5-67f265cd4225-700x395-1.jpg\" alt=\"\" width=\"479\" height=\"271\" srcset=\"https:\/\/www.promendoza.com\/wp-content\/uploads\/2020\/09\/888572f3-441f-49b5-88b5-67f265cd4225-700x395-1.jpg 700w, https:\/\/www.promendoza.com\/wp-content\/uploads\/2020\/09\/888572f3-441f-49b5-88b5-67f265cd4225-700x395-1-300x169.jpg 300w, https:\/\/www.promendoza.com\/wp-content\/uploads\/2020\/09\/888572f3-441f-49b5-88b5-67f265cd4225-700x395-1-580x327.jpg 580w\" sizes=\"(max-width: 479px) 100vw, 479px\" \/><\/a><\/p>\n<p>Es por ello que, gracias a la comunicaci\u00f3n entre el c\u00f3nsul argentino en Santa Cruz de la Sierra, Roberto Carlos Dupuy, y los coordinadores de ProMendoza, surgi\u00f3 esta ronda.<\/p>\n<p>El mercado de alimentos de Bolivia ha seguido muy activo a pesar de la pandemia, sobre todo en Santa Cruz de la Sierra y La Paz, ya que son ciudades de mucho consumo.<\/p>\n<p>Los rubros seleccionados han sido frutas secas y desecadas, aceitunas, aceite de oliva, duraznos en conserva, c\u00f3ctel de frutas, especias, jaleas, mermeladas y vinos.<\/p>\n<p>Cabe resaltar el nivel de profesionalismo demostrado por las empresas importadoras, tanto en el cumplimiento de los horarios como en la cordialidad y claridad para expresar sus necesidades.<\/p>\n<p>Esta es otra ronda de negocios virtual que organiza ProMendoza en este contexto de pandemia y servir\u00e1 de base para muchas otras actividades para el sector de alimentos y bebidas.<\/p>\n<\/div>\n<\/div>\n","protected":false},"excerpt":{"rendered":"<p>Hasta el 8 de setiembre se desarrolla la ronda de negocios virtual con importadores de Bolivia. Se trata de siete d\u00edas de encuentros comerciales con seis importadores de alimentos y&#8230;<\/p>\n","protected":false},"author":1,"featured_media":10426,"comment_status":"closed","ping_status":"open","sticky":false,"template":"","format":"image","meta":[],"categories":[99],"tags":[],"_links":{"self":[{"href":"https:\/\/www.promendoza.com\/es\/wp-json\/wp\/v2\/posts\/10425"}],"collection":[{"href":"https:\/\/www.promendoza.com\/es\/wp-json\/wp\/v2\/posts"}],"about":[{"href":"https:\/\/www.promendoza.com\/es\/wp-json\/wp\/v2\/types\/post"}],"author":[{"embeddable":true,"href":"https:\/\/www.promendoza.com\/es\/wp-json\/wp\/v2\/users\/1"}],"replies":[{"embeddable":true,"href":"https:\/\/www.promendoza.com\/es\/wp-json\/wp\/v2\/comments?post=10425"}],"version-history":[{"count":2,"href":"https:\/\/www.promendoza.com\/es\/wp-json\/wp\/v2\/posts\/10425\/revisions"}],"predecessor-version":[{"id":10432,"href":"https:\/\/www.promendoza.com\/es\/wp-json\/wp\/v2\/posts\/10425\/revisions\/10432"}],"wp:featuredmedia":[{"embeddable":true,"href":"https:\/\/www.promendoza.com\/es\/wp-json\/wp\/v2\/media\/10426"}],"wp:attachment":[{"href":"https:\/\/www.promendoza.com\/es\/wp-json\/wp\/v2\/media?parent=10425"}],"wp:term":[{"taxonomy":"category","embeddable":true,"href":"https:\/\/www.promendoza.com\/es\/wp-json\/wp\/v2\/categories?post=10425"},{"taxonomy":"post_tag","embeddable":true,"href":"https:\/\/www.promendoza.com\/es\/wp-json\/wp\/v2\/tags?post=10425"}],"curies":[{"name":"wp","href":"https:\/\/api.w.org\/{rel}","templated":true}]}}