{"id":10433,"date":"2020-09-05T15:38:44","date_gmt":"2020-09-05T15:38:44","guid":{"rendered":"https:\/\/www.promendoza.com\/es\/?p=10433"},"modified":"2021-03-06T16:01:16","modified_gmt":"2021-03-06T16:01:16","slug":"prochile-promendoza-y-puerto-valparaiso-se-unen-para-estimular-comercio-por-el-oceano-pacifico","status":"publish","type":"post","link":"https:\/\/www.promendoza.com\/es\/prochile-promendoza-y-puerto-valparaiso-se-unen-para-estimular-comercio-por-el-oceano-pacifico\/","title":{"rendered":"ProChile, ProMendoza y Puerto Valpara\u00edso se unen para estimular comercio por el oc\u00e9ano Pac\u00edfico"},"content":{"rendered":"<style type=\"text\/css\"><\/style><h4>Se conectaron \u00a0m\u00e1s de 200 empresas especialmente de Sudam\u00e9rica (Argentina, Uruguay, Paraguay, Brasil), pero el encuentro tambi\u00e9n despert\u00f3 inter\u00e9s en pa\u00edses europeos. Entre los participantes se identificaron representantes de empresas exportadoras e importadoras, despachantes de aduana,\u00a0<em>fordwarders<\/em>, agentes de transporte y asociaciones empresariales vinculadas al comercio exterior con inter\u00e9s en salir a mercados internacionales a trav\u00e9s del Oc\u00e9ano Pac\u00edfico.<\/h4>\n<p>ProChile, ProMendoza y la empresa chilena Puerto de Valpara\u00edso realizaron el primer\u00a0<em>roadshow<\/em>\u00a0en l\u00ednea \u201cPuerto Valpara\u00edso al servicio de los negocios del Cono Sur\u201d.<\/p>\n<p><a href=\"https:\/\/www.promendoza.com\/wp-content\/uploads\/2020\/09\/Valparaiso-9-700x409-1.jpg\"><img loading=\"lazy\" class=\"wp-image-10436 alignleft\" src=\"https:\/\/www.promendoza.com\/wp-content\/uploads\/2020\/09\/Valparaiso-9-700x409-1.jpg\" alt=\"\" width=\"505\" height=\"295\" srcset=\"https:\/\/www.promendoza.com\/wp-content\/uploads\/2020\/09\/Valparaiso-9-700x409-1.jpg 700w, https:\/\/www.promendoza.com\/wp-content\/uploads\/2020\/09\/Valparaiso-9-700x409-1-300x175.jpg 300w, https:\/\/www.promendoza.com\/wp-content\/uploads\/2020\/09\/Valparaiso-9-700x409-1-580x339.jpg 580w\" sizes=\"(max-width: 505px) 100vw, 505px\" \/><\/a><\/p>\n<p>En la actividad, que tuvo lugar el \u00faltimo jueves, la empresa portuaria chilena (https:\/\/www.puertovalparaiso.cl\/) present\u00f3 las oportunidades que ofrece la zona para estimular el intercambio comercial de Chile con la regi\u00f3n de Cuyo y con toda esta parte del continente.<\/p>\n<p>Se conectaron \u00a0m\u00e1s de 200 empresas especialmente de Sudam\u00e9rica (Argentina, Uruguay, Paraguay, Brasil), pero el encuentro tambi\u00e9n despert\u00f3 inter\u00e9s en pa\u00edses europeos. Entre los participantes se identificaron representantes de empresas exportadoras e importadoras, despachantes de aduana,\u00a0<em>fordwarders<\/em>, agentes de transporte y asociaciones empresariales vinculadas al comercio exterior con inter\u00e9s en salir a mercados internacionales a trav\u00e9s del Oc\u00e9ano Pac\u00edfico.<\/p>\n<p>Durante el encuentro de negocios, Mario L\u00e1zzaro, gerente general de ProMendoza, destac\u00f3 que \u201csiempre nos sentimos muy c\u00f3modo trabajando con ProChile\u201d, al tiempo que agradeci\u00f3 la convocatoria del Puerto de Valpara\u00edso en este encuentro.<a href=\"https:\/\/www.promendoza.com\/wp-content\/uploads\/2020\/09\/Valparaiso-4.jpg\"><img loading=\"lazy\" class=\"wp-image-10435 alignright\" src=\"https:\/\/www.promendoza.com\/wp-content\/uploads\/2020\/09\/Valparaiso-4.jpg\" alt=\"\" width=\"623\" height=\"297\" srcset=\"https:\/\/www.promendoza.com\/wp-content\/uploads\/2020\/09\/Valparaiso-4.jpg 1080w, https:\/\/www.promendoza.com\/wp-content\/uploads\/2020\/09\/Valparaiso-4-300x143.jpg 300w, https:\/\/www.promendoza.com\/wp-content\/uploads\/2020\/09\/Valparaiso-4-1024x488.jpg 1024w, https:\/\/www.promendoza.com\/wp-content\/uploads\/2020\/09\/Valparaiso-4-768x366.jpg 768w, https:\/\/www.promendoza.com\/wp-content\/uploads\/2020\/09\/Valparaiso-4-820x391.jpg 820w, https:\/\/www.promendoza.com\/wp-content\/uploads\/2020\/09\/Valparaiso-4-580x277.jpg 580w\" sizes=\"(max-width: 623px) 100vw, 623px\" \/><\/a><\/p>\n<p>\u201cLa relaci\u00f3n con Chile es para la Argentina, y especialmente para Mendoza, trascendental\u201d, asegur\u00f3 L\u00e1zzaro, y agreg\u00f3 que \u201cla conformaci\u00f3n de la macrorregi\u00f3n entre Mendoza y la regi\u00f3n central de Chile ser\u00e1 una gran oportunidad para nuestras empresas y para nuestras econom\u00edas\u201d.<\/p>\n<p>\u201cLa posici\u00f3n que tiene Mendoza en el Corredor Bioce\u00e1nico, como salida de Argentina hacia el Pac\u00edfico y como entrada del Pac\u00edfico hacia Argentina, se est\u00e1 consolidando cada vez m\u00e1s\u201d, dijo. Adem\u00e1s, destac\u00f3 la importancia del \u201cAcuerdo de Libre Comercio e Inversiones entre Argentina y Chile, que pr\u00e1cticamente nos convierte en una misma regi\u00f3n para crear negocios\u201d.<\/p>\n<p>\u201cEl trabajo conjunto de las canciller\u00edas y de las agencias de promoci\u00f3n nos permite seguir avanzando con los encadenamientos productivos para trabajar sin\u00e9rgicamente para el incremento de las exportaciones por medio de la asociatividad de las empresas de ambos pa\u00edses\u201d, expres\u00f3 L\u00e1zzaro.<\/p>\n<p>Por \u00faltimo, el gerente de ProMendoza mencion\u00f3 que \u201clas inversiones que ambos pa\u00edses han anunciado en obras de infraestructura para mejorar rutas y caminos que nos vinculan y mejoran la competitividad ser\u00e1n una gran oportunidad para crear nodos log\u00edsticos que traer\u00e1n una amplia repercusi\u00f3n econ\u00f3mica para nuestros pa\u00edses\u201d.<\/p>\n<p>Por su parte, Juan P\u00e1ez, jefe de la Oficina Comercial de ProChile en Argentina, subray\u00f3 el hist\u00f3rico fuerte v\u00ednculo econ\u00f3mico que une a Chile con la regi\u00f3n de Cuyo y las oportunidades que se abren para el comercio a partir del acuerdo comercial vigente desde mayo de 2019 entre Chile y Argentina, el cual incluye un cap\u00edtulo de servicios.<\/p>\n<p>En este aspecto, resalt\u00f3 que las empresas portuarias chilenas han aumentado su oferta con una profunda modernizaci\u00f3n de los servicios log\u00edsticos. Un claro ejemplo de esto es la Empresa Portuaria de Valpara\u00edso, que representa una oportunidad para las firmas de este lado de la cordillera que est\u00e9n pensando en fortalecer su comercio a trav\u00e9s del oc\u00e9ano Pac\u00edfico, contando para esto con una v\u00eda terrestre estrat\u00e9gica como es el Paso Los Libertadores, ruta que en los \u00faltimos a\u00f1os ha tenido una fuerte inversi\u00f3n de ambos pa\u00edses para su modernizaci\u00f3n. <a href=\"https:\/\/www.promendoza.com\/wp-content\/uploads\/2020\/09\/Valparaiso-8-700x395-1.jpg\"><img loading=\"lazy\" class=\"wp-image-10437 alignright\" src=\"https:\/\/www.promendoza.com\/wp-content\/uploads\/2020\/09\/Valparaiso-8-700x395-1.jpg\" alt=\"\" width=\"608\" height=\"343\" srcset=\"https:\/\/www.promendoza.com\/wp-content\/uploads\/2020\/09\/Valparaiso-8-700x395-1.jpg 700w, https:\/\/www.promendoza.com\/wp-content\/uploads\/2020\/09\/Valparaiso-8-700x395-1-300x169.jpg 300w, https:\/\/www.promendoza.com\/wp-content\/uploads\/2020\/09\/Valparaiso-8-700x395-1-580x327.jpg 580w\" sizes=\"(max-width: 608px) 100vw, 608px\" \/><\/a><\/p>\n<p>\u201cCiertamente, Los Libertadores es la v\u00eda fundamental de conexi\u00f3n entre Chile y Argentina. Por esta v\u00eda estrat\u00e9gica, en cuyos esfuerzos de modernizaci\u00f3n los dos pa\u00edses est\u00e1n plenamente comprometidos, pasa gran parte de la carga de Chile con Argentina y de Chile y otros pa\u00edses con Mercosur. Hoy, la pandemia que enfrentan nuestros pa\u00edses nos obliga tambi\u00e9n a fortalecer la cooperaci\u00f3n y los v\u00ednculos, buscando estrategias creativas que nos permitan seguir estimulando el comercio bilateral y las inversiones\u201d, manifest\u00f3 Juan P\u00e1ez.<\/p>\n<p>Por parte de Puerto de Valpara\u00edso expusieron Carlos C\u00e1rcamo Ortiz, gerente de la empresa, y Juan Marcos Mancilla, gerente de Log\u00edstica. Este \u00faltimo puso \u00e9nfasis en los principales servicios que ofrece el puerto para el comercio en t\u00e9rminos de infraestructura, servicios de log\u00edstica, modelo de negocios, plan de modernizaci\u00f3n y su importancia estrat\u00e9gica para el comercio de Sudam\u00e9rica con los pa\u00edses ribere\u00f1os del oc\u00e9ano Pac\u00edfico, especialmente en Asia y Norteam\u00e9rica.<\/p>\n<p>Adem\u00e1s, en la sesi\u00f3n de negocios se realiz\u00f3 una descripci\u00f3n general e invitaci\u00f3n del encuentro\u00a0<a href=\"https:\/\/enloce2020.cl\/\">Enloce 2021<\/a>, uno de los mayores eventos de log\u00edstica de Sudam\u00e9rica.<\/p>\n","protected":false},"excerpt":{"rendered":"<p>Se conectaron \u00a0m\u00e1s de 200 empresas especialmente de Sudam\u00e9rica (Argentina, Uruguay, Paraguay, Brasil), pero el encuentro tambi\u00e9n despert\u00f3 inter\u00e9s en pa\u00edses europeos. Entre los participantes se identificaron representantes de empresas&#8230;<\/p>\n","protected":false},"author":1,"featured_media":10434,"comment_status":"closed","ping_status":"open","sticky":false,"template":"","format":"image","meta":[],"categories":[100],"tags":[],"_links":{"self":[{"href":"https:\/\/www.promendoza.com\/es\/wp-json\/wp\/v2\/posts\/10433"}],"collection":[{"href":"https:\/\/www.promendoza.com\/es\/wp-json\/wp\/v2\/posts"}],"about":[{"href":"https:\/\/www.promendoza.com\/es\/wp-json\/wp\/v2\/types\/post"}],"author":[{"embeddable":true,"href":"https:\/\/www.promendoza.com\/es\/wp-json\/wp\/v2\/users\/1"}],"replies":[{"embeddable":true,"href":"https:\/\/www.promendoza.com\/es\/wp-json\/wp\/v2\/comments?post=10433"}],"version-history":[{"count":2,"href":"https:\/\/www.promendoza.com\/es\/wp-json\/wp\/v2\/posts\/10433\/revisions"}],"predecessor-version":[{"id":10439,"href":"https:\/\/www.promendoza.com\/es\/wp-json\/wp\/v2\/posts\/10433\/revisions\/10439"}],"wp:featuredmedia":[{"embeddable":true,"href":"https:\/\/www.promendoza.com\/es\/wp-json\/wp\/v2\/media\/10434"}],"wp:attachment":[{"href":"https:\/\/www.promendoza.com\/es\/wp-json\/wp\/v2\/media?parent=10433"}],"wp:term":[{"taxonomy":"category","embeddable":true,"href":"https:\/\/www.promendoza.com\/es\/wp-json\/wp\/v2\/categories?post=10433"},{"taxonomy":"post_tag","embeddable":true,"href":"https:\/\/www.promendoza.com\/es\/wp-json\/wp\/v2\/tags?post=10433"}],"curies":[{"name":"wp","href":"https:\/\/api.w.org\/{rel}","templated":true}]}}