{"id":10533,"date":"2021-02-15T15:24:00","date_gmt":"2021-02-15T15:24:00","guid":{"rendered":"https:\/\/www.promendoza.com\/es\/?p=10533"},"modified":"2021-03-06T16:01:16","modified_gmt":"2021-03-06T16:01:16","slug":"promendoza-busca-llegar-a-pymes-con-potencial-exportador-con-la-ayuda-de-los-municipios","status":"publish","type":"post","link":"https:\/\/www.promendoza.com\/es\/promendoza-busca-llegar-a-pymes-con-potencial-exportador-con-la-ayuda-de-los-municipios\/","title":{"rendered":"ProMendoza busca llegar a pymes con potencial exportador con la ayuda de los municipios"},"content":{"rendered":"<style type=\"text\/css\"><\/style>\n<figure class=\"wp-block-image\"><img alt=\"\"\/><\/figure>\n\n\n\n<h5>El gerente de ProMendoza, Mario L\u00e1zzaro y &nbsp;el intendente de Las Heras, Daniel Orozco, firmaron un convenio de cooperaci\u00f3n para acercar a las pymes de ese departamento a los programas de internacionalizaci\u00f3n que ofrece la Provincia.<\/h5>\n\n\n\n<p>\u201cUno de los ejes este a\u00f1o en la planificaci\u00f3n de ProMendoza es el desarrollo departamental, es decir, llegar a m\u00e1s empresas peque\u00f1as con potencial exportador. Para ello estamos creciendo en la relaci\u00f3n y el trabajo conjunto con organismos p\u00fablicos y privados, que sean nuestros conductores para lograr una mayor capilaridad territorial\u201d, explic\u00f3 el gerente de ProMendoza, Mario L\u00e1zzaro.<\/p>\n\n\n\n<p>En ese marco, el titular de ProMendoza y el intendente de Las Heras, Daniel Orozco, firmaron un convenio de cooperaci\u00f3n para acercar a las pymes lasherinas a los programas de internacionalizaci\u00f3n que ofrece la Provincia.<\/p>\n\n\n\n<p>Durante una distendida reuni\u00f3n, ambos funcionarios acordaron trabajar de manera conjunta y hacer foco en el mercado m\u00e1s cercano que tiene Las Heras que es Chile.<\/p>\n\n\n\n<p>\u201cEl hub log\u00edstico de Los Andes puede ser una oportunidad para los productos de este departamento, que tiene mucho para ofrecer en el exterior\u201d, le coment\u00f3 L\u00e1zzaro al intendente.<\/p>\n\n\n\n<p>Orozco, por su parte, explic\u00f3 que desde hace un tiempo trabajan para acercarse a la V Regi\u00f3n de Chile para desarrollar oportunidades de negocios. \u201cTenemos mucho para vender a Chile, \u00e1ridos para la construcci\u00f3n, muebles y franquicias, pero, adem\u00e1s, algunas empresas est\u00e1n buscando la manera de encadenarse productivamente con el pa\u00eds vecino para llegar a Asia\u201d dijo Orozco.<\/p>\n\n\n\n<p>L\u00e1zzaro agreg\u00f3 que la industria del conocimiento, la innovaci\u00f3n tecnol\u00f3gica y la oferta cultural al exterior puede ser una gran oportunidad en el exterior.<\/p>\n\n\n\n<p>Desde ProMendoza se ofrecen herramientas de financiamiento a las Pymes que deseen comenzar a internacionalizarse o crecer en exportaciones.<\/p>\n\n\n\n<p><strong>Los programas<\/strong><\/p>\n\n\n\n<p>Actualmente ProMendoza dispone de tres programas de acompa\u00f1amiento para las empresas.<\/p>\n\n\n\n<p>Pymexporta: otorga un reembolso de hasta el 50% de gastos de promoci\u00f3n en el exterior.<\/p>\n\n\n\n<p>Nex: ayuda a que las empresas a internacionalizarse, colaborando con el financiamiento de un tutor que guie a la Pyme en el camino exportador.<\/p>\n\n\n\n<p>Dimex: ayuda a una empresa que ya exporta a diversificar sus mercados y tambi\u00e9n cuenta con la asistencia de un profesional especializado.<\/p>\n","protected":false},"excerpt":{"rendered":"<p>El gerente de ProMendoza, Mario L\u00e1zzaro y &nbsp;el intendente de Las Heras, Daniel Orozco, firmaron un convenio de cooperaci\u00f3n para acercar a las pymes de ese departamento a los programas&#8230;<\/p>\n","protected":false},"author":1,"featured_media":10534,"comment_status":"closed","ping_status":"open","sticky":false,"template":"","format":"image","meta":[],"categories":[54],"tags":[],"_links":{"self":[{"href":"https:\/\/www.promendoza.com\/es\/wp-json\/wp\/v2\/posts\/10533"}],"collection":[{"href":"https:\/\/www.promendoza.com\/es\/wp-json\/wp\/v2\/posts"}],"about":[{"href":"https:\/\/www.promendoza.com\/es\/wp-json\/wp\/v2\/types\/post"}],"author":[{"embeddable":true,"href":"https:\/\/www.promendoza.com\/es\/wp-json\/wp\/v2\/users\/1"}],"replies":[{"embeddable":true,"href":"https:\/\/www.promendoza.com\/es\/wp-json\/wp\/v2\/comments?post=10533"}],"version-history":[{"count":2,"href":"https:\/\/www.promendoza.com\/es\/wp-json\/wp\/v2\/posts\/10533\/revisions"}],"predecessor-version":[{"id":10536,"href":"https:\/\/www.promendoza.com\/es\/wp-json\/wp\/v2\/posts\/10533\/revisions\/10536"}],"wp:featuredmedia":[{"embeddable":true,"href":"https:\/\/www.promendoza.com\/es\/wp-json\/wp\/v2\/media\/10534"}],"wp:attachment":[{"href":"https:\/\/www.promendoza.com\/es\/wp-json\/wp\/v2\/media?parent=10533"}],"wp:term":[{"taxonomy":"category","embeddable":true,"href":"https:\/\/www.promendoza.com\/es\/wp-json\/wp\/v2\/categories?post=10533"},{"taxonomy":"post_tag","embeddable":true,"href":"https:\/\/www.promendoza.com\/es\/wp-json\/wp\/v2\/tags?post=10533"}],"curies":[{"name":"wp","href":"https:\/\/api.w.org\/{rel}","templated":true}]}}