{"id":10935,"date":"2021-08-20T14:13:27","date_gmt":"2021-08-20T14:13:27","guid":{"rendered":"https:\/\/www.promendoza.com\/es\/?p=10935"},"modified":"2021-09-22T13:53:48","modified_gmt":"2021-09-22T13:53:48","slug":"una-empresa-familiar-fabrica-insumos-musicales-y-posiciona-a-mendoza-en-el-mundo","status":"publish","type":"post","link":"https:\/\/www.promendoza.com\/es\/una-empresa-familiar-fabrica-insumos-musicales-y-posiciona-a-mendoza-en-el-mundo\/","title":{"rendered":"Una empresa familiar fabrica insumos musicales y posiciona a Mendoza en el mundo"},"content":{"rendered":"<style type=\"text\/css\"><\/style>\n<figure class=\"wp-block-image\"><img alt=\"\"\/><\/figure>\n\n\n\n<p>La provincia es reconocida internacionalmente, gracias al trabajo de la familia Gonz\u00e1lez, que en 1982 comenz\u00f3 a vender materia prima a Vandoren, la empresa francesa pionera en la fabricaci\u00f3n de insumos musicales y en 2020 vendi\u00f3 500 mil leng\u00fcetas a m\u00e1s de 30 pa\u00edses en el mundo.<\/p>\n\n\n\n<p><br>\u201cEstamos pudiendo sobrellevar la pandemia, por que las ventas se mantuvieron y no se detuvo el crecimiento anual proyectado. Estuvimos muy poco tiempo cerrados, s\u00f3lo un mes, volvimos al trabajo con todas las medidas sanitarias para cuidar a nuestros empleados, y nuestros clientes mundiales siguieron vendiendo online. Adem\u00e1s, los m\u00fasicos son talentos proactivos y que encontraron la manera de dar conciertos virtuales, por lo tanto, la demanda nunca cay\u00f3\u201d explic\u00f3 Emiliano Gonz\u00e1lez, integrante de la tercera generaci\u00f3n de la empresa familiar. \u201cAbrimos antes que Estados Unidos y Francia, eso nos dio una peque\u00f1a ventaja, para concretar algunas ventas extras\u201d agreg\u00f3.<\/p>\n\n\n\n<p><br>Gonz\u00e1lez Reeds es la \u00fanica empresa de este estilo en Latinoam\u00e9rica, \u201cen Am\u00e9rica somos dos y en el mundo 4 \u00f3 5 de renombre. Pero, si bien la competencia es poca a nivel mundial, la distancia complica las ventas para nosotros\u201d coment\u00f3 Emiliano, qui\u00e9n sue\u00f1a que Mendoza tenga alg\u00fan d\u00eda su propia marca provincial que distinga a los productos vendidos afuera, \u201ceso potenciar\u00eda a la industria y nos facilitar\u00eda el camino a todos. Tenemos muchas caracter\u00edsticas que nos distinguen, adem\u00e1s, somos competitivos y serios para trabajar, por lo que estoy seguro que una marca paraguas, nos sumar\u00eda prestigio y presencia mundial a las empresas de todos los rubros\u201d.<\/p>\n\n\n\n<figure class=\"wp-block-gallery columns-3 is-cropped\"><ul class=\"blocks-gallery-grid\"><li class=\"blocks-gallery-item\"><figure><img loading=\"lazy\" width=\"1024\" height=\"683\" src=\"https:\/\/www.promendoza.com\/wp-content\/uploads\/2021\/08\/Tres-generaciones-1024x683.jpg\" alt=\"\" data-id=\"10930\" data-full-url=\"https:\/\/www.promendoza.com\/wp-content\/uploads\/2021\/08\/Tres-generaciones.jpg\" data-link=\"https:\/\/www.promendoza.com\/es\/una-empresa-familiar-fabrica-insumos-musicales__trashed\/tres-generaciones\/\" class=\"wp-image-10930\" srcset=\"https:\/\/www.promendoza.com\/wp-content\/uploads\/2021\/08\/Tres-generaciones-1024x683.jpg 1024w, https:\/\/www.promendoza.com\/wp-content\/uploads\/2021\/08\/Tres-generaciones-300x200.jpg 300w, https:\/\/www.promendoza.com\/wp-content\/uploads\/2021\/08\/Tres-generaciones-768x512.jpg 768w, https:\/\/www.promendoza.com\/wp-content\/uploads\/2021\/08\/Tres-generaciones-580x387.jpg 580w, https:\/\/www.promendoza.com\/wp-content\/uploads\/2021\/08\/Tres-generaciones-820x547.jpg 820w, https:\/\/www.promendoza.com\/wp-content\/uploads\/2021\/08\/Tres-generaciones.jpg 1037w\" sizes=\"(max-width: 1024px) 100vw, 1024px\" \/><\/figure><\/li><li class=\"blocks-gallery-item\"><figure><img loading=\"lazy\" width=\"896\" height=\"598\" src=\"https:\/\/www.promendoza.com\/wp-content\/uploads\/2021\/08\/Juan-Jose-Gonzalez.jpg\" alt=\"\" data-id=\"10927\" data-full-url=\"https:\/\/www.promendoza.com\/wp-content\/uploads\/2021\/08\/Juan-Jose-Gonzalez.jpg\" data-link=\"https:\/\/www.promendoza.com\/es\/una-empresa-familiar-fabrica-insumos-musicales__trashed\/juan-jose-gonzalez\/\" class=\"wp-image-10927\" srcset=\"https:\/\/www.promendoza.com\/wp-content\/uploads\/2021\/08\/Juan-Jose-Gonzalez.jpg 896w, https:\/\/www.promendoza.com\/wp-content\/uploads\/2021\/08\/Juan-Jose-Gonzalez-300x200.jpg 300w, https:\/\/www.promendoza.com\/wp-content\/uploads\/2021\/08\/Juan-Jose-Gonzalez-768x513.jpg 768w, https:\/\/www.promendoza.com\/wp-content\/uploads\/2021\/08\/Juan-Jose-Gonzalez-580x387.jpg 580w, https:\/\/www.promendoza.com\/wp-content\/uploads\/2021\/08\/Juan-Jose-Gonzalez-820x547.jpg 820w\" sizes=\"(max-width: 896px) 100vw, 896px\" \/><\/figure><\/li><li class=\"blocks-gallery-item\"><figure><img loading=\"lazy\" width=\"972\" height=\"541\" src=\"https:\/\/www.promendoza.com\/wp-content\/uploads\/2021\/08\/Juan-Gonzalez-01.jpg\" alt=\"\" data-id=\"10926\" data-full-url=\"https:\/\/www.promendoza.com\/wp-content\/uploads\/2021\/08\/Juan-Gonzalez-01.jpg\" data-link=\"https:\/\/www.promendoza.com\/es\/una-empresa-familiar-fabrica-insumos-musicales__trashed\/juan-gonzalez-01\/\" class=\"wp-image-10926\" srcset=\"https:\/\/www.promendoza.com\/wp-content\/uploads\/2021\/08\/Juan-Gonzalez-01.jpg 972w, https:\/\/www.promendoza.com\/wp-content\/uploads\/2021\/08\/Juan-Gonzalez-01-300x167.jpg 300w, https:\/\/www.promendoza.com\/wp-content\/uploads\/2021\/08\/Juan-Gonzalez-01-768x427.jpg 768w, https:\/\/www.promendoza.com\/wp-content\/uploads\/2021\/08\/Juan-Gonzalez-01-580x323.jpg 580w, https:\/\/www.promendoza.com\/wp-content\/uploads\/2021\/08\/Juan-Gonzalez-01-820x456.jpg 820w\" sizes=\"(max-width: 972px) 100vw, 972px\" \/><\/figure><\/li><\/ul><\/figure>\n\n\n\n<p><strong>En el comienzo exportaban materia prima<\/strong><br>Juan Jos\u00e9 Gonz\u00e1lez, hoy tiene 91 a\u00f1os, es m\u00fasico y lleg\u00f3 a la provincia en la d\u00e9cada del sesenta para integrar como obo\u00edsta, la Orquesta de M\u00fasica de la Universidad de Cuyo y la c\u00e1tedra de Oboe, su especialidad.<\/p>\n\n\n\n<p><br>Juan Jos\u00e9 acostumbraba a hacer sus propias leng\u00fcetas, y continu\u00f3 en Mendoza con su hobby. La leng\u00fceta es un accesorio imprescindible para los instrumentos como el oboe, el fagot, el corno ingl\u00e9s, los clarinetes y los saxofones, ya que son las encargadas de producir el sonido al vibrar con el viento que se produce al soplar a trav\u00e9s del instrumento.<br><\/p>\n\n\n\n<p>En los ochenta, Vandoren, comienza a buscar en el mundo materia prima de calidad para agrandar su negocio. Es as\u00ed, que Juan Jos\u00e9, conocedor de la ca\u00f1a mendocina, junto a su hijo Juan Pablo, inician el negocio exportando ca\u00f1a salvaje, estacionada y fraccionada, sin saber que un d\u00eda pondr\u00edan a Mendoza en el mapa de los lugares m\u00e1s importantes del mundo en este rubro, con su empresa, Gonzalez Reeds.<br>Mientras desandaban el camino de la exportaci\u00f3n de ca\u00f1a, fueron aprendiendo que la hostilidad del suelo y la amplitud t\u00e9rmica favorec\u00edan la resistencia del material, produciendo una ca\u00f1a m\u00e1s apta para el trabajo manual o industrial. De a poco comenzaron la fabricaci\u00f3n de leng\u00fcetas en la provincia, y el camino de la exportaci\u00f3n del insumo.<\/p>\n\n\n\n<figure class=\"wp-block-gallery columns-2 is-cropped\"><ul class=\"blocks-gallery-grid\"><li class=\"blocks-gallery-item\"><figure><img loading=\"lazy\" width=\"900\" height=\"669\" src=\"https:\/\/www.promendoza.com\/wp-content\/uploads\/2021\/08\/Aereo-Finca.jpg\" alt=\"\" data-id=\"10924\" data-full-url=\"https:\/\/www.promendoza.com\/wp-content\/uploads\/2021\/08\/Aereo-Finca.jpg\" data-link=\"https:\/\/www.promendoza.com\/es\/una-empresa-familiar-fabrica-insumos-musicales__trashed\/aereo-finca\/\" class=\"wp-image-10924\" srcset=\"https:\/\/www.promendoza.com\/wp-content\/uploads\/2021\/08\/Aereo-Finca.jpg 900w, https:\/\/www.promendoza.com\/wp-content\/uploads\/2021\/08\/Aereo-Finca-300x223.jpg 300w, https:\/\/www.promendoza.com\/wp-content\/uploads\/2021\/08\/Aereo-Finca-768x571.jpg 768w, https:\/\/www.promendoza.com\/wp-content\/uploads\/2021\/08\/Aereo-Finca-580x431.jpg 580w, https:\/\/www.promendoza.com\/wp-content\/uploads\/2021\/08\/Aereo-Finca-820x610.jpg 820w\" sizes=\"(max-width: 900px) 100vw, 900px\" \/><\/figure><\/li><li class=\"blocks-gallery-item\"><figure><img loading=\"lazy\" width=\"756\" height=\"756\" src=\"https:\/\/www.promendoza.com\/wp-content\/uploads\/2021\/08\/Aereo-Finca-en-3-de-mayo.jpg\" alt=\"\" data-id=\"10923\" data-full-url=\"https:\/\/www.promendoza.com\/wp-content\/uploads\/2021\/08\/Aereo-Finca-en-3-de-mayo.jpg\" data-link=\"https:\/\/www.promendoza.com\/es\/una-empresa-familiar-fabrica-insumos-musicales__trashed\/aereo-finca-en-3-de-mayo\/\" class=\"wp-image-10923\" srcset=\"https:\/\/www.promendoza.com\/wp-content\/uploads\/2021\/08\/Aereo-Finca-en-3-de-mayo.jpg 756w, https:\/\/www.promendoza.com\/wp-content\/uploads\/2021\/08\/Aereo-Finca-en-3-de-mayo-300x300.jpg 300w, https:\/\/www.promendoza.com\/wp-content\/uploads\/2021\/08\/Aereo-Finca-en-3-de-mayo-150x150.jpg 150w, https:\/\/www.promendoza.com\/wp-content\/uploads\/2021\/08\/Aereo-Finca-en-3-de-mayo-55x55.jpg 55w, https:\/\/www.promendoza.com\/wp-content\/uploads\/2021\/08\/Aereo-Finca-en-3-de-mayo-250x250.jpg 250w, https:\/\/www.promendoza.com\/wp-content\/uploads\/2021\/08\/Aereo-Finca-en-3-de-mayo-580x580.jpg 580w\" sizes=\"(max-width: 756px) 100vw, 756px\" \/><\/figure><\/li><\/ul><\/figure>\n\n\n\n<p><strong>Las leng\u00fcetas mendocinas presentes en m\u00e1s de 30 pa\u00edses<\/strong><br>Gonz\u00e1lez Reeds ha hecho un camino \u00fanico exportando un producto poco convencional y ya llega con su producto a m\u00e1s de 30 pa\u00edses, sin descuidar el mercado interno. Las leng\u00fcetas mendocinas se encuentran en China, EEUU, Alemania, Brasil, Jap\u00f3n, Corea, M\u00e9xico, Chile, Israel, Ucrania, Espa\u00f1a, Reino Unido, Colombia, Australia, Nueva Zelanda, Sud\u00e1frica, Noruega, Canad\u00e1, Per\u00fa, Finlandia, Puerto Rico y Francia, entre otros.<\/p>\n\n\n\n<p><br>Para la fabricaci\u00f3n de medio mill\u00f3n de leng\u00fcetas anuales, poseen alrededor de 40 hect\u00e1reas de plantaci\u00f3n de ca\u00f1a y emplean de manera directa alrededor de 15 personas, entre f\u00e1brica y campo, m\u00e1s las contrataciones temporarias en \u00e9poca de cosecha.<\/p>\n\n\n\n<figure class=\"wp-block-gallery columns-2 is-cropped\"><ul class=\"blocks-gallery-grid\"><li class=\"blocks-gallery-item\"><figure><img loading=\"lazy\" width=\"1024\" height=\"683\" src=\"https:\/\/www.promendoza.com\/wp-content\/uploads\/2021\/08\/Cana-Doble-1024x683.jpg\" alt=\"\" data-id=\"10925\" data-full-url=\"https:\/\/www.promendoza.com\/wp-content\/uploads\/2021\/08\/Cana-Doble.jpg\" data-link=\"https:\/\/www.promendoza.com\/es\/una-empresa-familiar-fabrica-insumos-musicales__trashed\/cana-doble\/\" class=\"wp-image-10925\" srcset=\"https:\/\/www.promendoza.com\/wp-content\/uploads\/2021\/08\/Cana-Doble-1024x683.jpg 1024w, https:\/\/www.promendoza.com\/wp-content\/uploads\/2021\/08\/Cana-Doble-300x200.jpg 300w, https:\/\/www.promendoza.com\/wp-content\/uploads\/2021\/08\/Cana-Doble-768x512.jpg 768w, https:\/\/www.promendoza.com\/wp-content\/uploads\/2021\/08\/Cana-Doble-580x387.jpg 580w, https:\/\/www.promendoza.com\/wp-content\/uploads\/2021\/08\/Cana-Doble-820x547.jpg 820w, https:\/\/www.promendoza.com\/wp-content\/uploads\/2021\/08\/Cana-Doble.jpg 1037w\" sizes=\"(max-width: 1024px) 100vw, 1024px\" \/><\/figure><\/li><li class=\"blocks-gallery-item\"><figure><img loading=\"lazy\" width=\"657\" height=\"493\" src=\"https:\/\/www.promendoza.com\/wp-content\/uploads\/2021\/08\/Lenguetas-para-clarinete.jpg\" alt=\"\" data-id=\"10928\" data-full-url=\"https:\/\/www.promendoza.com\/wp-content\/uploads\/2021\/08\/Lenguetas-para-clarinete.jpg\" data-link=\"https:\/\/www.promendoza.com\/es\/una-empresa-familiar-fabrica-insumos-musicales__trashed\/lenguetas-para-clarinete\/\" class=\"wp-image-10928\" srcset=\"https:\/\/www.promendoza.com\/wp-content\/uploads\/2021\/08\/Lenguetas-para-clarinete.jpg 657w, https:\/\/www.promendoza.com\/wp-content\/uploads\/2021\/08\/Lenguetas-para-clarinete-300x225.jpg 300w, https:\/\/www.promendoza.com\/wp-content\/uploads\/2021\/08\/Lenguetas-para-clarinete-580x435.jpg 580w\" sizes=\"(max-width: 657px) 100vw, 657px\" \/><\/figure><\/li><\/ul><\/figure>\n","protected":false},"excerpt":{"rendered":"<p>La provincia es reconocida internacionalmente, gracias al trabajo de la familia Gonz\u00e1lez, que en 1982 comenz\u00f3 a vender materia prima a Vandoren, la empresa francesa pionera en la fabricaci\u00f3n de&#8230;<\/p>\n","protected":false},"author":1,"featured_media":10929,"comment_status":"closed","ping_status":"open","sticky":false,"template":"","format":"image","meta":[],"categories":[92],"tags":[],"_links":{"self":[{"href":"https:\/\/www.promendoza.com\/es\/wp-json\/wp\/v2\/posts\/10935"}],"collection":[{"href":"https:\/\/www.promendoza.com\/es\/wp-json\/wp\/v2\/posts"}],"about":[{"href":"https:\/\/www.promendoza.com\/es\/wp-json\/wp\/v2\/types\/post"}],"author":[{"embeddable":true,"href":"https:\/\/www.promendoza.com\/es\/wp-json\/wp\/v2\/users\/1"}],"replies":[{"embeddable":true,"href":"https:\/\/www.promendoza.com\/es\/wp-json\/wp\/v2\/comments?post=10935"}],"version-history":[{"count":4,"href":"https:\/\/www.promendoza.com\/es\/wp-json\/wp\/v2\/posts\/10935\/revisions"}],"predecessor-version":[{"id":10939,"href":"https:\/\/www.promendoza.com\/es\/wp-json\/wp\/v2\/posts\/10935\/revisions\/10939"}],"wp:featuredmedia":[{"embeddable":true,"href":"https:\/\/www.promendoza.com\/es\/wp-json\/wp\/v2\/media\/10929"}],"wp:attachment":[{"href":"https:\/\/www.promendoza.com\/es\/wp-json\/wp\/v2\/media?parent=10935"}],"wp:term":[{"taxonomy":"category","embeddable":true,"href":"https:\/\/www.promendoza.com\/es\/wp-json\/wp\/v2\/categories?post=10935"},{"taxonomy":"post_tag","embeddable":true,"href":"https:\/\/www.promendoza.com\/es\/wp-json\/wp\/v2\/tags?post=10935"}],"curies":[{"name":"wp","href":"https:\/\/api.w.org\/{rel}","templated":true}]}}