{"id":10962,"date":"2021-09-15T13:18:00","date_gmt":"2021-09-15T13:18:00","guid":{"rendered":"https:\/\/www.promendoza.com\/es\/?p=10962"},"modified":"2021-09-22T13:56:19","modified_gmt":"2021-09-22T13:56:19","slug":"una-franquicia-mendocina-busca-penetrar-el-mercado-europeo","status":"publish","type":"post","link":"https:\/\/www.promendoza.com\/es\/una-franquicia-mendocina-busca-penetrar-el-mercado-europeo\/","title":{"rendered":"Una franquicia mendocina busca penetrar el mercado europeo"},"content":{"rendered":"<style type=\"text\/css\"><\/style>\n<figure class=\"wp-block-image\"><img alt=\"\"\/><\/figure>\n\n\n\n<p>Se trata de Tijeritas, la peluquer\u00eda infantil de Mendoza con m\u00e1s de 20 a\u00f1os de trayectoria, integrante del cl\u00faster de franquicias iniciado en ProMendoza hace unos a\u00f1os. \u201cDurante la pandemia me contact\u00f3 un grupo espa\u00f1ol \u2013Mial Franquicias- buscando formatos de negocios en Latinoam\u00e9rica que no existieran en Europa. Pero, adem\u00e1s, con mucho marketing detr\u00e1s: comunicaci\u00f3n, estrategia, fidelizaci\u00f3n y base de datos. Hace dos semanas realizamos con ellos una convocatoria para abrir locales en Espa\u00f1a y ya tenemos 13 interesados en franquiciar la marca\u201d explic\u00f3 Carolina Pessotti, fundadora de una de las peluquer\u00edas m\u00e1s famosas.<br>\u201cCon este nuevo negocio estamos apuntando a Madrid y sus alrededores, que son barrios familiares y al mismo tiempo con poder adquisitivo, que trabajan en capital, pero desarrollan su vida familiar a las afueras\u201d asegur\u00f3 Pessotti y agreg\u00f3 \u201ctenemos muchas negociaciones abiertas en este momento, las dos m\u00e1s firmes son dos emprendedores argentinos radicados en Espa\u00f1a\u201d.<br>El valor de la franquicia en Europa es 38.500 euros, que \u201ces un valor medio para ese mercado\u201d aclara la fundadora. \u201cEstamos buscando ubicaciones, a los shoppings les ha gustado mucho el concepto, y una vez concretada la primera venta, encaremos con nuestros socios la selecci\u00f3n del personal y la capacitaci\u00f3n\u201d<br>El objetivo son 10 franquicias r\u00e1pidamente en el pa\u00eds ib\u00e9rico \u201cporque hay mucho potencial, mucho inter\u00e9s y porque el mercado da. Esperamos, que una vez afianzados en Espa\u00f1a, podamos abrir una puerta de entrada a Italia y Francia\u201d.<\/p>\n\n\n\n<p>Una marca con \u00e9xito nacional<br>Tijeritas ya alcanz\u00f3 los 20 locales en todo el pa\u00eds \u2013 Buenos Aires, Tucum\u00e1n, Catamarca, Santiago del Estero, Corrientes, Misiones y Mendoza -con un concepto diferente. \u201cCuando naci\u00f3 mi hijo, hace 20 a\u00f1os, me di cuenta que no hab\u00eda en Mendoza peluquer\u00edas para chicos, y que pod\u00eda ser un buen servicio y al mismo tiempo un buen negocio\u201d dijo Pessotti, quien aclar\u00f3 que desde comienzo busc\u00f3 innovar con una marca franquiciable \u201cyo no quer\u00eda poner una peluquer\u00eda, quer\u00eda armar un negocio replicable para emprendedores\u201d.<br>Es importante destacar que no hay en la Argentina, ni en muchos lugares del mundo un formato de negocio similar, por eso es que se proyecta crecer en Am\u00e9rica Latina, Estados Unidos y Europa.<br>Carolina Pessotti, es Licenciada en Marketing, y le dedica gran parte de su tiempo a su marca. El estudio permantente la llev\u00f3 hace 4 a\u00f1os atr\u00e1s, a cambiar el concepto inicial de Tijeritas de cara al futuro. \u201cCuando la creamos hace 20 a\u00f1os pensamos en un concepto divertido, en donde el chico viniera a jugar mientras se cortaba el pelo o esperaba su turno; hoy creemos todo lo contario, el cliente peque\u00f1o se tiene que tranquilizar. Pero, adem\u00e1s, lo repensamos bajo un concepto unisex, nuestros locales ahora son amarillos, no hay ni celeste ni rosa, todos los chicos son iguales, en su condici\u00f3n de salud, f\u00edsica, sexual, el lugar est\u00e1 preparado para los chicos de hoy\u201d.<br>Pessotti aclar\u00f3 que siempre intenta estar un paso adelante con su marca, para que el modelo de negocio se actualice y no decaiga la curva de ganancias. \u201cHicimos una encuesta muy grande a nivel pa\u00eds, nos dimos cuenta que lavarles la cabeza no era un servicio agradable para los peque\u00f1os, y lo \u00fanico que nos pidieron los chicos es WIFI, porque el chico prefiere usar su dispositivo y que le brindemos la conexi\u00f3n\u201d.<br>Tambi\u00e9n ofrecemos productos de peluquer\u00eda con licencias para est\u00e9tica infantil: Kitty, Avengers, Hombre Ara\u00f1a, etc; accesorios para el pelo, golosinas por kilo y estamos implementando regaler\u00eda.<br>\u201cTenemos registrada la marca en toda Am\u00e9rica Latina, y estamos trabajando con Suraci -una consultora mendocina especializada en franquicias- la idea es crecer en todos los mercados que puedan estar interesados en nuestro modelo de negocio y acompa\u00f1ar a los emprendedores franquiciantes para dejar su local funcionando. Cuando alguien compra nuestra franquicia, le buscamos el local, lo armamos, seleccionamos a los empleados, y los capacitamos. El local se entrega llave en mano.\u201d<br>Tijeritas es un espacio destinado al cuidado de la est\u00e9tica infantil y a lookear beb\u00e9s, ni\u00f1os y pre-adolescentes de la forma m\u00e1s divertida. La marca se posiciona con una fuerte estrategia de marketing, que va cambiando e innovando en el paso del tiempo, no s\u00f3lo en el dise\u00f1o de sus locales, sino tambi\u00e9n en las promociones, alianzas, desarrollo de productos, redes, etc.<\/p>\n","protected":false},"excerpt":{"rendered":"<p>Se trata de Tijeritas, la peluquer\u00eda infantil de Mendoza con m\u00e1s de 20 a\u00f1os de trayectoria, integrante del cl\u00faster de franquicias iniciado en ProMendoza hace unos a\u00f1os. \u201cDurante la pandemia&#8230;<\/p>\n","protected":false},"author":1,"featured_media":10963,"comment_status":"closed","ping_status":"open","sticky":false,"template":"","format":"image","meta":[],"categories":[52],"tags":[],"_links":{"self":[{"href":"https:\/\/www.promendoza.com\/es\/wp-json\/wp\/v2\/posts\/10962"}],"collection":[{"href":"https:\/\/www.promendoza.com\/es\/wp-json\/wp\/v2\/posts"}],"about":[{"href":"https:\/\/www.promendoza.com\/es\/wp-json\/wp\/v2\/types\/post"}],"author":[{"embeddable":true,"href":"https:\/\/www.promendoza.com\/es\/wp-json\/wp\/v2\/users\/1"}],"replies":[{"embeddable":true,"href":"https:\/\/www.promendoza.com\/es\/wp-json\/wp\/v2\/comments?post=10962"}],"version-history":[{"count":2,"href":"https:\/\/www.promendoza.com\/es\/wp-json\/wp\/v2\/posts\/10962\/revisions"}],"predecessor-version":[{"id":10965,"href":"https:\/\/www.promendoza.com\/es\/wp-json\/wp\/v2\/posts\/10962\/revisions\/10965"}],"wp:featuredmedia":[{"embeddable":true,"href":"https:\/\/www.promendoza.com\/es\/wp-json\/wp\/v2\/media\/10963"}],"wp:attachment":[{"href":"https:\/\/www.promendoza.com\/es\/wp-json\/wp\/v2\/media?parent=10962"}],"wp:term":[{"taxonomy":"category","embeddable":true,"href":"https:\/\/www.promendoza.com\/es\/wp-json\/wp\/v2\/categories?post=10962"},{"taxonomy":"post_tag","embeddable":true,"href":"https:\/\/www.promendoza.com\/es\/wp-json\/wp\/v2\/tags?post=10962"}],"curies":[{"name":"wp","href":"https:\/\/api.w.org\/{rel}","templated":true}]}}