{"id":11810,"date":"2022-01-28T13:46:00","date_gmt":"2022-01-28T13:46:00","guid":{"rendered":"https:\/\/www.promendoza.com\/es\/?p=11810"},"modified":"2022-02-09T13:54:01","modified_gmt":"2022-02-09T13:54:01","slug":"el-cluster-aeroespacial-de-mendoza-busca-crecer-vinculandose-con-su-par-en-mexico","status":"publish","type":"post","link":"https:\/\/www.promendoza.com\/es\/el-cluster-aeroespacial-de-mendoza-busca-crecer-vinculandose-con-su-par-en-mexico\/","title":{"rendered":"El cl\u00faster aeroespacial de Mendoza busca crecer vincul\u00e1ndose con su par en M\u00e9xico"},"content":{"rendered":"<style type=\"text\/css\"><\/style>\n<figure class=\"wp-block-image\"><img alt=\"\"\/><\/figure>\n\n\n\n<p>Se firm\u00f3 en ProMendoza, un acuerdo de colaboraci\u00f3n empresarial entre el cl\u00faster Aeroespacial de Mendoza y su par de Baja California- Tijuana, M\u00e9xico- con el objeto de promover la asistencia entre cl\u00fasters como organismos vinculantes.<br>De esta manera se fortalecer\u00e1 el intercambio de informaci\u00f3n privilegiada, se fomentar\u00e1 la cooperaci\u00f3n de negocios entre las empresas, robusteciendo el talento t\u00e9cnico y profesional en ambas partes, y se estimular\u00e1 la transferencia tecnol\u00f3gica en proyectos y servicios, fomentando la relaci\u00f3n econ\u00f3mica y empresarial en beneficio de su industria y comunidad.<\/p>\n\n\n\n<p>\u201cEsta cooperaci\u00f3n bilateral ser\u00e1 de beneficio mutuo, basado en el valor del conocimiento sobre el desarrollo econ\u00f3mico sostenible, la educaci\u00f3n orientada a la especializaci\u00f3n y estrategias de innovaci\u00f3n e investigaci\u00f3n\u201d reza un p\u00e1rrafo del convenio.<\/p>\n\n\n\n<p>Facundo Moretti, gerente del Cl\u00faster, mostr\u00f3 su entusiasmo por el convenio ya que \u201cse ha firmado con uno de los m\u00e1s grandes de M\u00e9xico, tiene m\u00e1s de 120 empresas asociadas, genera m\u00e1s de 37.000 empleos directos y exporta 2,5 billones de d\u00f3lares al a\u00f1o.<\/p>\n\n\n\n<p>\u201cSu experiencia de m\u00e1s de 10 a\u00f1os nos mostrar\u00e1 un camino que puede hacer Mendoza en este desarrollo. Adem\u00e1s, nos permitir\u00e1 acercarnos a fondos internacionales de apoyo que permitan a nuestras empresas crecer con la clusterizaci\u00f3n. Nos abre fronteras con otros cl\u00fasters que tambi\u00e9n trabajan con Baja California y sin duda nos traer\u00e1 oportunidades comerciales\u201d conf\u00edo Moretti.<\/p>\n\n\n\n<p>El acuerdo fue firmado por Enzo Vendemmia y Facundo Moretti, Presidente y Gerente del Cl\u00faster Aeroespacial de Mendoza y por Tomas Sibaja L\u00f3pez y Ana Luisa Luna Torrero, Presidente y Directora Ejecutiva de Cl\u00faster Aeroespacial de Baja California.<\/p>\n\n\n\n<p>Adem\u00e1s, estuvieron presentes durante la firma el gerente de ProMendoza, Mario L\u00e1zzaro, la C\u00f3nsul Honoraria de M\u00e9xico, Mar\u00eda Landa, el representante de la Empresa Aeron\u00e1utica Mendoza, Marcelo Japaz y, de manera virtual, integrantes de la Agencia Espacial Mexicana, de los cl\u00fasteres de Colombia, El Salvador y de algunas regiones como Tijuana y Sinaloa.<\/p>\n\n\n\n<p>Los objetivos del acuerdo<\/p>\n\n\n\n<p>\u00b7 Incrementar la comunicaci\u00f3n abierta que permita un mejor entendimiento y comprensi\u00f3n de las partes en apoyo a sus expectativas y proyectos.<\/p>\n\n\n\n<p>\u00b7 Fomentar la cooperaci\u00f3n empresarial mediante el entendimiento de las necesidades industriales, oportunidades de negocio (productos y servicios) y proyecci\u00f3n futura de los retos que ofrece la industria aeroespacial global a ambas regiones.<\/p>\n\n\n\n<p>\u00b7 Trabajar un calendario de actividades conjunto:<\/p>\n\n\n\n<ul><li>Misiones empresariales<\/li><li>Seminarios de negocios y oportunidades<\/li><li>Identificaci\u00f3n y levantamiento de capacidades de manufactura y servicios<\/li><li>Labores conjuntas de vinculaci\u00f3n y promoci\u00f3n en foros nacionales e internacionales<\/li><li>Participaci\u00f3n en fondos conjuntos (Gobierno-IP) en apoyo a proyectos de inversi\u00f3n de alta complejidad que detonen econom\u00edas de escala<\/li><\/ul>\n\n\n\n<p>\u00b7 Promover las relaciones entre instituciones educativas con programas aeroespaciales que incluyan potencialmente estad\u00edas de profesores, alumnos y revisi\u00f3n de contenido tem\u00e1tico. De tal manera que se pueda difundir el modelo de educaci\u00f3n cooperativa en el nivel t\u00e9cnico y superior.<\/p>\n\n\n\n<p>\u00b7 Impulsar la cooperaci\u00f3n bilateral para la innovaci\u00f3n y desarrollo de proyectos sustentables en los \u00e1mbitos de investigaci\u00f3n y desarrollo.<\/p>\n\n\n\n<p>El Cl\u00faster Aeroespacial de Mendoza<\/p>\n\n\n\n<p>Fue conformado durante la pandemia, con el apoyo de ProMendoza y la financiaci\u00f3n de la Fundaci\u00f3n del Banco Industrial y Comercial de China (ICBC) en conjunto con la Agencia Argentina de Inversiones y Comercio Internacional (AAICI).<\/p>\n\n\n\n<p>Est\u00e1 integrado por 8 empresas y una Universidad y su objetivo fundamental es la promoci\u00f3n conjunta de los productos y servicios aeroespaciales generados en Mendoza, tanto en el pa\u00eds y como en el exterior.<\/p>\n\n\n\n<p>Adem\u00e1s, las empresas est\u00e1n enfocadas en identificar potenciales nuevos mercados, desarrollar productos y\/o servicios para incrementar la comercializaci\u00f3n del grupo asociativo o sus participantes.<\/p>\n\n\n\n<p>Est\u00e1 integrado por: Aeropac S.A., Aeroscience Ag S.A., Aerotec Argentina S.A. Fundaci\u00f3n Mendoza Crear, Helicopters.Ar S.A., Mack Aerospace Consulting S.R.L., New Air S.A., Telebit S.A. y la Universidad De Mendoza.<\/p>\n","protected":false},"excerpt":{"rendered":"<p>Se firm\u00f3 en ProMendoza, un acuerdo de colaboraci\u00f3n empresarial entre el cl\u00faster Aeroespacial de Mendoza y su par de Baja California- Tijuana, M\u00e9xico- con el objeto de promover la asistencia&#8230;<\/p>\n","protected":false},"author":1,"featured_media":11812,"comment_status":"closed","ping_status":"open","sticky":false,"template":"","format":"image","meta":[],"categories":[100],"tags":[],"_links":{"self":[{"href":"https:\/\/www.promendoza.com\/es\/wp-json\/wp\/v2\/posts\/11810"}],"collection":[{"href":"https:\/\/www.promendoza.com\/es\/wp-json\/wp\/v2\/posts"}],"about":[{"href":"https:\/\/www.promendoza.com\/es\/wp-json\/wp\/v2\/types\/post"}],"author":[{"embeddable":true,"href":"https:\/\/www.promendoza.com\/es\/wp-json\/wp\/v2\/users\/1"}],"replies":[{"embeddable":true,"href":"https:\/\/www.promendoza.com\/es\/wp-json\/wp\/v2\/comments?post=11810"}],"version-history":[{"count":2,"href":"https:\/\/www.promendoza.com\/es\/wp-json\/wp\/v2\/posts\/11810\/revisions"}],"predecessor-version":[{"id":11814,"href":"https:\/\/www.promendoza.com\/es\/wp-json\/wp\/v2\/posts\/11810\/revisions\/11814"}],"wp:featuredmedia":[{"embeddable":true,"href":"https:\/\/www.promendoza.com\/es\/wp-json\/wp\/v2\/media\/11812"}],"wp:attachment":[{"href":"https:\/\/www.promendoza.com\/es\/wp-json\/wp\/v2\/media?parent=11810"}],"wp:term":[{"taxonomy":"category","embeddable":true,"href":"https:\/\/www.promendoza.com\/es\/wp-json\/wp\/v2\/categories?post=11810"},{"taxonomy":"post_tag","embeddable":true,"href":"https:\/\/www.promendoza.com\/es\/wp-json\/wp\/v2\/tags?post=11810"}],"curies":[{"name":"wp","href":"https:\/\/api.w.org\/{rel}","templated":true}]}}