{"id":11904,"date":"2022-05-04T16:44:21","date_gmt":"2022-05-04T16:44:21","guid":{"rendered":"https:\/\/www.promendoza.com\/es\/?p=11904"},"modified":"2022-05-04T16:44:48","modified_gmt":"2022-05-04T16:44:48","slug":"promendoza-se-acerca-a-croacia-a-traves-de-su-embajadora-y-de-la-colectividad-en-mendoza","status":"publish","type":"post","link":"https:\/\/www.promendoza.com\/es\/promendoza-se-acerca-a-croacia-a-traves-de-su-embajadora-y-de-la-colectividad-en-mendoza\/","title":{"rendered":"ProMendoza se acerca a Croacia a trav\u00e9s de su Embajadora y de la colectividad en Mendoza"},"content":{"rendered":"<style type=\"text\/css\"><\/style>\n<figure class=\"wp-block-image\"><img alt=\"\"\/><\/figure>\n\n\n\n<p>La Embajadora de Croacia, Du\u0161ka Paravic, present\u00f3 a su pa\u00eds en ProMendoza ante empresarios locales. El encuentro se realiz\u00f3 en el marco de las actividades que la Embajada de Croacia en Argentina realiz\u00f3 a lo largo de toda la semana en Mendoza.<br>La disertaci\u00f3n se realiz\u00f3 de manera virtual para poder incluir a empresas de todo el territorio mendocino. A la vez, en la sala de reuniones de ProMendoza se dieron cita para acompa\u00f1ar a la embajadora, el ministro de Econom\u00eda y Energ\u00eda, Enrique Vaqui\u00e9, Alfredo Cecchi (presidente de ProMendoza y titular de la Federaci\u00f3n Econ\u00f3mica de Mendoza), Mario L\u00e1zzaro (gerente general de ProMendoza), Graciela Mihaljevic (referente de la colectividad croata en Mendoza), Pablo Derra por Emesa, empresarios mendocinos de ascendencia croata y miembros del equipo t\u00e9cnico de ProMendoza.<\/p>\n\n\n\n<p>Durante el encuentro, la Embajadora destac\u00f3 que Croacia posee una posici\u00f3n estrat\u00e9gica con potencial exportador y resalt\u00f3 que es miembro de la Uni\u00f3n Europea, que est\u00e1 ubicada en el centro de Europa con acceso a un mercado de casi 500 millones de personas, tiene salida al Mar Mediterr\u00e1neo (m\u00e1s septentrional). As\u00ed mismo, hizo hincapi\u00e9 en su conectividad, ya que tiene una distancia de m\u00e1ximo 3 horas de vuelo a cualquier gran ciudad europea.<\/p>\n\n\n\n<p>Croacia tiene una superficie de 57.000 km2, es decir, un poco menos de la mitad de Mendoza, pero con el doble de poblaci\u00f3n, que es de 4 millones de personas. Su PBI es de 55,7 millones de d\u00f3lares y el per c\u00e1pita es de 13.828 d\u00f3lares anuales. El 70 % del PBI est\u00e1 compuesto por venta mayoristas y minoristas, administraci\u00f3n p\u00fablica, industria, desarrollo inmobiliario, tecnolog\u00eda y ciencia. Cabe destacar que antes de la pandemia, el turismo explicaba el 25% de su PBI, con m\u00e1s de 20 millones de visitantes anuales.<\/p>\n\n\n\n<p>El total de exportaciones en 2020 fue 14,9 billones de euros. De este monto, el 90% tuvo como destino Europa. La importaci\u00f3n fue de 22,8 billones de euros.<\/p>\n\n\n\n<p>Croacia tuvo un intercambio de mercanc\u00edas total, en 2020, de m\u00e1s de 74 millones de euros, de los cuales, el 12.5% fue con Argentina. Fundamentalmente de turbojets, turbo-propulsores y turbinas a gas. Transformadores el\u00e9ctricos, convertidores de est\u00e1tica. Art\u00edculos pl\u00e1sticos para transporte y empaquetado de producticos. Buques de guerra y botes salvavidas. Medicamentos y tabaco.<\/p>\n\n\n\n<p>Croacia tiene una importante estructura de exportaci\u00f3n, que alcanza el 51% en relaci\u00f3n a su PBI. Las exportaciones se dividen en partes iguales tanto de productos como servicios, en este \u00faltimo alrededor del 70% es turismo. Entre los productos que exporta se cuentan combustibles minerales y aceites 9%, reactores nucleares, calderas, maquinaria 8%, maquinaria el\u00e9ctrica y equipamiento 8%, productos farmac\u00e9uticos 8%, veh\u00edculos y otros materiales para trenes y tranv\u00edas 6%, madera y productos de madera 5%, entre otros.<\/p>\n\n\n\n<p>Croacia ofrece oprtunidades de negocio en<\/p>\n\n\n\n<p>Turismo n\u00e1utico<br>Turismo m\u00e9dico<br>Inversiones en instalaciones tur\u00edsticas de alta calidad<br>Producci\u00f3n de alimentos org\u00e1nicos<br>Acuicultura<br>Tambi\u00e9n ofrece posibilidades de cooperaci\u00f3n en sector agr\u00edcola y alimenticio, TIC, proceso de la madera, tecnolog\u00eda y equipamiento energ\u00e9tico, turismo, metalmec\u00e1nica, salud y explotaci\u00f3n de energ\u00eda y recursos.<\/p>\n\n\n\n<p>Croacia es un buen destino de inversiones en el sector financiero, comercio mayorista, inversiones inmobiliarias, telecomunicaciones, hoteler\u00eda, productos de petr\u00f3leo, construcci\u00f3n y productos farmac\u00e9uticos, y posee en la actuslidad m\u00e1s de 15.000 empresas extranjeras instaladas en su territorio.<\/p>\n\n\n\n<p>Despu\u00e9s de la disertaci\u00f3n de la Embajadora, el equipo de ProMendoza convers\u00f3 con la delegaci\u00f3n de empresarios de origen croata sobre sus actividades en Mendoza y potencial de internacionalizaci\u00f3n. Estuvieron presentes:<\/p>\n\n\n\n<p>Marcelo Licanic, Fundador de la empresa Cosmopolitas, que ofrece soluciones de comercio exterior para empresas.<\/p>\n\n\n\n<p>Roberto Drazich, Fundador de la ONG Ambienta \u201cA Tree to Breath\u201d<\/p>\n\n\n\n<p>Ricardo Yebra Pahanic, contador y asesor de la Asociaci\u00f3n Croatas de Mendoza<\/p>\n\n\n\n<p>Lucio Agnic, empresario de la construcci\u00f3n y escritor<\/p>\n\n\n\n<p>Graciela Mihaljevic, presidente de la Asociaci\u00f3n Croatas de Mendoza, licenciada en Comunicaci\u00f3n, especialista en Bienestar Corporativo de EMESA y docente de la UNCuyo.<\/p>\n\n\n\n<p>Este fue un primer encuentro para acercar a Mendoza con Croacia y aumentar los intercambios comerciales entre ambas regiones.<\/p>\n\n\n\n<p>Para todos los interesados, la embajadora Paravic dej\u00f3 su email de contacto croemb.ar@mvep.hr<\/p>\n\n\n\n<p>Asimismo comparti\u00f3 el link del Ministerio de Econom\u00eda de Croacia en donde pueden encontrar mucha informaci\u00f3n \u00fatil en ingl\u00e9s. http:\/\/spectruminfinity.oneandonlydigitalsolutions.com\/bbOobS<\/p>\n","protected":false},"excerpt":{"rendered":"<p>La Embajadora de Croacia, Du\u0161ka Paravic, present\u00f3 a su pa\u00eds en ProMendoza ante empresarios locales. El encuentro se realiz\u00f3 en el marco de las actividades que la Embajada de Croacia&#8230;<\/p>\n","protected":false},"author":1,"featured_media":11905,"comment_status":"closed","ping_status":"open","sticky":false,"template":"","format":"image","meta":[],"categories":[54],"tags":[],"_links":{"self":[{"href":"https:\/\/www.promendoza.com\/es\/wp-json\/wp\/v2\/posts\/11904"}],"collection":[{"href":"https:\/\/www.promendoza.com\/es\/wp-json\/wp\/v2\/posts"}],"about":[{"href":"https:\/\/www.promendoza.com\/es\/wp-json\/wp\/v2\/types\/post"}],"author":[{"embeddable":true,"href":"https:\/\/www.promendoza.com\/es\/wp-json\/wp\/v2\/users\/1"}],"replies":[{"embeddable":true,"href":"https:\/\/www.promendoza.com\/es\/wp-json\/wp\/v2\/comments?post=11904"}],"version-history":[{"count":2,"href":"https:\/\/www.promendoza.com\/es\/wp-json\/wp\/v2\/posts\/11904\/revisions"}],"predecessor-version":[{"id":11907,"href":"https:\/\/www.promendoza.com\/es\/wp-json\/wp\/v2\/posts\/11904\/revisions\/11907"}],"wp:featuredmedia":[{"embeddable":true,"href":"https:\/\/www.promendoza.com\/es\/wp-json\/wp\/v2\/media\/11905"}],"wp:attachment":[{"href":"https:\/\/www.promendoza.com\/es\/wp-json\/wp\/v2\/media?parent=11904"}],"wp:term":[{"taxonomy":"category","embeddable":true,"href":"https:\/\/www.promendoza.com\/es\/wp-json\/wp\/v2\/categories?post=11904"},{"taxonomy":"post_tag","embeddable":true,"href":"https:\/\/www.promendoza.com\/es\/wp-json\/wp\/v2\/tags?post=11904"}],"curies":[{"name":"wp","href":"https:\/\/api.w.org\/{rel}","templated":true}]}}