{"id":12046,"date":"2022-06-07T13:11:00","date_gmt":"2022-06-07T13:11:00","guid":{"rendered":"https:\/\/www.promendoza.com\/es\/?p=12046"},"modified":"2022-06-10T13:16:24","modified_gmt":"2022-06-10T13:16:24","slug":"dia-del-periodista-economia-y-promendoza-disertaron-sobre-exportacion-de-servicios-de-comunicacion","status":"publish","type":"post","link":"https:\/\/www.promendoza.com\/es\/dia-del-periodista-economia-y-promendoza-disertaron-sobre-exportacion-de-servicios-de-comunicacion\/","title":{"rendered":"D\u00eda del Periodista: Econom\u00eda y ProMendoza disertaron sobre exportaci\u00f3n de servicios de comunicaci\u00f3n"},"content":{"rendered":"<style type=\"text\/css\"><\/style>\n<figure class=\"wp-block-image\"><img alt=\"\"\/><\/figure>\n\n\n\n<p><br>Como parte de los festejos del D\u00eda del Periodista, el Ministerio de Econom\u00eda y Energ\u00eda y ProMendoza ofrecieron un taller de Internacionalizaci\u00f3n de Servicios de Comunicaci\u00f3n.<br>El agasajo tuvo una propuesta distinta, ya que incluy\u00f3 una disertaci\u00f3n detallada sobre c\u00f3mo los comunicadores de Mendoza pueden iniciar un camino para exportar sus servicios desde casa al mundo.<\/p>\n\n\n\n<p>El ministro de Econom\u00eda y Energ\u00eda, Enrique Vaqui\u00e9, aprovech\u00f3 la oportunidad para agradecer la presencia a los periodistas y explic\u00f3 la pol\u00edtica exportadora de la Provincia. \u201cDesde el Gobierno de Mendoza y por pedido del Gobernador Rodolfo Suarez, trabajamos para que cada vez sean m\u00e1s las pymes que exporten. En el \u00faltimo a\u00f1o, logramos que m\u00e1s de mil pymes salgan al mundo con sus productos. Por eso queremos seguir ese camino con los servicios profesionales y sumar cada vez m\u00e1s empresas que lleguen a los distintos mercados mundiales\u201d.<\/p>\n\n\n\n<p>El gerente de ProMendoza, Mario L\u00e1zzaro, recalc\u00f3 que \u201cla internacionalizaci\u00f3n de servicios, entre los que se encuentra la producci\u00f3n de contenidos digitales, crece en el mundo en forma constante, y en Mendoza hay mucho talento y creatividad para generarlos y exportar nuestras capacidades. Por ello esperamos que esta propuesta encienda la llama exportadora a los comunicadores de la provincia\u201d.<\/p>\n\n\n\n<p>El taller fue dictado por la licenciada en relaciones internacionales Mar\u00eda Bel\u00e9n Cerd\u00e1n, que es tutora en ProMendoza, y adem\u00e1s de tener vasta experiencia en la exportaci\u00f3n de servicios, ayuda a las empresas e individuos a exportar servicios.<\/p>\n\n\n\n<p>Los temas tratados fueron: a d\u00f3nde podemos exportar los servicios period\u00edsticos seg\u00fan nuestra especializaci\u00f3n, c\u00f3mo empezar, c\u00f3mo promocionar mis servicios, qu\u00e9 herramientas puedo utilizar para entablar una charla con mis posibles clientes.<\/p>\n\n\n\n<p>Para culminar, y antes del brindis, la responsable del sector de Servicios de ProMendoza, Dania Bonadeo, explic\u00f3 a los presentes las herramientas de financiamiento y acompa\u00f1amiento que estar\u00e1n a disposici\u00f3n para los comunicadores que, de manera asociada o individual, deseen comenzar a exportar.<\/p>\n","protected":false},"excerpt":{"rendered":"<p>Como parte de los festejos del D\u00eda del Periodista, el Ministerio de Econom\u00eda y Energ\u00eda y ProMendoza ofrecieron un taller de Internacionalizaci\u00f3n de Servicios de Comunicaci\u00f3n.El agasajo tuvo una propuesta&#8230;<\/p>\n","protected":false},"author":1,"featured_media":12047,"comment_status":"closed","ping_status":"open","sticky":false,"template":"","format":"image","meta":[],"categories":[107],"tags":[],"_links":{"self":[{"href":"https:\/\/www.promendoza.com\/es\/wp-json\/wp\/v2\/posts\/12046"}],"collection":[{"href":"https:\/\/www.promendoza.com\/es\/wp-json\/wp\/v2\/posts"}],"about":[{"href":"https:\/\/www.promendoza.com\/es\/wp-json\/wp\/v2\/types\/post"}],"author":[{"embeddable":true,"href":"https:\/\/www.promendoza.com\/es\/wp-json\/wp\/v2\/users\/1"}],"replies":[{"embeddable":true,"href":"https:\/\/www.promendoza.com\/es\/wp-json\/wp\/v2\/comments?post=12046"}],"version-history":[{"count":2,"href":"https:\/\/www.promendoza.com\/es\/wp-json\/wp\/v2\/posts\/12046\/revisions"}],"predecessor-version":[{"id":12049,"href":"https:\/\/www.promendoza.com\/es\/wp-json\/wp\/v2\/posts\/12046\/revisions\/12049"}],"wp:featuredmedia":[{"embeddable":true,"href":"https:\/\/www.promendoza.com\/es\/wp-json\/wp\/v2\/media\/12047"}],"wp:attachment":[{"href":"https:\/\/www.promendoza.com\/es\/wp-json\/wp\/v2\/media?parent=12046"}],"wp:term":[{"taxonomy":"category","embeddable":true,"href":"https:\/\/www.promendoza.com\/es\/wp-json\/wp\/v2\/categories?post=12046"},{"taxonomy":"post_tag","embeddable":true,"href":"https:\/\/www.promendoza.com\/es\/wp-json\/wp\/v2\/tags?post=12046"}],"curies":[{"name":"wp","href":"https:\/\/api.w.org\/{rel}","templated":true}]}}