{"id":12084,"date":"2022-07-07T22:07:40","date_gmt":"2022-07-07T22:07:40","guid":{"rendered":"https:\/\/www.promendoza.com\/es\/?p=12084"},"modified":"2022-07-07T22:09:39","modified_gmt":"2022-07-07T22:09:39","slug":"el-cluster-aeroespacial-firmo-un-convenio-con-las-heras-y-la-iv-brigada-aerea","status":"publish","type":"post","link":"https:\/\/www.promendoza.com\/es\/el-cluster-aeroespacial-firmo-un-convenio-con-las-heras-y-la-iv-brigada-aerea\/","title":{"rendered":"El Cl\u00faster Aeroespacial firm\u00f3 un convenio con Las Heras y la IV Brigada A\u00e9rea"},"content":{"rendered":"<style type=\"text\/css\"><\/style>\n<figure class=\"wp-block-image\"><img alt=\"\"\/><\/figure>\n\n\n\n<p>El Cl\u00faster Aeroespacial de Mendoza -conformado en 2021 con el apoyo de ProMendoza- firm\u00f3 un convenio marco de cooperaci\u00f3n con la IV Brigada A\u00e9rea y la Municipalidad de Las Heras con el fin de desarrollar el crecimiento en el \u00e1rea de la ciencia y t\u00e9cnica.<br>Se formaliz\u00f3 adem\u00e1s la admisi\u00f3n como socios adherentes al cl\u00faster tanto a la Municipalidad como a la IV Brigada.<\/p>\n\n\n\n<p>\u201cResulta significativo ver como las empresas agrupadas en este cl\u00faster tienen una din\u00e1mica sorprendente en cuanto a la velocidad de desarrollo, considerando que todav\u00eda no cumplen un a\u00f1o de trabajo y ya se encuentran apuntando a la vinculaci\u00f3n importantes organismos para contar un espacio de infraestructura que resulte una base al desarrollo de sus acciones, proyect\u00e1ndose hacia la comunidad\u201d, asegur\u00f3 el gerente de ProMendoza, Mario L\u00e1zzaro.<\/p>\n\n\n\n<p>Esta alianza entre las Fuezas Armadas, el organismo estatal y la asociaci\u00f3n civil impulsar\u00e1 el desarrollo de la actividad aeron\u00e1utica aeroespacial en la provincia, con fines educativos, de investigaci\u00f3n y con la intenci\u00f3n de potenciar el inmueble, el fomento de la actividad aeron\u00e1utica y el desarrollo de las empresas dedicadas al aire y al espacio.<\/p>\n\n\n\n<p>Con este convenio, el cl\u00faster llevar\u00e1 adelante la gesti\u00f3n de los fondos de inversi\u00f3n para la puesta en valor y refuncionalizaci\u00f3n del edificio del antiguo aeropuerto de la provincia, con tres objetivos primordiales:<\/p>\n\n\n\n<p>\u00b7 Destinar un sector al Museo Hist\u00f3rico de la IV Brigada A\u00e9rea \u201cMayor Jorge Osvaldo Garc\u00eda\u201d y un espacio para sala de reuniones.<\/p>\n\n\n\n<p>\u00b7 Desarrollar para el cl\u00faster un espacio com\u00fan para oficinas, salas de reuniones, de estudio e investigaci\u00f3n durante el tiempo de duraci\u00f3n del cargo.<\/p>\n\n\n\n<p>\u00b7 Realizar un auditorio, microcine y sala de reuniones para las actividades de la Municipalidad.<\/p>\n\n\n\n<p>Actividad en crecimiento<\/p>\n\n\n\n<p>El 18 de noviembre de 2021, se constituy\u00f3 en la Provincia de Mendoza el primer cl\u00faster de empresas vinculadas a actividades aeron\u00e1uticas y aeroespaciales. Estuvo conformado en su origen por ocho empresas mendocinas ligadas a las acciones productivas y de servicios de actividades aeron\u00e1uticas aeroespaciales y de ingenier\u00eda aplicada al sector, en la provincia de Mendoza.<\/p>\n\n\n\n<p>Fue creado con el objetivo principal de la promoci\u00f3n conjunta de los productos y servicios aeroespaciales generados en Mendoza, tanto en el pa\u00eds como en el exterior.<\/p>\n\n\n\n<p>En la actualidad, est\u00e1 integrado por las siguientes empresas: 1) AEMSA Aeron\u00e1utica de Mendoza Sapem; 2) Aeroscience AG SA; 3) Aerotec Argentina SA; 4) Fundaci\u00f3n Mendoza Crear; 5) Helicopters.Ar SA; 6) Mack Aerospace Consulting SRL; 7) New Air SA y 8) Telebit SA. Est\u00e1 abierto a la asociaci\u00f3n de personas jur\u00eddicas y f\u00edsicas que compartan los intereses, valores y prop\u00f3sitos del cl\u00faster establecidos en sus bases fundacionales.<\/p>\n","protected":false},"excerpt":{"rendered":"<p>El Cl\u00faster Aeroespacial de Mendoza -conformado en 2021 con el apoyo de ProMendoza- firm\u00f3 un convenio marco de cooperaci\u00f3n con la IV Brigada A\u00e9rea y la Municipalidad de Las Heras&#8230;<\/p>\n","protected":false},"author":1,"featured_media":12085,"comment_status":"closed","ping_status":"open","sticky":false,"template":"","format":"image","meta":[],"categories":[92],"tags":[],"_links":{"self":[{"href":"https:\/\/www.promendoza.com\/es\/wp-json\/wp\/v2\/posts\/12084"}],"collection":[{"href":"https:\/\/www.promendoza.com\/es\/wp-json\/wp\/v2\/posts"}],"about":[{"href":"https:\/\/www.promendoza.com\/es\/wp-json\/wp\/v2\/types\/post"}],"author":[{"embeddable":true,"href":"https:\/\/www.promendoza.com\/es\/wp-json\/wp\/v2\/users\/1"}],"replies":[{"embeddable":true,"href":"https:\/\/www.promendoza.com\/es\/wp-json\/wp\/v2\/comments?post=12084"}],"version-history":[{"count":2,"href":"https:\/\/www.promendoza.com\/es\/wp-json\/wp\/v2\/posts\/12084\/revisions"}],"predecessor-version":[{"id":12087,"href":"https:\/\/www.promendoza.com\/es\/wp-json\/wp\/v2\/posts\/12084\/revisions\/12087"}],"wp:featuredmedia":[{"embeddable":true,"href":"https:\/\/www.promendoza.com\/es\/wp-json\/wp\/v2\/media\/12085"}],"wp:attachment":[{"href":"https:\/\/www.promendoza.com\/es\/wp-json\/wp\/v2\/media?parent=12084"}],"wp:term":[{"taxonomy":"category","embeddable":true,"href":"https:\/\/www.promendoza.com\/es\/wp-json\/wp\/v2\/categories?post=12084"},{"taxonomy":"post_tag","embeddable":true,"href":"https:\/\/www.promendoza.com\/es\/wp-json\/wp\/v2\/tags?post=12084"}],"curies":[{"name":"wp","href":"https:\/\/api.w.org\/{rel}","templated":true}]}}