{"id":12106,"date":"2022-07-08T14:06:00","date_gmt":"2022-07-08T14:06:00","guid":{"rendered":"https:\/\/www.promendoza.com\/es\/?p=12106"},"modified":"2022-07-14T14:10:03","modified_gmt":"2022-07-14T14:10:03","slug":"promendoza-y-godoy-cruz-se-unen-para-que-mas-pymes-de-mendoza-exporten","status":"publish","type":"post","link":"https:\/\/www.promendoza.com\/es\/promendoza-y-godoy-cruz-se-unen-para-que-mas-pymes-de-mendoza-exporten\/","title":{"rendered":"ProMendoza y Godoy Cruz se unen para que m\u00e1s pymes de Mendoza exporten"},"content":{"rendered":"<style type=\"text\/css\"><\/style>\n<figure class=\"wp-block-image\"><img alt=\"\"\/><\/figure>\n\n\n\n<p>Con este convenio se prev\u00e9 asistir a los empresarios que desean comenzar a realizar el camino exportador a trav\u00e9s de programas existentes, con el fin de posicionar en el mundo sus productos y servicios.<br>El intendente de Godoy Cruz, Tadeo Garc\u00eda Zalazar, y el presidente de ProMendoza, Alfredo Cecchi, firmaron un convenio para coordinar acciones que faciliten la exportaci\u00f3n de productos y servicios de las pymes del municipio, as\u00ed como la internacionalizaci\u00f3n de las empresas que los producen.<\/p>\n\n\n\n<p>\u201cQueremos llegar a todas las PyMEs que puedan exportar, y la alianza con los municipios es la clave para darle m\u00e1s capilaridad a nuestro trabajo, alcanzando todos los rincones de la provincia\u201d, expres\u00f3 Alfredo Cecchi.<\/p>\n\n\n\n<p>Por su parte, el gerente de ProMendoza, Mario L\u00e1zzaro, destac\u00f3 que \u201cGodoy Cruz ser\u00e1 el primer departamento que se una a este nuevo proyecto. Es un municipio que se destaca por el apoyo a los emprendedores y a las empresas prestadoras de servicios, por eso cuenta con el Mendoza Tic Parque Tecnol\u00f3gico y posee una importante actividad comercial que se extiende a lo largo de su territorio, lo que marca un componente fundamental en la matriz productiva local\u201d.<\/p>\n\n\n\n<p>A su tiempo, el intendente Garc\u00eda Zalazar expres\u00f3 que el municipio de Godoy Cruz ha tomado como desaf\u00edo acompa\u00f1ar a las peque\u00f1as empresas que quieran internacionalizarse, ya que, de los siete mil comercios registrados en su departamento, s\u00f3lo 40 est\u00e1n exportando. Esperamos ayudar a que sean m\u00e1s las que logren internacionalizarse o sumarse a una cadena de valor con otras empresas que realicen negocios en el exterior\u201d.<\/p>\n\n\n\n<p>Con este convenio se prev\u00e9 asistir a los empresarios que desean comenzar a realizar el camino exportador a trav\u00e9s de programas existentes, con el fin de posicionar en el mundo sus productos y servicios.<\/p>\n\n\n\n<p>Tambi\u00e9n se efectuar\u00e1n gestiones concernientes a la investigaci\u00f3n y generaci\u00f3n de informaci\u00f3n estrat\u00e9gica, an\u00e1lisis de los mercados, y el dise\u00f1o e implementaci\u00f3n de herramientas. De esta manera se garantizar\u00e1 el \u00e9xito de esta alianza institucional.<\/p>\n\n\n\n<p>ProMendoza pondr\u00e1 a disposici\u00f3n datos de los programas vigentes y su aplicaci\u00f3n, servicios al exportador e importador y calendario de actividades: programa de Ferias, Misiones Comerciales y Rondas Inversas de Negocios, entre otros. Compartir\u00e1 Informaci\u00f3n de mercado actualizada, a fin de brindar asesoramiento personalizado al empresario para la toma de decisiones. Facilitar\u00e1 la gesti\u00f3n de tr\u00e1mites necesarios con Organismos P\u00fablicos Nacionales y Provinciales para la concreci\u00f3n de operaciones de comercio exterior de las empresas del departamento.<\/p>\n\n\n\n<p>La Municipalidad afectar\u00e1 personal para la articulaci\u00f3n con ProMendoza a fin de brindar atenci\u00f3n y asesoramiento personalizado al empresario local, coordinando la participaci\u00f3n de los empresarios locales interesados en las acciones y herramientas que ProMendoza pone a disposici\u00f3n para la promoci\u00f3n, comercializaci\u00f3n y generaci\u00f3n de v\u00ednculos comerciales en el mercado internacional; ya sea de forma individual o asociativa.<\/p>\n","protected":false},"excerpt":{"rendered":"<p>Con este convenio se prev\u00e9 asistir a los empresarios que desean comenzar a realizar el camino exportador a trav\u00e9s de programas existentes, con el fin de posicionar en el mundo&#8230;<\/p>\n","protected":false},"author":1,"featured_media":12107,"comment_status":"closed","ping_status":"open","sticky":false,"template":"","format":"image","meta":[],"categories":[54,49],"tags":[],"_links":{"self":[{"href":"https:\/\/www.promendoza.com\/es\/wp-json\/wp\/v2\/posts\/12106"}],"collection":[{"href":"https:\/\/www.promendoza.com\/es\/wp-json\/wp\/v2\/posts"}],"about":[{"href":"https:\/\/www.promendoza.com\/es\/wp-json\/wp\/v2\/types\/post"}],"author":[{"embeddable":true,"href":"https:\/\/www.promendoza.com\/es\/wp-json\/wp\/v2\/users\/1"}],"replies":[{"embeddable":true,"href":"https:\/\/www.promendoza.com\/es\/wp-json\/wp\/v2\/comments?post=12106"}],"version-history":[{"count":2,"href":"https:\/\/www.promendoza.com\/es\/wp-json\/wp\/v2\/posts\/12106\/revisions"}],"predecessor-version":[{"id":12109,"href":"https:\/\/www.promendoza.com\/es\/wp-json\/wp\/v2\/posts\/12106\/revisions\/12109"}],"wp:featuredmedia":[{"embeddable":true,"href":"https:\/\/www.promendoza.com\/es\/wp-json\/wp\/v2\/media\/12107"}],"wp:attachment":[{"href":"https:\/\/www.promendoza.com\/es\/wp-json\/wp\/v2\/media?parent=12106"}],"wp:term":[{"taxonomy":"category","embeddable":true,"href":"https:\/\/www.promendoza.com\/es\/wp-json\/wp\/v2\/categories?post=12106"},{"taxonomy":"post_tag","embeddable":true,"href":"https:\/\/www.promendoza.com\/es\/wp-json\/wp\/v2\/tags?post=12106"}],"curies":[{"name":"wp","href":"https:\/\/api.w.org\/{rel}","templated":true}]}}