{"id":12135,"date":"2022-08-30T17:12:02","date_gmt":"2022-08-30T17:12:02","guid":{"rendered":"https:\/\/www.promendoza.com\/es\/?p=12135"},"modified":"2022-08-30T17:12:21","modified_gmt":"2022-08-30T17:12:21","slug":"panama-un-mercado-cada-vez-mas-cercano-para-mendoza","status":"publish","type":"post","link":"https:\/\/www.promendoza.com\/es\/panama-un-mercado-cada-vez-mas-cercano-para-mendoza\/","title":{"rendered":"Panam\u00e1, un mercado cada vez m\u00e1s cercano para Mendoza"},"content":{"rendered":"<style type=\"text\/css\"><\/style>\n<figure class=\"wp-block-image\"><img alt=\"\"\/><\/figure>\n\n\n\n<p>ProMendoza y ProPanam\u00e1 organizaron un encuentro entre 20 empresas para brindarles informaci\u00f3n sobre su establecimiento y gestiones en el pa\u00eds caribe\u00f1o.<br>Con la participaci\u00f3n de m\u00e1s de 20 empresas, se realiz\u00f3 el webinar Conecta Panam\u00e1, organizado por ProMendoza y ProPanam\u00e1. Tuvo el objetivo de brindarle a las pymes informaci\u00f3n certera sobre el establecimiento de las empresas en el pa\u00eds caribe\u00f1o, la apertura de cuentas bancarias, los permisos y procesos para la importaci\u00f3n de vinos y las residencias que se otorgan por inversi\u00f3n.<\/p>\n\n\n\n<p>La bienvenida estuvo a cargo del gerente general, Mario L\u00e1zzaro, quien destac\u00f3: \u201cEste tipo de seminarios on-line permiten conocer r\u00e1pidamente de la fuente, la informaci\u00f3n necesaria para proyectarse en Centroam\u00e9rica, M\u00e9xico y Estados Unidos desde Panam\u00e1\u201d.<\/p>\n\n\n\n<p>Por su parte, las funcionarias de ProPanam\u00e1 Alix Moyron, directora, y Yolany Alvarado, directora general, explicaron que el organismo al que pertenecen se dedica desarrollar e implementa estrategias para la atracci\u00f3n de inversiones y la promoci\u00f3n de exportaciones, que contribuyan al desarrollo econ\u00f3mico y social del pa\u00eds, ofreciendo soluciones a las empresas extranjeras que deseen hacer negocios en \u2013o a trav\u00e9s de\u2013 Panam\u00e1.<\/p>\n\n\n\n<p>Moyron y Alvarado destacaron la ubicaci\u00f3n de Panam\u00e1 en el centro del continente americano y perteneciente al Caribe. Desde 1904, el d\u00f3lar estadounidense circula junto a la moneda paname\u00f1a, el Balboa, que tiene paridad con la moneda de Estados Unidos. Su clima es tropical todo el a\u00f1o y posee 4,2 millones de habitantes.<\/p>\n\n\n\n<p>Las paname\u00f1as explicaron que las empresas internacionales eligen ese pa\u00eds por su conectividad con 23 tratados de libre comercio; por sus reglas claras para recibir inversiones, por la llegada y salida de buques a trav\u00e9s del Canal de Panam\u00e1, con 10 zonas francas activas.<\/p>\n\n\n\n<p>Con respecto a los Registros Sanitarios, las disertantes manifestaron que los productos que requieren registros son los destinados al consumo humano y animal, higiene, cosm\u00e9ticos y medicamentos.<\/p>\n\n\n\n<p>Acuerdo de colaboraci\u00f3n<\/p>\n\n\n\n<p>ProMendoza firm\u00f3 con ProPanam\u00e1 un acuerdo para establecer una forma de alianza estrat\u00e9gica y colaboraci\u00f3n entre ambas organizaciones, mediante la cual se den apoyo mutuo y continuo en diferentes \u00e1reas de inter\u00e9s empresarial. A partir de esta firma se estimular\u00e1n: actividades de Promoci\u00f3n de ambas jurisdicciones (Mendoza y Panam\u00e1); intercambio de informaci\u00f3n para la b\u00fasqueda de oportunidades de negocio; desarrollo de webinars y conferencias y la referencia de prospectos interesados en vincularse con Panam\u00e1 y\/o con Mendoza.<\/p>\n\n\n\n<p>Copa Airlines acorta la distancia<\/p>\n\n\n\n<p>Lorena Gasser, responsable de Copa Arlines, recalc\u00f3 en su exposici\u00f3n que la compa\u00f1\u00eda a\u00e9rea 40 vuelos semanales entre Argentina y Panam\u00e1, de los cuales 5, son vuelos directos desde Mendoza.<\/p>\n\n\n\n<p>Desde all\u00ed se conecta a m\u00e1s de 75 destinos en todo el mundo, por lo que es una compa\u00f1\u00eda a\u00e9rea facilitadora de negocios, no s\u00f3lo con Panam\u00e1, sino tambi\u00e9n con pa\u00edses conectados por esta v\u00eda.<\/p>\n","protected":false},"excerpt":{"rendered":"<p>ProMendoza y ProPanam\u00e1 organizaron un encuentro entre 20 empresas para brindarles informaci\u00f3n sobre su establecimiento y gestiones en el pa\u00eds caribe\u00f1o.Con la participaci\u00f3n de m\u00e1s de 20 empresas, se realiz\u00f3&#8230;<\/p>\n","protected":false},"author":1,"featured_media":12136,"comment_status":"closed","ping_status":"open","sticky":false,"template":"","format":"image","meta":[],"categories":[106],"tags":[],"_links":{"self":[{"href":"https:\/\/www.promendoza.com\/es\/wp-json\/wp\/v2\/posts\/12135"}],"collection":[{"href":"https:\/\/www.promendoza.com\/es\/wp-json\/wp\/v2\/posts"}],"about":[{"href":"https:\/\/www.promendoza.com\/es\/wp-json\/wp\/v2\/types\/post"}],"author":[{"embeddable":true,"href":"https:\/\/www.promendoza.com\/es\/wp-json\/wp\/v2\/users\/1"}],"replies":[{"embeddable":true,"href":"https:\/\/www.promendoza.com\/es\/wp-json\/wp\/v2\/comments?post=12135"}],"version-history":[{"count":2,"href":"https:\/\/www.promendoza.com\/es\/wp-json\/wp\/v2\/posts\/12135\/revisions"}],"predecessor-version":[{"id":12138,"href":"https:\/\/www.promendoza.com\/es\/wp-json\/wp\/v2\/posts\/12135\/revisions\/12138"}],"wp:featuredmedia":[{"embeddable":true,"href":"https:\/\/www.promendoza.com\/es\/wp-json\/wp\/v2\/media\/12136"}],"wp:attachment":[{"href":"https:\/\/www.promendoza.com\/es\/wp-json\/wp\/v2\/media?parent=12135"}],"wp:term":[{"taxonomy":"category","embeddable":true,"href":"https:\/\/www.promendoza.com\/es\/wp-json\/wp\/v2\/categories?post=12135"},{"taxonomy":"post_tag","embeddable":true,"href":"https:\/\/www.promendoza.com\/es\/wp-json\/wp\/v2\/tags?post=12135"}],"curies":[{"name":"wp","href":"https:\/\/api.w.org\/{rel}","templated":true}]}}