{"id":12175,"date":"2022-10-20T16:14:58","date_gmt":"2022-10-20T16:14:58","guid":{"rendered":"https:\/\/www.promendoza.com\/es\/?p=12175"},"modified":"2022-10-20T16:15:22","modified_gmt":"2022-10-20T16:15:22","slug":"mendoza-trabaja-para-aumentar-la-presencia-en-brasil-y-ser-parte-de-su-crecimiento","status":"publish","type":"post","link":"https:\/\/www.promendoza.com\/es\/mendoza-trabaja-para-aumentar-la-presencia-en-brasil-y-ser-parte-de-su-crecimiento\/","title":{"rendered":"Mendoza trabaja para aumentar la presencia en Brasil y ser parte de su crecimiento"},"content":{"rendered":"<style type=\"text\/css\"><\/style>\n<figure class=\"wp-block-image\"><img alt=\"\"\/><\/figure>\n\n\n\n<p><br>El vecino pa\u00eds se proyecta como el aliado preferido de Europa, es por eso que se realiz\u00f3 recientemente una misi\u00f3n oficial de Mendoza en Brasil, encabezada por el gobernador Rodolfo Suarez y con miembros de ProMendoza, del Ministerio de Econom\u00eda y Energ\u00eda y de Emesa. La misi\u00f3n abarc\u00f3 varios estados del vecino pa\u00eds e incluy\u00f3 empresas locales de los sectores metalmec\u00e1nica, servicios y vinos.<br>\u00bfPor qu\u00e9 una Megamisi\u00f3n a Brasil?<\/p>\n\n\n\n<p>Con una mega misi\u00f3n a Brasil, un equipo t\u00e9cnico y pol\u00edtico retom\u00f3 el camino de inserci\u00f3n internacional de Mendoza que se hab\u00eda interrumpido por la pandemia, luego de la visita oficial del Gobernador Suarez a la provincia de Guangdong, ocasi\u00f3n en la cual fuera recibido en noviembre de 2019 por el Gobernador de la provincia que tiene la mayor econom\u00eda y es el foco tecnol\u00f3gico de China.<\/p>\n\n\n\n<p>El plan de internacionalizaci\u00f3n del Gobierno de Mendoza se ajusta ahora en funci\u00f3n de las condiciones geopol\u00edticas post-pandemia para aprovechar las oportunidades que se presentan ante la visi\u00f3n de estar asistiendo a un proceso de relocalizaci\u00f3n de industrias e inversiones de occidente fruto de fen\u00f3menos tales como el colapso log\u00edstico global generado por la pandemia, el incremento de las tensiones pol\u00edticas y econ\u00f3micas entre EEUU y China y este a\u00f1o, con los efectos de la invasi\u00f3n de Rusia a Ucrania.<\/p>\n\n\n\n<p>En este contexto, Mendoza ha puesto su mirada en Brasil, que proyecta ser un beneficiario de este proceso ya que, en esta relocalizaci\u00f3n LATAM ser\u00e1 el centro de las miradas de los pa\u00edses del Norte y de Europa y nuestro vecino y socio del Mercosur junto con M\u00e9xico apuntan a ser los pa\u00edses que van a recibir mayor afluencia de inversiones y nuevos negocios.<\/p>\n\n\n\n<p>\u00bfQu\u00e9 encontramos durante la Misi\u00f3n?<\/p>\n\n\n\n<p>Un pa\u00eds con una econom\u00eda en crecimiento sin pausa, que tiene grandes desarrollos petroleros, metalmec\u00e1nicos, alimentos, vitivinicultura, etc. y que el corto plazo necesitar\u00e1 productos y servicios de los pa\u00edses vecinos. Es all\u00ed donde Mendoza tiene una gran oportunidad de crecimiento de exportaci\u00f3n de servicios y productos.<\/p>\n\n\n\n<p>\u00bfQu\u00e9 ofrece Mendoza?<\/p>\n\n\n\n<p>Mendoza tiene una econom\u00eda complementaria con San Pablo, y en materia de negocios la provincia tiene una oferta exportable y de Infraestructura interesante para el Gigante de Am\u00e9rica: Proyectos energ\u00e9ticos, Maquinarias, Software, Turismo, PRC Potasio R\u00edo Colorado, su corredor Bioce\u00e1nico y vinculaci\u00f3n con Chile: fundamentalmente su paso al Pac\u00edfico, su asociaci\u00f3n con Chile (FOLOVAP- Acuerdo comercial \u2013 Hub Log\u00edstico \u2013 Trabajo con ProChile), etc.<\/p>\n\n\n\n<p>\u00bfQu\u00e9 actividades se hicieron en la Megamasi\u00f3n?<\/p>\n\n\n\n<p>Para ello se desarroll\u00f3 con empresas de Mendoza una nutrida agenda, participando de importantes ferias; Wine South America (21 al 23 de Septiembre) R\u00edo Oil &#038; Gas (26 al 29 de Septiembre) y ProWine San Pablo (27 al 29 de Septiembre). Adem\u00e1s, en cada ciudad, se desarrollar\u00e1n reuniones de negocios entre las empresas de Mendoza e importadores brasileros.<\/p>\n\n\n\n<p>Reuniones estrat\u00e9gicas para Mendoza<\/p>\n\n\n\n<p>FIESP. Federaci\u00f3n de Industrias del Estado de San Pablo. El Gobernador y la delegaci\u00f3n de Mendoza estuvieron con Josue Gomes da Silva, presidente de la mayor entidad empresarial e industrial de Brasil. San Pablo es un estado que tiene una poblaci\u00f3n cercana a los 47 millones de habitantes y que representa en s\u00ed mismo un n\u00facleo econ\u00f3mico a nivel mundial. FIESP est\u00e1 ubicada a una hora del Puerto de Santos, que adem\u00e1s de ser el m\u00e1s grande de Am\u00e9rica Latina, concentra la mayor cantidad de operaciones internacionales y es un polo log\u00edstico clave.<\/p>\n\n\n\n<p>FIRJAN. Federaci\u00f3n de Industrias del Estado de R\u00edo de Janeiro, que opera hace m\u00e1s de 180 a\u00f1os, est\u00e1 presente en 61 municipios y tiene m\u00e1s de 8 mil industrias y empresas afiliadas. La reuni\u00f3n represent\u00f3 grandes oportunidades para la inversi\u00f3n de los hidrocarburos, la industria del conocimiento, el turismo y las actividades creativas y culturales. FIRJAN, que se dedica a proveer soluciones tecnol\u00f3gicas, tiene como objetivo impulsar la productividad y competitividad industrial. Tambi\u00e9n busca ampliar los mercados externos de las empresas fluminenses y contribuir a la construcci\u00f3n de un ambiente favorable a los negocios internacionales.<\/p>\n\n\n\n<p>Mendoza como destino de negocios en la industria energ\u00e9tica<\/p>\n\n\n\n<p>Ofrecemos oportunidades tanto en lo que respecta a petr\u00f3leo, proyectos hidroel\u00e9ctricos y proyectos renovables. Si bien Mendoza es conocida por sus vinos y su turismo, nosotros vivimos del petr\u00f3leo. Tenemos una larga historia de m\u00e1s de 100 a\u00f1os, somos el cuarto productor en la Argentina. Tenemos una gran expectativa con la exploraci\u00f3n de la lengua Norte de Vaca Muerta que est\u00e1 pr\u00f3xima a comenzar.<\/p>\n\n\n\n<p>Los proyectos energ\u00e9ticos que se realizan en Mendoza tambi\u00e9n tuvieron un lugar especial. Pablo Magistocchi y Emilio Gui\u00f1az\u00fa realizaron un repaso sobre las iniciativas que est\u00e1 llevando adelante la provincia. Mientras que el titular de Emesa present\u00f3 las posibilidades de inversi\u00f3n que hay en la Empresa Mendocina de Energ\u00eda El\u00e9ctrica, el director de Potasio R\u00edo Colorado present\u00f3 el potencial de ese proyecto estrat\u00e9gico para Mendoza.<\/p>\n\n\n\n<p>Banco Ita\u00fa y Naci\u00f3n para promover exportaciones mendocinas<\/p>\n\n\n\n<p>Las entidades trabajan en una propuesta para que las empresas de Mendoza que contraten el seguro de cr\u00e9dito de exportaci\u00f3n, puedan vender con plazo de hasta un a\u00f1o.<\/p>\n\n\n\n<p>Actualmente, el seguro de cr\u00e9dito permite a los exportadores mendocinos vender a 180 d\u00edas y, si Ita\u00fa y Naci\u00f3n se acoplan a la iniciativa, con la entrega de cr\u00e9ditos por 180 d\u00edas m\u00e1s a los compradores brasileros, se lograr\u00eda completar el plazo de un a\u00f1o. Esta ser\u00eda una herramienta muy competitiva para que nuestras empresas puedan exportar.<\/p>\n","protected":false},"excerpt":{"rendered":"<p>El vecino pa\u00eds se proyecta como el aliado preferido de Europa, es por eso que se realiz\u00f3 recientemente una misi\u00f3n oficial de Mendoza en Brasil, encabezada por el gobernador Rodolfo&#8230;<\/p>\n","protected":false},"author":1,"featured_media":12177,"comment_status":"closed","ping_status":"open","sticky":false,"template":"","format":"image","meta":[],"categories":[96],"tags":[],"_links":{"self":[{"href":"https:\/\/www.promendoza.com\/es\/wp-json\/wp\/v2\/posts\/12175"}],"collection":[{"href":"https:\/\/www.promendoza.com\/es\/wp-json\/wp\/v2\/posts"}],"about":[{"href":"https:\/\/www.promendoza.com\/es\/wp-json\/wp\/v2\/types\/post"}],"author":[{"embeddable":true,"href":"https:\/\/www.promendoza.com\/es\/wp-json\/wp\/v2\/users\/1"}],"replies":[{"embeddable":true,"href":"https:\/\/www.promendoza.com\/es\/wp-json\/wp\/v2\/comments?post=12175"}],"version-history":[{"count":2,"href":"https:\/\/www.promendoza.com\/es\/wp-json\/wp\/v2\/posts\/12175\/revisions"}],"predecessor-version":[{"id":12179,"href":"https:\/\/www.promendoza.com\/es\/wp-json\/wp\/v2\/posts\/12175\/revisions\/12179"}],"wp:featuredmedia":[{"embeddable":true,"href":"https:\/\/www.promendoza.com\/es\/wp-json\/wp\/v2\/media\/12177"}],"wp:attachment":[{"href":"https:\/\/www.promendoza.com\/es\/wp-json\/wp\/v2\/media?parent=12175"}],"wp:term":[{"taxonomy":"category","embeddable":true,"href":"https:\/\/www.promendoza.com\/es\/wp-json\/wp\/v2\/categories?post=12175"},{"taxonomy":"post_tag","embeddable":true,"href":"https:\/\/www.promendoza.com\/es\/wp-json\/wp\/v2\/tags?post=12175"}],"curies":[{"name":"wp","href":"https:\/\/api.w.org\/{rel}","templated":true}]}}