{"id":12500,"date":"2022-12-12T13:40:12","date_gmt":"2022-12-12T13:40:12","guid":{"rendered":"https:\/\/www.promendoza.com\/es\/?p=12500"},"modified":"2022-12-12T13:40:33","modified_gmt":"2022-12-12T13:40:33","slug":"de-la-mano-de-promendoza-una-bodega-mendocina-de-amplia-trayectoria-busca-internacionalizarse","status":"publish","type":"post","link":"https:\/\/www.promendoza.com\/es\/de-la-mano-de-promendoza-una-bodega-mendocina-de-amplia-trayectoria-busca-internacionalizarse\/","title":{"rendered":"De la mano de ProMendoza, una bodega mendocina de amplia trayectoria busca internacionalizarse"},"content":{"rendered":"<style type=\"text\/css\"><\/style>\n<figure class=\"wp-block-image\"><img alt=\"\"\/><\/figure>\n\n\n\n<p><br>Bodegas L\u00f3pez viaj\u00f3 recientemente, junto a ProMendoza, a la misi\u00f3n comercial en Europa, que incluy\u00f3 la feria Sial Par\u00eds, un evento internacional atractivo para las empresas de Mendoza con un enfoque en alimentos. Sin embargo, el equipo de comercio exterior de la bodega propuso realizar una prueba que permita hacer los ajustes necesarios antes de la feria m\u00e1s importante de vinos que tendr\u00e1 lugar en 2023 en Alemania.<br>\u201cAcompa\u00f1ar al mundo a una bodega de tanta trayectoria en el mercado interno, para nosotros es una nueva experiencia enriquecedora. ProMendoza tiene 25 a\u00f1os de camino recorrido y los conocimientos necesarios para contribuir con la internacionalizaci\u00f3n de esta importante marca mendocina\u201d, explic\u00f3 Mario L\u00e1zzaro, gerente de ProMendoza.<\/p>\n\n\n\n<p>Mart\u00edn Perez Cambet, integrante del equipo de comercio exterior de Bodegas L\u00f3pez, asegur\u00f3 que \u201chay dos ventanas en el mundo para los vinos. La primera es entre enero y junio y, la segunda, de agosto a octubre. Pero las ventas m\u00e1s importantes las resuelve una bodega en el primer semestre\u201d.<\/p>\n\n\n\n<p>Aunque la bodega se sum\u00f3 a la Sial Par\u00eds como prueba piloto, la sorpresa no tard\u00f3 en llegar. \u201cTuvimos grandes avances en Francia. Volvimos con dos o tres contactos que estimo que tendr\u00e1n un buen avance antes de que lleguemos a ProWein [que se desarrollar\u00e1 en Alemania en marzo de 2023]. Hicimos contacto con importadores de M\u00e9xico, Costa Rica, B\u00e9lgica y Francia, todos muy interesados en nuestros vinos\u201d, coment\u00f3 emocionado P\u00e9rez Cambet.<\/p>\n\n\n\n<p>Sin bien Bodegas L\u00f3pez tuvo contacto con el comercio internacional en los 90, siempre estuvo enfocada mucho m\u00e1s en el mercado interno. \u201cSe vendieron algunas etiquetas hace m\u00e1s de 20 a\u00f1os, pero bajo el formato de negocios de aquella \u00e9poca, que era muy distinta a la actual\u201d, dijeron desde la empresa.<\/p>\n\n\n\n<p>Eduardo L\u00f3pez, que pertenece a la quinta generaci\u00f3n de Bodegas L\u00f3pez, decidi\u00f3 en 2019 que era momento de retomar las ventas al exterior, pero bajo un proyecto que se extendiera en el tiempo.<\/p>\n\n\n\n<p>\u201cComenzamos a trabajar a fines del 2019 y, debido a la pandemia, nos dedicamos a revisar todo lo necesario para salir al exterior. Como el mundo del vino se rige con ProWein, que es la feria de vinos m\u00e1s importante del mundo y se desarrolla a comienzos de cada a\u00f1o en D\u00fcsseldorf, le propuse a la bodega que hici\u00e9ramos una prueba m\u00e1s peque\u00f1a para terminar de aceitar procesos y llegar a Alemania con todo listo\u201d, explic\u00f3 Mart\u00edn P\u00e9rez Cambet.<\/p>\n\n\n\n<p>\u201cLo bueno fue que, en Sial Par\u00eds, nos fue mucho mejor de lo que esper\u00e1bamos. No solo porque llevamos 14 varietales de distintos segmentos de precios, sino porque L\u00f3pez tiene magia. Son esos 125 a\u00f1os de trayectoria y 5 generaciones dentro de una misma familia lo que ha generado una experiencia con la marca que tienen miles de personas en el mundo. Eso nos hace muy fuertes en el mercado externo\u201d, dijo el representante comercial.<\/p>\n\n\n\n<p>\u201cNos visit\u00f3 el embajador argentino en Francia, Leonardo Costantino, y reconoci\u00f3 la marca L\u00f3pez porque de peque\u00f1o siempre la ve\u00eda en su mesa. Tambi\u00e9n nos pas\u00f3 con otros importadores y visitantes que ten\u00edan una experiencia propia con nuestro vino, un v\u00ednculo afectivo con nuestra etiqueta y por lo tanto con la provincia y el pa\u00eds, y eso es impagable para una marca\u201d, cont\u00f3 P\u00e9rez Cambet.<\/p>\n","protected":false},"excerpt":{"rendered":"<p>Bodegas L\u00f3pez viaj\u00f3 recientemente, junto a ProMendoza, a la misi\u00f3n comercial en Europa, que incluy\u00f3 la feria Sial Par\u00eds, un evento internacional atractivo para las empresas de Mendoza con un&#8230;<\/p>\n","protected":false},"author":1,"featured_media":12501,"comment_status":"closed","ping_status":"open","sticky":false,"template":"","format":"image","meta":[],"categories":[98],"tags":[],"_links":{"self":[{"href":"https:\/\/www.promendoza.com\/es\/wp-json\/wp\/v2\/posts\/12500"}],"collection":[{"href":"https:\/\/www.promendoza.com\/es\/wp-json\/wp\/v2\/posts"}],"about":[{"href":"https:\/\/www.promendoza.com\/es\/wp-json\/wp\/v2\/types\/post"}],"author":[{"embeddable":true,"href":"https:\/\/www.promendoza.com\/es\/wp-json\/wp\/v2\/users\/1"}],"replies":[{"embeddable":true,"href":"https:\/\/www.promendoza.com\/es\/wp-json\/wp\/v2\/comments?post=12500"}],"version-history":[{"count":2,"href":"https:\/\/www.promendoza.com\/es\/wp-json\/wp\/v2\/posts\/12500\/revisions"}],"predecessor-version":[{"id":12503,"href":"https:\/\/www.promendoza.com\/es\/wp-json\/wp\/v2\/posts\/12500\/revisions\/12503"}],"wp:featuredmedia":[{"embeddable":true,"href":"https:\/\/www.promendoza.com\/es\/wp-json\/wp\/v2\/media\/12501"}],"wp:attachment":[{"href":"https:\/\/www.promendoza.com\/es\/wp-json\/wp\/v2\/media?parent=12500"}],"wp:term":[{"taxonomy":"category","embeddable":true,"href":"https:\/\/www.promendoza.com\/es\/wp-json\/wp\/v2\/categories?post=12500"},{"taxonomy":"post_tag","embeddable":true,"href":"https:\/\/www.promendoza.com\/es\/wp-json\/wp\/v2\/tags?post=12500"}],"curies":[{"name":"wp","href":"https:\/\/api.w.org\/{rel}","templated":true}]}}