{"id":12894,"date":"2023-03-07T20:41:00","date_gmt":"2023-03-07T20:41:00","guid":{"rendered":"https:\/\/www.promendoza.com\/es\/?p=12894"},"modified":"2023-03-08T21:01:03","modified_gmt":"2023-03-08T21:01:03","slug":"promendoza-y-el-cuerpo-consular-reunieron-a-diplomaticos-visitantes-con-empresarios-de-sectores-productivos","status":"publish","type":"post","link":"https:\/\/www.promendoza.com\/es\/promendoza-y-el-cuerpo-consular-reunieron-a-diplomaticos-visitantes-con-empresarios-de-sectores-productivos\/","title":{"rendered":"ProMendoza y el Cuerpo Consular reunieron a diplom\u00e1ticos visitantes con empresarios de sectores productivos"},"content":{"rendered":"<style type=\"text\/css\"><\/style>\n<figure class=\"wp-block-image\"><img alt=\"\"\/><\/figure>\n\n\n\n<p>7 DE MARZO, 2023<br>Durante los d\u00edas de festejos vendimiales, ProMendoza articul\u00f3 con importantes empresarios y diplom\u00e1ticos extranjeros en el marco del Foro de Negocios e Inversiones Mendoza 2023 y actividades organizadas por el Cuerpo Consular de Mendoza.<br>El jueves 2 y viernes 3 de marzo tuvo lugar la cuarta edici\u00f3n del Foro de Negocios e Inversiones Mendoza 2023, en el Hotel C\u00f3ndor de Guaymall\u00e9n. Esta actividad fue organizada por el Gobierno de Mendoza junto al Consejo Empresario Mendocino. ProMendoza colabor\u00f3 activamente en apoyo del Ministerio de Econom\u00eda y Energ\u00eda, dada su fuerte articulaci\u00f3n internacional.<\/p>\n\n\n\n<p>Dada la presencia de gran cantidad de embajadores internacionales destinados en Argentina para participar en el Foro de Negocios y actividades vendimiales, el Cuerpo Consular de Mendoza organiz\u00f3 una jornada de trabajo para mostrar a los representantes extranjeros los nuevos sectores productivos de Mendoza. Para ello convoc\u00f3 a ProMendoza, como instituci\u00f3n que vincula a Mendoza con el mundo, a liderar el evento. As\u00ed, Carolina Su\u00e1rez Garc\u00e9s, responsable de Relaciones de ProMendoza, estuvo a cargo de la organizaci\u00f3n y de ser la maestra de ceremonias. Se desarroll\u00f3 durante la ma\u00f1ana del s\u00e1bado 4 de marzo en el sal\u00f3n Los Cerros del Hotel C\u00f3ndor de los Andes.<\/p>\n\n\n\n<p>La jornada comenz\u00f3 con la bienvenida de Piero Vaira, c\u00f3nsul de Italia en Mendoza y decano del Cuerpo Consular de Mendoza, quien agradeci\u00f3 a los embajadores y a los representantes de las empresas mendocinas por su presencia.<\/p>\n\n\n\n<p>Por su parte, Andr\u00e9s Ostropolsky, c\u00f3nsul de Israel en Mendoza y vicedecano del Cuerpo Consular, explic\u00f3 a los presentes que decidieron convocar a ProMendoza porque la consideran su contraparte en la provincia, por su profesionalismo y experiencia internacional, as\u00ed como sobre su extenso conocimiento de los sectores productivos y exportadores de relevancia mundial.<\/p>\n\n\n\n<p>Luego, Mario L\u00e1zzaro, gerente general de ProMendoza, present\u00f3 la estrategia provincial para vincular a Mendoza con el mundo y dio paso a descubrir los servicios basados en el conocimiento, la industria audiovisual y las universidades de Mendoza.<\/p>\n\n\n\n<p>Se abordaron estos sectores a trav\u00e9s de presentaciones de representantes. Por el sector de servicios basados en el conocimiento, realizaron presentaciones:<\/p>\n\n\n\n<p>\u00b7 Pablo Navarro, responsable de Innovaci\u00f3n de la Secretar\u00eda de Desarrollo Econ\u00f3mico de la Municipalidad de la Ciudad de Mendoza y de Distrito 33,<\/p>\n\n\n\n<p>\u00b7 Florencia Rodr\u00edguez, relaciones institucionales del Polo TIC.<\/p>\n\n\n\n<p>\u00b7 Sol Cavichioli, de Quinto Impacto.<\/p>\n\n\n\n<p>\u00b7 Marcos Dom\u00ednguez, de Cerebro Curioso.<\/p>\n\n\n\n<p>\u00b7 Rodolfo Giro de Interbrain.<\/p>\n\n\n\n<p>\u00b7 Juan de Miguel, director comercial de IMPSA.<\/p>\n\n\n\n<p>A continuaci\u00f3n, Mario L\u00e1zzaro abord\u00f3 las medidas y acciones del Gobierno de Mendoza para fomentar el sector audiovisual. Destac\u00f3 los apoyos financieros a trav\u00e9s de los programas Mendoza Activa y Cash Rebate. Explic\u00f3 que, al final de las exposiciones, los embajadores tendr\u00edan oportunidad de conversar con m\u00e1s de 20 empresas audiovisuales presentes en el encuentro.<\/p>\n\n\n\n<p>El \u00faltimo bloque estuvo destinado a las universidades de Mendoza como destacados actores de la formaci\u00f3n de profesionales que permiten desarrollar las diferentes actividades productivas en la provincia. As\u00ed, Mar\u00eda Teresa Damiani, secretaria de Investigaci\u00f3n, Internacionales y Posgrado, expuso sobre la Universidad Nacional de Cuyo y todos los programas que permiten a los estudiantes una s\u00f3lida formaci\u00f3n y vinculaci\u00f3n internacional. Por parte de las universidades privadas, Javier S\u00e1ez, responsable de Relaciones Internacionales e Idiomas de la Universidad Juan Agust\u00edn Maza, present\u00f3 a las instituciones acad\u00e9micas con sede en Mendoza, sus caracter\u00edsticas y lazos internacionales.<\/p>\n\n\n\n<p>Como cierre de las exposiciones se destac\u00f3 la importancia que la Provincia est\u00e1 dando a todos estos sectores que son novedosos para la matriz productiva mendocina y que el objetivo es que Mendoza sea reconocida como la Tierra del Sol, del Buen Vino y del Conocimiento.<\/p>\n\n\n\n<p>Finalmente, hubo oportunidad para que las empresas locales interactuaran con los embajadores visitantes para generar nuevos v\u00ednculos y alianzas durante un encuentro distendido. Este momento fue muy din\u00e1mico, ya que los embajadores expresaron mucho inter\u00e9s por conocer en mayor profundidad las empresas participantes y se generaron interesantes conversaciones y proyectos. Tanto los embajadores como los empresarios expresaron que la jornada fue muy productiva y agradecieron la invitaci\u00f3n.<\/p>\n\n\n\n<p>Despu\u00e9s del evento, ProMendoza fue invitada a compartir el almuerzo con los embajadores en Finca El Para\u00edso de la bodega Luigi Bosca. All\u00ed hubo oportunidad de seguir conversando sobre los temas de inter\u00e9s que surgieron durante la actividad de la ma\u00f1ana.<\/p>\n","protected":false},"excerpt":{"rendered":"<p>7 DE MARZO, 2023Durante los d\u00edas de festejos vendimiales, ProMendoza articul\u00f3 con importantes empresarios y diplom\u00e1ticos extranjeros en el marco del Foro de Negocios e Inversiones Mendoza 2023 y actividades&#8230;<\/p>\n","protected":false},"author":1,"featured_media":12895,"comment_status":"closed","ping_status":"open","sticky":false,"template":"","format":"image","meta":[],"categories":[54],"tags":[],"_links":{"self":[{"href":"https:\/\/www.promendoza.com\/es\/wp-json\/wp\/v2\/posts\/12894"}],"collection":[{"href":"https:\/\/www.promendoza.com\/es\/wp-json\/wp\/v2\/posts"}],"about":[{"href":"https:\/\/www.promendoza.com\/es\/wp-json\/wp\/v2\/types\/post"}],"author":[{"embeddable":true,"href":"https:\/\/www.promendoza.com\/es\/wp-json\/wp\/v2\/users\/1"}],"replies":[{"embeddable":true,"href":"https:\/\/www.promendoza.com\/es\/wp-json\/wp\/v2\/comments?post=12894"}],"version-history":[{"count":2,"href":"https:\/\/www.promendoza.com\/es\/wp-json\/wp\/v2\/posts\/12894\/revisions"}],"predecessor-version":[{"id":12897,"href":"https:\/\/www.promendoza.com\/es\/wp-json\/wp\/v2\/posts\/12894\/revisions\/12897"}],"wp:featuredmedia":[{"embeddable":true,"href":"https:\/\/www.promendoza.com\/es\/wp-json\/wp\/v2\/media\/12895"}],"wp:attachment":[{"href":"https:\/\/www.promendoza.com\/es\/wp-json\/wp\/v2\/media?parent=12894"}],"wp:term":[{"taxonomy":"category","embeddable":true,"href":"https:\/\/www.promendoza.com\/es\/wp-json\/wp\/v2\/categories?post=12894"},{"taxonomy":"post_tag","embeddable":true,"href":"https:\/\/www.promendoza.com\/es\/wp-json\/wp\/v2\/tags?post=12894"}],"curies":[{"name":"wp","href":"https:\/\/api.w.org\/{rel}","templated":true}]}}