{"id":12902,"date":"2023-03-09T21:43:06","date_gmt":"2023-03-09T21:43:06","guid":{"rendered":"https:\/\/www.promendoza.com\/es\/?p=12902"},"modified":"2023-03-09T21:43:33","modified_gmt":"2023-03-09T21:43:33","slug":"promendoza-conmemoro-el-dia-de-la-mujer-con-una-capacitacion-sobre-comunicacion-efectiva","status":"publish","type":"post","link":"https:\/\/www.promendoza.com\/es\/promendoza-conmemoro-el-dia-de-la-mujer-con-una-capacitacion-sobre-comunicacion-efectiva\/","title":{"rendered":"ProMendoza conmemor\u00f3 el D\u00eda de la Mujer con una capacitaci\u00f3n sobre comunicaci\u00f3n efectiva"},"content":{"rendered":"<style type=\"text\/css\"><\/style>\n<figure class=\"wp-block-image\"><img alt=\"\"\/><\/figure>\n\n\n\n<p><br>ProMendoza conmemor\u00f3 el D\u00eda de la Mujer con evento de capacitaci\u00f3n exclusivo para consultoras, emprendedoras y empresarias pymes, que trabajen en el marco del comercio exterior.<br>Bajo el lema Juntas exportamos +, se realiz\u00f3 la segunda edici\u00f3n del encuentro de mujeres con la finalidad de propiciar la sinergia femenina en materia de internacionalizaci\u00f3n y estimulando, adem\u00e1s, la solidaridad natural entre todas<\/p>\n\n\n\n<p>El gerente Mario L\u00e1zzaro salud\u00f3 a las presentes al iniciar el encuentro y destac\u00f3 el rol fundamental que cumplen las mujeres en el mundo laboral y la fuerza de trabajo que generan en todos los \u00e1mbitos.<\/p>\n\n\n\n<p>La invitada especial fue Bel\u00e9n Fern\u00e1ndez, de Agilmentor, empresa dedicada a mentor\u00edas para potenciar las habilidades de sus clientes. En esta ocasi\u00f3n, realiz\u00f3 una exposici\u00f3n sobre c\u00f3mo comunicar con efectividad una empresa o proyecto, a trav\u00e9s del pitch de negocios.<\/p>\n\n\n\n<p>El encuentro fue muy din\u00e1mico, ya que con cada concepto los participantes tuvo dos minutos para desarrollar parte de su plan y llevarse un aprendizaje personalizado sobre su manera de presentar su negocio.<\/p>\n\n\n\n<p>Para terminar, se realiz\u00f3 un networking B to B, y de esta manera cada una ensay\u00f3 su propio pitch de negocios con otra participante.<\/p>\n\n\n\n<p>Cerca de 40 mujeres estuvieron en el encuentro y luego participaron de un brindis e intercambiaron tarjetas para seguir en contacto en el futuro.<\/p>\n","protected":false},"excerpt":{"rendered":"<p>ProMendoza conmemor\u00f3 el D\u00eda de la Mujer con evento de capacitaci\u00f3n exclusivo para consultoras, emprendedoras y empresarias pymes, que trabajen en el marco del comercio exterior.Bajo el lema Juntas exportamos&#8230;<\/p>\n","protected":false},"author":1,"featured_media":12903,"comment_status":"closed","ping_status":"open","sticky":false,"template":"","format":"image","meta":[],"categories":[107,54],"tags":[],"_links":{"self":[{"href":"https:\/\/www.promendoza.com\/es\/wp-json\/wp\/v2\/posts\/12902"}],"collection":[{"href":"https:\/\/www.promendoza.com\/es\/wp-json\/wp\/v2\/posts"}],"about":[{"href":"https:\/\/www.promendoza.com\/es\/wp-json\/wp\/v2\/types\/post"}],"author":[{"embeddable":true,"href":"https:\/\/www.promendoza.com\/es\/wp-json\/wp\/v2\/users\/1"}],"replies":[{"embeddable":true,"href":"https:\/\/www.promendoza.com\/es\/wp-json\/wp\/v2\/comments?post=12902"}],"version-history":[{"count":2,"href":"https:\/\/www.promendoza.com\/es\/wp-json\/wp\/v2\/posts\/12902\/revisions"}],"predecessor-version":[{"id":12905,"href":"https:\/\/www.promendoza.com\/es\/wp-json\/wp\/v2\/posts\/12902\/revisions\/12905"}],"wp:featuredmedia":[{"embeddable":true,"href":"https:\/\/www.promendoza.com\/es\/wp-json\/wp\/v2\/media\/12903"}],"wp:attachment":[{"href":"https:\/\/www.promendoza.com\/es\/wp-json\/wp\/v2\/media?parent=12902"}],"wp:term":[{"taxonomy":"category","embeddable":true,"href":"https:\/\/www.promendoza.com\/es\/wp-json\/wp\/v2\/categories?post=12902"},{"taxonomy":"post_tag","embeddable":true,"href":"https:\/\/www.promendoza.com\/es\/wp-json\/wp\/v2\/tags?post=12902"}],"curies":[{"name":"wp","href":"https:\/\/api.w.org\/{rel}","templated":true}]}}