{"id":13069,"date":"2023-07-24T16:27:16","date_gmt":"2023-07-24T16:27:16","guid":{"rendered":"https:\/\/www.promendoza.com\/es\/?p=13069"},"modified":"2023-07-24T16:31:13","modified_gmt":"2023-07-24T16:31:13","slug":"importadores-de-brasil-llegaron-a-mendoza-en-busca-de-alimentos-y-bebidas","status":"publish","type":"post","link":"https:\/\/www.promendoza.com\/es\/importadores-de-brasil-llegaron-a-mendoza-en-busca-de-alimentos-y-bebidas\/","title":{"rendered":"Importadores de Brasil llegaron a Mendoza en busca de alimentos y bebidas"},"content":{"rendered":"<style type=\"text\/css\"><\/style>\n<figure class=\"wp-block-image\"><img alt=\"\"\/><\/figure>\n\n\n\n<p><br>ProMendoza, junto al Consejo Federal de Inversiones y municipios de la zona Este, activaron una nutrida agenda en San Mart\u00edn. Unas 80 PyMEs locales participar\u00e1n en m\u00e1s de 500 reuniones de negocios en los cuatro oasis de la provincia. Durante esta semana, los encuentros de negocios se trasladar\u00e1n a Ciudad, Valle de Uco y Zona Sur.<br>El Ministerio de Econom\u00eda y Energ\u00eda, a trav\u00e9s de ProMendoza y el Consejo Federal de Inversiones, puso en marcha, este lunes, la Ronda de Negocios Inversa de vinos y alimentos. Se trata de un espacio de negocios que se concretar\u00e1 en los cuatro oasis productivos de la provincia con la participaci\u00f3n 5 importadores oriundos de Brasil.<\/p>\n\n\n\n<p>Seg\u00fan detallaron desde el organismo, dependiente de la cartera econ\u00f3mica provincial, la iniciativa incluye la participaci\u00f3n de 80 PyMEs mendocinas quienes tendr\u00e1n la oportunidad de promocionar y vender sus productos al exterior sin la necesidad de salir de la provincia.<\/p>\n\n\n\n<p>Desde Brasil, participan representantes de Enxuto Supermercados LTDA., Companhia Sulamericana de Distribui\u00e7\u00e3o, Mendos Comercio Varejista e Atacadista de Alimentos e Bebidas, Satori Importa\u00e7\u00e3o &#038; Exporta\u00e7\u00e3o LTDA y Unibrasil \u2013 Uni\u00e3o de Redes Brasil. Todos buscan ampliar su portfolio de productos para ofrecer en sus bocas de expendio distribuidas en todo el pa\u00eds carioca.<\/p>\n\n\n\n<p>Mario Lazzaro, de ProMendoza, fue quien estuvo al frente de la apertura de las jornadas de negocio. En ese marco, el funcionario, coment\u00f3: \u201cBrasil es la d\u00e9cima econom\u00eda del mundo, el tercer socio comercial de Mendoza y le vendemos la tercera parte de lo que le podr\u00edamos vender. Nuestros productos est\u00e1n con una leve presencia en el marcado brasilero y es por ello que debemos continuar una estrategia que impulsamos recientemente y que se expresan en el incremento de las exportaciones en un 45% desde 2016 a la fecha\u201d.<\/p>\n\n\n\n<p>En este sentido, Lazzaro, agreg\u00f3: \u201cTrabajamos para brindar herramientas concretas. Las rondas de negocios son una de ellas. Nos permiten poner frente a frente a nuestras PyMEs y compradores que conocen profundamente el mercado. Quienes nos acompa\u00f1an hoy son representantes de elevado nivel comercial, facturaci\u00f3n y representatividad en el sector minorista en distintas regiones de Brasil. Hemos intentado cubrir toda la cadena de valor\u201d.<\/p>\n\n\n\n<p>Al cierre, el funcionario invit\u00f3 a todos los presentes a que aprovechen al m\u00e1ximo el espacio para concretar buenos negocios para la provincia. Adem\u00e1s, Lazzaro agradeci\u00f3 al vicegobernador Mario Abed por ayudar a que este proceso de posicionamiento de productos mendocinos en el mundo, llegue al Este mendocino.<\/p>\n\n\n\n<p>Por su parte, el vicegobernador de Mendoza Mario Abed coment\u00f3: \u201cPara nosotros es un enorme placer recibirlos y poder compartir con ustedes. Es un orgullo que est\u00e9n en Mendoza, concretamente en el Este de nuestra provincia. Esperamos que el paso por nuestra provincia sea de vuestro agrado. No solo puedan aprovechar al m\u00e1ximo estos encuentros comerciales sino, adem\u00e1s, las bellezas de nuestra provincia\u201d.<\/p>\n\n\n\n<p>En este sentido, se\u00f1al\u00f3: \u201cEs la primera vez que un evento de estas caracter\u00edsticas en esta zona de Mendoza. Esperamos que se lleven la mejor impresi\u00f3n nuestra y en nombre del Gobernador si\u00e9ntanse muy bienvenidos, siempre con el coraz\u00f3n puesto en que podamos seguir haciendo muchos negocios m\u00e1s con nuestro hermano pa\u00eds de Brasil\u201d.<\/p>\n\n\n\n<p>Andr\u00e9 Roldo, empresario oriundo de Brasil, coment\u00f3 que es la primera vez que llega a nuestra provincia en el marco de una Ronda de Negocios: \u201cMe encant\u00f3 participar de un evento de estas caracter\u00edsticas ya que no solo nos permiten conocer de primera mano los productos sino que, adem\u00e1s, conocemos la cultura de la Pyme y sus creadores. Mendoza tiene una alta calidad y alto compromiso por parte de los productores\u201d.<\/p>\n\n\n\n<p>Consultado Roldo sobre qu\u00e9 productos vienen a buscar, se\u00f1al\u00f3: \u201cNosotros llevamos 8 a\u00f1os importando vino, ajo, espumantes, tomate y cebolla. Hoy hemos observado que el productor est\u00e1 entendiendo el mercado de Brasil y est\u00e1n muy interesados en llegar con sus productos a nuestro pa\u00eds. Hemos visto que los vinos, por ejemplo, han sido elaborados buscando a consumidores j\u00f3venes, son vinos f\u00e1ciles de beber y eso nos gusta mucho\u201d.<\/p>\n\n\n\n<p>\u201cActualmente estamos trabajando con 8 bodegas de quienes nos encargaremos de hacer todos los tr\u00e1mites para que los productos mendocinos puedan ingresar a nuestro mercado. Tambi\u00e9n vamos a las ferias haciendo un soporte para que los productores puedan estar presentes\u201d, agreg\u00f3 Roldo y cerr\u00f3: \u201cSiempre estamos muy atentos a las variaciones de precios, porque a ra\u00edz de la macroeconom\u00eda argentina nuestros clientes deben trasladar los costos al producto. En muchos casos los precios se incrementar por falta de insumos y es all\u00ed donde se comienza a comparar, por ejemplo, con productos de Europa\u201d.<\/p>\n\n\n\n<p>Daniel G\u00f3mez, gerente de Titarelli Wines, empresa mendocina, destac\u00f3 la importancia del evento: \u201cPara nosotros es incre\u00edble que se haya logrado traer a importadores de Brasil a esta zona de la provincia. Digo incre\u00edble porque nosotros siempre fuimos los que nos tuvimos que mover en busca de esos potenciales compradores. Esto no es suerte sino un producto de la gesti\u00f3n. Reci\u00e9n charlamos con uno de ellos quien nos coment\u00f3 que tiene 75 bocas y el poder estar sentados frente a un importador de ese calibre es para nosotros muy importante\u201d.<\/p>\n\n\n\n<p>\u201cLo importante de este encuentro es que si el cliente quiere conocer m\u00e1s sobre nuestro producto o bien necesita resolver algo que nos permita cerrar un negocio, tenemos la bodega a tan solo 20 minutos de aqu\u00ed. Esto facilita mucho el trabajo. Mendoza tiene mucho para ofrecer en cuanto alimentos y bebidas, en nuestro caso tenemos toda la gama de productos org\u00e1nicos y de alta gama\u201d, cerr\u00f3.<\/p>\n\n\n\n<p>Sobre c\u00f3mo funciona una Ronda de Negocios Inversa, desde ProMendoza, explicaron: \u201cEs una Ronda de Negocios en donde los compradores del exterior vienen a la provincia, por lo tanto las empresas de Mendoza ofrecen sus productos para exportar sin afrontar los gastos para viajar. Pero, adem\u00e1s, se re\u00fanen con importadores de varios estados brasileros en una ma\u00f1ana. Por lo que pueden hacer negocios en d\u00f3lares sin salir de la provincia.<\/p>\n\n\n\n<p><strong>El Mercado de Brasil<\/strong><\/p>\n\n\n\n<p>Brasil es el pa\u00eds que m\u00e1s le compra a Mendoza de los 136 destinos mundiales a los que Mendoza le vende productos. (Top 10: Brasil, Estados Unidos, Chile, Reino Unido, China, Canad\u00e1, M\u00e9xico, Uruguay, Pa\u00edses Bajos y Francia).<\/p>\n\n\n\n<p>Es un mercado natural para las empresas mendocinas por la cercan\u00eda \u2013 35 horas de cami\u00f3n- lo que facilita y abarata la log\u00edstica para las PyMEs de nuestra provincia.<\/p>\n\n\n\n<p><strong>Ronda Federal<\/strong><\/p>\n\n\n\n<p>La intenci\u00f3n de ProMendoza, es llegar con esta Ronda de Negocios a cada Rinc\u00f3n de la provincia. Se busca darle la oportunidad a todas aquellas Pymes locales puedan promocionar y vender sus productos a potenciales compradores.<\/p>\n\n\n\n<p>\u2022 Lunes 24 Zona Este \u2013 Templo del Vino, San Mart\u00edn<\/p>\n\n\n\n<p>\u2022 Martes 25 Zona Norte \u2013 Hotel Sheraton, Ciudad<\/p>\n\n\n\n<p>\u2022 Mi\u00e9rcoles 26 y jueves 27 Zona Valle de Uco \u2013 Hotel de Turismo, Tupungato<\/p>\n\n\n\n<p>\u2022 Viernes 28 Zona Sur \u2013 Centro de Congresos y Exposiciones, San Rafael<\/p>\n","protected":false},"excerpt":{"rendered":"<p>ProMendoza, junto al Consejo Federal de Inversiones y municipios de la zona Este, activaron una nutrida agenda en San Mart\u00edn. Unas 80 PyMEs locales participar\u00e1n en m\u00e1s de 500 reuniones&#8230;<\/p>\n","protected":false},"author":1,"featured_media":13070,"comment_status":"closed","ping_status":"open","sticky":false,"template":"","format":"image","meta":[],"categories":[99],"tags":[],"_links":{"self":[{"href":"https:\/\/www.promendoza.com\/es\/wp-json\/wp\/v2\/posts\/13069"}],"collection":[{"href":"https:\/\/www.promendoza.com\/es\/wp-json\/wp\/v2\/posts"}],"about":[{"href":"https:\/\/www.promendoza.com\/es\/wp-json\/wp\/v2\/types\/post"}],"author":[{"embeddable":true,"href":"https:\/\/www.promendoza.com\/es\/wp-json\/wp\/v2\/users\/1"}],"replies":[{"embeddable":true,"href":"https:\/\/www.promendoza.com\/es\/wp-json\/wp\/v2\/comments?post=13069"}],"version-history":[{"count":2,"href":"https:\/\/www.promendoza.com\/es\/wp-json\/wp\/v2\/posts\/13069\/revisions"}],"predecessor-version":[{"id":13072,"href":"https:\/\/www.promendoza.com\/es\/wp-json\/wp\/v2\/posts\/13069\/revisions\/13072"}],"wp:featuredmedia":[{"embeddable":true,"href":"https:\/\/www.promendoza.com\/es\/wp-json\/wp\/v2\/media\/13070"}],"wp:attachment":[{"href":"https:\/\/www.promendoza.com\/es\/wp-json\/wp\/v2\/media?parent=13069"}],"wp:term":[{"taxonomy":"category","embeddable":true,"href":"https:\/\/www.promendoza.com\/es\/wp-json\/wp\/v2\/categories?post=13069"},{"taxonomy":"post_tag","embeddable":true,"href":"https:\/\/www.promendoza.com\/es\/wp-json\/wp\/v2\/tags?post=13069"}],"curies":[{"name":"wp","href":"https:\/\/api.w.org\/{rel}","templated":true}]}}