{"id":13116,"date":"2023-09-15T15:16:48","date_gmt":"2023-09-15T15:16:48","guid":{"rendered":"https:\/\/www.promendoza.com\/es\/?p=13116"},"modified":"2023-09-15T15:22:15","modified_gmt":"2023-09-15T15:22:15","slug":"mendoza-continua-promocionando-sus-vinos-en-brasil","status":"publish","type":"post","link":"https:\/\/www.promendoza.com\/es\/mendoza-continua-promocionando-sus-vinos-en-brasil\/","title":{"rendered":"Mendoza contin\u00faa promocionando sus vinos en Brasil"},"content":{"rendered":"<style type=\"text\/css\"><\/style>\n<figure class=\"wp-block-image\"><img alt=\"\"\/><\/figure>\n\n\n\n<p>Luego de la misi\u00f3n oficial de Mendoza a Brasil que se realiz\u00f3 el a\u00f1o pasado encabezada por el Gobernador Rodolfo Su\u00e1rez, un equipo t\u00e9cnico de ProMendoza, liderado por el responsable de Vinos, Javier Rojas participar\u00e1 junto a 13 bodegas mendocinas en la Feria Wine South America en Bento Gonsalvez, Estado de Rio Grande do Sul, Brasil. Luego desarrollar\u00e1n degustaciones con el canal HoReCa en Cambori\u00fa, Estado de Santa Catarina, finalizando la gira con una visita al hub log\u00edstico-comercial de ProMendoza que se encuentra operando en el puerto de Itaja\u00ed.<br>Dado al nuevo contexto log\u00edstico, comercial y geopol\u00edtico \u2013consecuencia de la pandemia, la guerra de Rusia y Ucrania, y la tensi\u00f3n entre China y Estados Unidos- la visi\u00f3n de ProMendoza es que algunos pa\u00edses de Latinoam\u00e9rica tendr\u00e1n un fuerte crecimiento de inversiones y por ende econ\u00f3mico, convirti\u00e9ndose en una oportunidad de negocios para las PyMEs de la provincia, con el agregado que adem\u00e1s son mercados de cercan\u00eda de m\u00e1s f\u00e1cil abordaje<br>Es por ello que recientemente se desarroll\u00f3 una misi\u00f3n multisectorial que desembarc\u00f3 en M\u00e9xico y, esta semana, 13 bodegas participan de una misi\u00f3n comercial de vinos para seguir profundizando su acci\u00f3n comercial en el Sur de Brasil.<br>Es importante aclarar que el vecino pa\u00eds se proyecta como el aliado preferido de Europa para las inversiones derivadas de la relocalizaci\u00f3n de industrias, y que posee manifiestos indicadores de crecimiento econ\u00f3mico lo cual significa una oportunidad comercial para los productos o servicios de Mendoza dada la cercan\u00eda, el conocimiento de nuestra calidad que genera el creciente turismo brasilero a nuestra provincia y obviamente el Mercosur.<br>Brasil tiene una econom\u00eda en crecimiento sin pausa, con grandes desarrollos en el sector de alimentos, petrolero, automotriz y metalmec\u00e1nico, servicios y otros que en breve plazo demandar\u00e1 productos y servicios de otros pa\u00edses, donde obviamente los vecinos tienen ventaja. Es all\u00ed donde Mendoza tiene una gran oportunidad para el crecimiento de exportaci\u00f3n de servicios y productos a este mercado.<\/p>\n\n\n\n<p><strong>Los participantes<\/strong><br>Con el apoyo y organizaci\u00f3n de ProMendoza participar\u00e1n las bodegas: Amansado Wines, Familia Canepa Martin, Flor Silvestre, Andes Growers, Espumante Nouvelle, Tittarelli Wines, Susurro Wines, Fina Nunca Del Jam\u00e1s, Cuarto Dominio, Pecnete, Bodega A16, Carinae\/Kal\u00f3s, Lui Wines.<\/p>\n\n\n\n<p><strong>Agenda detallada<\/strong><br>Del 12 al 14 de septiembre t\u00e9cnicos y bodegas participar\u00e1n de la feria Wine South America 2023. All\u00ed se desarrollar\u00e1n Rondas de negocios (B2B) organizada por los responsables de la feria.<br>Del 15 al 17 la comitiva estar\u00e1 en Itaja\u00ed para visitar el puerto y la plataforma log\u00edstico &#8211; comercial donde ser\u00e1n recibidos por Satori Trading, un importante importador de Brasil y administrador del hub log\u00edstico de Mendoza.<br>El d\u00eda 18 de 10 a 13.30 hs. se realizar\u00e1 una degustaci\u00f3n en Cambori\u00fa con los principales distribuidores del canal HoReCa (Hoteles, Restaurants, Catering) y Supermercados del estado de Santa Catarina.<\/p>\n","protected":false},"excerpt":{"rendered":"<p>Luego de la misi\u00f3n oficial de Mendoza a Brasil que se realiz\u00f3 el a\u00f1o pasado encabezada por el Gobernador Rodolfo Su\u00e1rez, un equipo t\u00e9cnico de ProMendoza, liderado por el responsable&#8230;<\/p>\n","protected":false},"author":1,"featured_media":13117,"comment_status":"closed","ping_status":"open","sticky":false,"template":"","format":"image","meta":[],"categories":[96],"tags":[],"_links":{"self":[{"href":"https:\/\/www.promendoza.com\/es\/wp-json\/wp\/v2\/posts\/13116"}],"collection":[{"href":"https:\/\/www.promendoza.com\/es\/wp-json\/wp\/v2\/posts"}],"about":[{"href":"https:\/\/www.promendoza.com\/es\/wp-json\/wp\/v2\/types\/post"}],"author":[{"embeddable":true,"href":"https:\/\/www.promendoza.com\/es\/wp-json\/wp\/v2\/users\/1"}],"replies":[{"embeddable":true,"href":"https:\/\/www.promendoza.com\/es\/wp-json\/wp\/v2\/comments?post=13116"}],"version-history":[{"count":2,"href":"https:\/\/www.promendoza.com\/es\/wp-json\/wp\/v2\/posts\/13116\/revisions"}],"predecessor-version":[{"id":13119,"href":"https:\/\/www.promendoza.com\/es\/wp-json\/wp\/v2\/posts\/13116\/revisions\/13119"}],"wp:featuredmedia":[{"embeddable":true,"href":"https:\/\/www.promendoza.com\/es\/wp-json\/wp\/v2\/media\/13117"}],"wp:attachment":[{"href":"https:\/\/www.promendoza.com\/es\/wp-json\/wp\/v2\/media?parent=13116"}],"wp:term":[{"taxonomy":"category","embeddable":true,"href":"https:\/\/www.promendoza.com\/es\/wp-json\/wp\/v2\/categories?post=13116"},{"taxonomy":"post_tag","embeddable":true,"href":"https:\/\/www.promendoza.com\/es\/wp-json\/wp\/v2\/tags?post=13116"}],"curies":[{"name":"wp","href":"https:\/\/api.w.org\/{rel}","templated":true}]}}