{"id":13120,"date":"2023-09-21T14:28:04","date_gmt":"2023-09-21T14:28:04","guid":{"rendered":"https:\/\/www.promendoza.com\/es\/?p=13120"},"modified":"2023-09-21T14:28:25","modified_gmt":"2023-09-21T14:28:25","slug":"pymes-y-referentes-de-mendoza-debatieron-sobre-innovacion-y-talento","status":"publish","type":"post","link":"https:\/\/www.promendoza.com\/es\/pymes-y-referentes-de-mendoza-debatieron-sobre-innovacion-y-talento\/","title":{"rendered":"Pymes y referentes de Mendoza debatieron sobre innovaci\u00f3n y talento"},"content":{"rendered":"<style type=\"text\/css\"><\/style>\n<figure class=\"wp-block-image\"><img alt=\"\"\/><\/figure>\n\n\n\n<p><br>El lunes 18, se realiz\u00f3 el Foro de Innovaci\u00f3n y Talento de Mendoza sobre los desaf\u00edos de la ciencia, la tecnolog\u00eda y la innovaci\u00f3n en la sociedad del conocimiento. Se trat\u00f3 de una actividad precongreso, en el marco del XX Congreso Latino-Iberoamericano de Gesti\u00f3n Tecnol\u00f3gica y de la Innovaci\u00f3n ALTEC 2023, que se realiza en Paran\u00e1.<br>El objetivo principal de este foro, que se desarroll\u00f3 en el auditorio de IMPSA, fue contribuir con conocimientos y experiencias a la valorizaci\u00f3n de empresas de base tecnol\u00f3gica y del conocimiento en Argentina y otros pa\u00edses; metodolog\u00edas para la puesta en valor del capital intelectual de diferentes tipos de organizaciones; experiencias de valorizaci\u00f3n de tecnolog\u00edas, patentes, marcas y otros activos intelectuales y casos de \u00e9xito de empresas que, gracias a su capital intelectual, han logrado potenciar con \u00e9xito su valor social y comercial.<\/p>\n\n\n\n<p>Adem\u00e1s, considerar an\u00e1lisis sist\u00e9micos de los procesos de innovaci\u00f3n en el marco de escenarios cambiantes e inciertos que impactan en el comportamiento y valor de las organizaciones.<\/p>\n\n\n\n<p>La exposici\u00f3n principal estuvo a cargo del especialista mexicano Enrique Medell\u00edn Cabrera, experto en materia de innovaci\u00f3n y talento humano, quien hizo foco en la valoraci\u00f3n del capital intelectual y los desaf\u00edos para su gesti\u00f3n. Medell\u00edn Cabrera es ingeniero qu\u00edmico por la Universidad Aut\u00f3noma de San Luis Potos\u00ed, maestro en Administraci\u00f3n (Organizaciones) y doctor en Ciencias de la Administraci\u00f3n por la Universidad Nacional Aut\u00f3noma de M\u00e9xico (UNAM). Consultor especialista en gesti\u00f3n de tecnolog\u00eda e innovaci\u00f3n, en vinculaci\u00f3n universidad-empresa y en valoraci\u00f3n de activos intelectuales en las empresas<\/p>\n\n\n\n<p>Despu\u00e9s de la ponencia principal, se desarroll\u00f3 un conversatorio para debatir sobre Futuro e Innovaci\u00f3n en Mendoza. Estuvo moderado por Javier Vitale, investigador del Instituto Nacional de Tecnolog\u00eda Agropecuaria y experto en prospectiva. Cont\u00f3 con la participaci\u00f3n de Anal\u00eda D\u00edaz Bruno, directora ejecutiva de Nodo de Innovaci\u00f3n Cuyo del INTA; Alejandro Belmonte, coordinador Acad\u00e9mico+Digital de Asuntos del Sur; Ang\u00e9lica Delgadillo, jefa de I+D+I de IMPSA; Rodolfo Giro, director de Innovaci\u00f3n de InterBrain SAS; Mar\u00eda Paz \u00c1lvarez, fundadora y CEO de ZaviaBio, y Farid Nallim, co fundador &#038; CEO de Reciclarg + FellowAshoka.<\/p>\n\n\n\n<p>Organizadores, socios estrat\u00e9gicos y auspiciantes de este foro fueron la C\u00e1mara de Comercio Italiana de Mendoza, ProMendoza, IMPSA, Argenconsult, Agencia Mendocina de Innovaci\u00f3n, Ciencia y Tecnolog\u00eda, Consejo Nacional de Investigaciones Cient\u00edficas y T\u00e9cnicas (Conicet), Instituto Nacional de Tecnolog\u00eda Industrial (INTI), Instituto Nacional de Tecnolog\u00eda Agropecuaria (INTA), Unidad Mixta para el desarrollo y la sustentabilidad del sistema agroalimentario regional de las provincias de Mendoza y San Juan, Centro de Estudios Prospectivos de Cuyo, Multimedios UNO, InterBrain, Reciclarg, FilmAndes y Asuntos del Sur.<\/p>\n\n\n\n<p>Durante el encuentro, se destac\u00f3 la importancia del talento humano y su valorizaci\u00f3n para el crecimiento de las empresas y el desarrollo local y global. Tambi\u00e9n se resalt\u00f3 el valor que puede cobrar una empresa por sus desarrollos intelectuales m\u00e1s all\u00e1 de su infraestructura f\u00edsica y activos.<\/p>\n\n\n\n<p><strong>Los oradores<\/strong><\/p>\n\n\n\n<p>Otro punto de coincidencia entre los oradores y muy destacado por Anal\u00eda D\u00edaz Bruno, del INTA, fue reconocer la importancia de la articulaci\u00f3n p\u00fablico-privada y la vinculaci\u00f3n de la academia con las empresas y el Estado de una manera equilibrada y que genere sinergias virtuosas, buscando siempre aportar valor a trav\u00e9s de los conocimientos generados. Se brindaron ejemplos de colaboraciones en donde las inversiones iniciales redundaron en beneficios mucho mayores para las partes intervinientes, que los que se hab\u00edan calculado inicialmente. Otros en donde la investigaci\u00f3n b\u00e1sica de unidades acad\u00e9micas pudo resolver desaf\u00edos empresariales que implicaban grandes gastos.<\/p>\n\n\n\n<p>Asimismo, Mar\u00eda Paz \u00c1lvarez cont\u00f3 su experiencia como fundadora de una start up que resuelve problemas locales que pueden ser escalados a nivel mundial con gran potencial de general utilidades y por ello, atrae inversores de riesgo. Estas empresas conf\u00edan y apuestan a su creatividad e ingenio para ofrecer nuevas soluciones a antiguos problemas.<\/p>\n\n\n\n<p>Por otra parte, Ang\u00e9lica Delgadillo puso \u00e9nfasis en la importancia de poder trabajar en equipo y que las personas puedan desarrollar su potencial personal contribuyendo al proyecto com\u00fan. Remarc\u00f3 que antiguamente se buscaban perfiles muy destacados acad\u00e9micamente pero que luego surg\u00edan problemas a la hora de compartir y articular. Mientras que actualmente, en IMPSA, a la hora de realizar entrevistas valoran tambi\u00e9n las habilidades blandas como la capacidad de di\u00e1logo, de trabajar en equipo, de integrarse f\u00e1cilmente, de expresarse, etc.<\/p>\n\n\n\n<p>A su turno, Farid Nallim, agreg\u00f3 que en Reciclarg, cuando buscan nuevos colaboradores, le dan mucha importancia a que los candidatos compartan el prop\u00f3sito de la empresa, que es colaborar en hacer un mundo mejor desde cada peque\u00f1o acto cotidiano. Indic\u00f3 que est\u00e1 convencido de que esta modalidad ha llevado a la empresa a tener muy poca rotaci\u00f3n de personal. Tambi\u00e9n explic\u00f3 que involucran a todo el equipo a la hora de buscar soluciones a desaf\u00edos que se presentan y que muchas veces han recibido buenas propuestas de los integrantes menos esperados.<\/p>\n\n\n\n<p>Con respecto a la valorizaci\u00f3n de su equipo, Rodolfo Giro, de InterBrain, coment\u00f3 que, adem\u00e1s de incentivos econ\u00f3micos, realizan reconocimientos internos y p\u00fablicos por las contribuciones de los miembros del equipo a los diferentes proyectos. En lo posible \u2013a\u00f1adi\u00f3\u2013 cuando obtienen premios internacionales consultan para poder brindar un premio en particular a cada persona que estuvo involucrada en el proyecto. Tambi\u00e9n, obtienen autorizaciones de sus clientes para que sus colaboradores puedan mencionar en sus CV los proyectos destacados en los que trabajan.<\/p>\n\n\n\n<p>Al momento de su intervenci\u00f3n, Alejadro Belmonte, de Asuntos del Sur, resalt\u00f3 el compromiso de su instituci\u00f3n para fortalecer la democracia a trav\u00e9s de innovaciones en los procesos y herramientas de participaci\u00f3n que permitir\u00e1 adelantar procesos deliberativos y de toma de decisiones, incluyendo elementos de inteligencia colectiva y aportando a la legitimidad y la transparencia.<\/p>\n\n\n\n<p>En resumen, el foro puso en valor la importancia de las personas en los procesos de innovaci\u00f3n y de la valoraci\u00f3n de su creatividad y talento como motivador y acelerador del desarrollo.<\/p>\n\n\n\n<p>Este foro se trat\u00f3 de una actividad precongreso, en el marco del XX Congreso Latino-Iberoamericano de Gesti\u00f3n Tecnol\u00f3gica y de la Innovaci\u00f3n ALTEC 2023, que se realiza en la Ciudad de Paran\u00e1 del 20 al 22 de setiembre.<\/p>\n","protected":false},"excerpt":{"rendered":"<p>El lunes 18, se realiz\u00f3 el Foro de Innovaci\u00f3n y Talento de Mendoza sobre los desaf\u00edos de la ciencia, la tecnolog\u00eda y la innovaci\u00f3n en la sociedad del conocimiento. Se&#8230;<\/p>\n","protected":false},"author":1,"featured_media":13121,"comment_status":"closed","ping_status":"open","sticky":false,"template":"","format":"image","meta":[],"categories":[114,92],"tags":[],"_links":{"self":[{"href":"https:\/\/www.promendoza.com\/es\/wp-json\/wp\/v2\/posts\/13120"}],"collection":[{"href":"https:\/\/www.promendoza.com\/es\/wp-json\/wp\/v2\/posts"}],"about":[{"href":"https:\/\/www.promendoza.com\/es\/wp-json\/wp\/v2\/types\/post"}],"author":[{"embeddable":true,"href":"https:\/\/www.promendoza.com\/es\/wp-json\/wp\/v2\/users\/1"}],"replies":[{"embeddable":true,"href":"https:\/\/www.promendoza.com\/es\/wp-json\/wp\/v2\/comments?post=13120"}],"version-history":[{"count":2,"href":"https:\/\/www.promendoza.com\/es\/wp-json\/wp\/v2\/posts\/13120\/revisions"}],"predecessor-version":[{"id":13123,"href":"https:\/\/www.promendoza.com\/es\/wp-json\/wp\/v2\/posts\/13120\/revisions\/13123"}],"wp:featuredmedia":[{"embeddable":true,"href":"https:\/\/www.promendoza.com\/es\/wp-json\/wp\/v2\/media\/13121"}],"wp:attachment":[{"href":"https:\/\/www.promendoza.com\/es\/wp-json\/wp\/v2\/media?parent=13120"}],"wp:term":[{"taxonomy":"category","embeddable":true,"href":"https:\/\/www.promendoza.com\/es\/wp-json\/wp\/v2\/categories?post=13120"},{"taxonomy":"post_tag","embeddable":true,"href":"https:\/\/www.promendoza.com\/es\/wp-json\/wp\/v2\/tags?post=13120"}],"curies":[{"name":"wp","href":"https:\/\/api.w.org\/{rel}","templated":true}]}}