{"id":13139,"date":"2023-09-27T15:57:37","date_gmt":"2023-09-27T15:57:37","guid":{"rendered":"https:\/\/www.promendoza.com\/es\/?p=13139"},"modified":"2023-09-27T16:06:52","modified_gmt":"2023-09-27T16:06:52","slug":"promendoza-midio-la-huella-de-carbono-de-su-evento-aniversario-para-generar-conciencia-ambiental","status":"publish","type":"post","link":"https:\/\/www.promendoza.com\/es\/promendoza-midio-la-huella-de-carbono-de-su-evento-aniversario-para-generar-conciencia-ambiental\/","title":{"rendered":"ProMendoza midi\u00f3 la huella de carbono de su evento aniversario para generar conciencia ambiental"},"content":{"rendered":"<style type=\"text\/css\"><\/style>\n<figure class=\"wp-block-image\"><img alt=\"\"\/><\/figure>\n\n\n\n<p>Para celebrar sus 27 a\u00f1os de trabajo en la internacionalizaci\u00f3n de productos y servicios de la provincia, organiz\u00f3 una disertaci\u00f3n de expertos para conocer m\u00e1s sobre los desaf\u00edos del cambio clim\u00e1tico en el comercio exterior. En ese marco, la empresa Circular Carbon midi\u00f3 la huella de carbono del evento para visibilizar esta tem\u00e1tica.<br>El impacto del cambio clim\u00e1tico trae nuevos desaf\u00edos para las empresas que comercializan productos en el exterior, pero tambi\u00e9n nos ata\u00f1e a todos en nuestra vida cotidiana. Es por ello que se realiz\u00f3 la medici\u00f3n de la huella de carbono del encuentro, como parte del proceso de concientizaci\u00f3n.<\/p>\n\n\n\n<p>Circular Carbon es una consultora especializada en acelerar la transici\u00f3n hacia la econom\u00eda circular, entendida como un mecanismo para la producci\u00f3n y consumo responsable. Debido a que el calentamiento global es una de las principales problem\u00e1ticas que afecta al mundo y representa un peligro para el futuro de la humanidad, ProMendoza muestra su compromiso con la concientizaci\u00f3n para el desarrollo sostenible con la cuantificaci\u00f3n de emisiones asociadas al evento del 23 de agosto, que dur\u00f3 3 horas y en el que participaron 54 personas.<\/p>\n\n\n\n<p>Las emisiones se cuantificaron multiplicando el dato de la actividad por el correspondiente factor de emisi\u00f3n de cada categor\u00eda. El resultado fue que se gener\u00f3 una huella total de 733 kg de CO2, en donde se midieron las siguientes fuentes de emisi\u00f3n de carbono:<\/p>\n\n\n\n<p><strong>Transporte:<\/strong> todos los desplazamientos de exponentes y asistentes dieron como resultado 287 kg de CO2 e<br><strong>Alimentos:<\/strong> generaron 405 kg de CO2 e<br><strong>Descartables:<\/strong> 1 kg de CO2 e<br><strong>Residuos:<\/strong> 2 kg de CO2 e<br><strong>Material de promoci\u00f3n: <\/strong>38 kg de CO2 e<br><\/p>\n\n\n\n<p>La propuesta es medir la huella de carbono del pr\u00f3ximo aniversario de ProMendoza para poder establecer comparaciones y trabajar en su reducci\u00f3n, a\u00f1o a a\u00f1o.<\/p>\n\n\n\n<p><strong>El aniversario<\/strong><\/p>\n\n\n\n<p>ProMendoza celebr\u00f3 sus 27 a\u00f1os con una disertaci\u00f3n sobre los desaf\u00edos del cambio clim\u00e1tico en el comercio internacional. Participaron destacados profesionales relacionados con la tem\u00e1tica:<\/p>\n\n\n\n<p>-Andr\u00e9s Cohen, de Circular Carbon, expuso sobre el an\u00e1lisis de ciclo de vida de un producto, las aplicaciones para ecodise\u00f1o, huella de carbono y declaraciones ambientales de producto, herramienta de toma de decisiones para la mitigaci\u00f3n frente al cambio clim\u00e1tico y GeoCarbon.<\/p>\n\n\n\n<p>-Dar\u00edo Glielmi, de Portfolio SA, disert\u00f3 sobre el beneficio de las finanzas sustentables, la incorporaci\u00f3n de criterios ambientales, sociales y de gobernanza en las pymes exportadoras mendocinas, como modelo actual de negocios y ventajas competitivas a las empresas.<\/p>\n\n\n\n<p>-Marisol Cavichioli, de GenB Econom\u00eda, explic\u00f3 qu\u00e9 es y qu\u00e9 mide la huella de carbono, beneficios de ser carbono neutral para las empresas y proyectos elegibles para poder compensar.<\/p>\n\n\n\n<p>-Heraldo Lali Mu\u00f1oz, de ITU UNCuyo, Econom\u00eda Humana y Fensus Econom\u00edas Sustentables, habl\u00f3 sobre una nueva econom\u00eda con otras oportunidades para modelos de negocio exportador, entender los cambios de paradigma de los nuevos modelos de negocios, la innovaci\u00f3n en la forma de hacer econom\u00eda y finanzas.<\/p>\n\n\n\n<p>El evento fue organizado por ProMendoza, con el auspicio de Bonarda Argentina y Espacio Lodo, con el apoyo de Portfolio, Quinto Impacto, Fensus, Circular Carbon, Econom\u00eda Humana, Gen By el Instituto Tecnol\u00f3gico Universitario (ITU) de la UNCuyo.<\/p>\n","protected":false},"excerpt":{"rendered":"<p>Para celebrar sus 27 a\u00f1os de trabajo en la internacionalizaci\u00f3n de productos y servicios de la provincia, organiz\u00f3 una disertaci\u00f3n de expertos para conocer m\u00e1s sobre los desaf\u00edos del cambio&#8230;<\/p>\n","protected":false},"author":1,"featured_media":13144,"comment_status":"closed","ping_status":"open","sticky":false,"template":"","format":"image","meta":[],"categories":[114],"tags":[],"_links":{"self":[{"href":"https:\/\/www.promendoza.com\/es\/wp-json\/wp\/v2\/posts\/13139"}],"collection":[{"href":"https:\/\/www.promendoza.com\/es\/wp-json\/wp\/v2\/posts"}],"about":[{"href":"https:\/\/www.promendoza.com\/es\/wp-json\/wp\/v2\/types\/post"}],"author":[{"embeddable":true,"href":"https:\/\/www.promendoza.com\/es\/wp-json\/wp\/v2\/users\/1"}],"replies":[{"embeddable":true,"href":"https:\/\/www.promendoza.com\/es\/wp-json\/wp\/v2\/comments?post=13139"}],"version-history":[{"count":3,"href":"https:\/\/www.promendoza.com\/es\/wp-json\/wp\/v2\/posts\/13139\/revisions"}],"predecessor-version":[{"id":13143,"href":"https:\/\/www.promendoza.com\/es\/wp-json\/wp\/v2\/posts\/13139\/revisions\/13143"}],"wp:featuredmedia":[{"embeddable":true,"href":"https:\/\/www.promendoza.com\/es\/wp-json\/wp\/v2\/media\/13144"}],"wp:attachment":[{"href":"https:\/\/www.promendoza.com\/es\/wp-json\/wp\/v2\/media?parent=13139"}],"wp:term":[{"taxonomy":"category","embeddable":true,"href":"https:\/\/www.promendoza.com\/es\/wp-json\/wp\/v2\/categories?post=13139"},{"taxonomy":"post_tag","embeddable":true,"href":"https:\/\/www.promendoza.com\/es\/wp-json\/wp\/v2\/tags?post=13139"}],"curies":[{"name":"wp","href":"https:\/\/api.w.org\/{rel}","templated":true}]}}