{"id":13157,"date":"2023-10-12T15:06:00","date_gmt":"2023-10-12T15:06:00","guid":{"rendered":"https:\/\/www.promendoza.com\/es\/?p=13157"},"modified":"2023-10-12T15:06:38","modified_gmt":"2023-10-12T15:06:38","slug":"promendoza-profundiza-su-relacion-con-la-union-europea","status":"publish","type":"post","link":"https:\/\/www.promendoza.com\/es\/promendoza-profundiza-su-relacion-con-la-union-europea\/","title":{"rendered":"ProMendoza profundiza su relaci\u00f3n con la Uni\u00f3n Europea"},"content":{"rendered":"<style type=\"text\/css\"><\/style>\n<figure class=\"wp-block-image\"><img alt=\"\"\/><\/figure>\n\n\n\n<p>ProMendoza recibi\u00f3 la visita de la Delegaci\u00f3n de la Uni\u00f3n Europea en Argentina. En esta oportunidad, con la presencia de los consejeros comerciales de las embajadas de B\u00e9lgica, Finlandia, Francia, Italia, Polonia y Eslovenia.<br>Estuvieron presentes Viktoria L\u00f6venberg y Mariela Sosa Zamarbide, por la delegaci\u00f3n de la Uni\u00f3n Europea en Argentina; Aris Georgiopoulos, de la embajada de B\u00e9lgica; Sanna Pulkkinen, de la embajada de Finlandia; Dar\u00edo Savoriti, de la embajada de Italia, Adam Ryszka, de la embajada de Polonia e Igor \u0160ef, de la embajada de Eslovenia.<\/p>\n\n\n\n<p>El encuentro estuvo liderado por Mario L\u00e1zzaro, gerente general de ProMendoza, y articiparon adem\u00e1se representantes de otras entidades de Mendoza, como Graciela Rovera, por la Federaci\u00f3n Econ\u00f3mica de Mendoza; Juan Viciana, por la Uni\u00f3n Comercial e Industrial de Mendoza; Jorge P\u00e9rez Cuesta, por la Bolsa de Comercio; Federico Mor\u00e1bito, por la Agencia de Innovaci\u00f3n, Ciencia y Tecnolog\u00eda; Marcelo Japaz, representando al Ministerio de Econom\u00eda y Energ\u00eda; Magdalena Pesce, gerente de WOFA, y Pablo Federico Smon, representante del Consulado de Eslovenia.<\/p>\n\n\n\n<p>Luego de la presentaci\u00f3n formal de cada instituci\u00f3n, Carolina Su\u00e1rez Garc\u00e9s, responsable de Relaciones Institucionales de ProMendoza, expuso sobre la tarea que realiza ProMendoza para promocionar las exportaciones y atraer inversiones a Mendoza.<\/p>\n\n\n\n<p>Posteriormente, los presentes pudieron dialogar y encontrar puntos de inter\u00e9s para trabajar en el futuro. Como resultado de este intercambio, se acord\u00f3 profundizar el conocimiento de Pacto Verde Europeo y concretar un webinario para informar a las empresas exportadoras de Mendoza detalles sobre el funcionamiento de este acuerdo. Adem\u00e1s, los participantes europeos mostraron inter\u00e9s en el 5\u00ba Foro de Inversiones y Negocios 2024 y solicitaron informaci\u00f3n. Entre las tem\u00e1ticas destacadas, surgieron las colaboraciones en temas de producciones audiovisuales e industria aeroespacial.<\/p>\n","protected":false},"excerpt":{"rendered":"<p>ProMendoza recibi\u00f3 la visita de la Delegaci\u00f3n de la Uni\u00f3n Europea en Argentina. En esta oportunidad, con la presencia de los consejeros comerciales de las embajadas de B\u00e9lgica, Finlandia, Francia,&#8230;<\/p>\n","protected":false},"author":1,"featured_media":13158,"comment_status":"closed","ping_status":"open","sticky":false,"template":"","format":"image","meta":[],"categories":[114],"tags":[],"_links":{"self":[{"href":"https:\/\/www.promendoza.com\/es\/wp-json\/wp\/v2\/posts\/13157"}],"collection":[{"href":"https:\/\/www.promendoza.com\/es\/wp-json\/wp\/v2\/posts"}],"about":[{"href":"https:\/\/www.promendoza.com\/es\/wp-json\/wp\/v2\/types\/post"}],"author":[{"embeddable":true,"href":"https:\/\/www.promendoza.com\/es\/wp-json\/wp\/v2\/users\/1"}],"replies":[{"embeddable":true,"href":"https:\/\/www.promendoza.com\/es\/wp-json\/wp\/v2\/comments?post=13157"}],"version-history":[{"count":2,"href":"https:\/\/www.promendoza.com\/es\/wp-json\/wp\/v2\/posts\/13157\/revisions"}],"predecessor-version":[{"id":13161,"href":"https:\/\/www.promendoza.com\/es\/wp-json\/wp\/v2\/posts\/13157\/revisions\/13161"}],"wp:featuredmedia":[{"embeddable":true,"href":"https:\/\/www.promendoza.com\/es\/wp-json\/wp\/v2\/media\/13158"}],"wp:attachment":[{"href":"https:\/\/www.promendoza.com\/es\/wp-json\/wp\/v2\/media?parent=13157"}],"wp:term":[{"taxonomy":"category","embeddable":true,"href":"https:\/\/www.promendoza.com\/es\/wp-json\/wp\/v2\/categories?post=13157"},{"taxonomy":"post_tag","embeddable":true,"href":"https:\/\/www.promendoza.com\/es\/wp-json\/wp\/v2\/tags?post=13157"}],"curies":[{"name":"wp","href":"https:\/\/api.w.org\/{rel}","templated":true}]}}