{"id":13163,"date":"2023-10-17T13:59:08","date_gmt":"2023-10-17T13:59:08","guid":{"rendered":"https:\/\/www.promendoza.com\/es\/?p=13163"},"modified":"2023-10-17T14:04:23","modified_gmt":"2023-10-17T14:04:23","slug":"pymes-de-mendoza-hacen-presencia-en-europa-para-mantener-el-mercado-de-alimentos","status":"publish","type":"post","link":"https:\/\/www.promendoza.com\/es\/pymes-de-mendoza-hacen-presencia-en-europa-para-mantener-el-mercado-de-alimentos\/","title":{"rendered":"Pymes de Mendoza hacen presencia en Europa para mantener el mercado de alimentos"},"content":{"rendered":"<style type=\"text\/css\"><\/style>\n<figure class=\"wp-block-image\"><img alt=\"\"\/><\/figure>\n\n\n\n<p><br>Empresas de alimentos y vinos participan en una misi\u00f3n comercial en Alemania, Londres y Lisboa, organizada por ProMendoza. La misi\u00f3n fue dise\u00f1ada con el objetivo de potenciar el posicionamiento de los exportadores mendocinos en la regi\u00f3n, con especial relevancia de la ciruela deshidratada y los frutos secos.<br>En Alemania, las empresas asistieron a Anuga, la feria de alimentos m\u00e1s importante del mundo, que se realiza bianual \u2013en a\u00f1os impares\u2013 y se complementa con SIAL Par\u00eds, que se realiza en a\u00f1os pares.<\/p>\n\n\n\n<p>\u201cA pesar de que la producci\u00f3n de alimentos ha ca\u00eddo en la provincia por temas clim\u00e1ticos, vamos a esta feria de agroalimentos a consolidar, vender, sostener el mercado, porque las malas cosechas pueden revertirse, y mantener la presencia nos asegura futuras ventas cuando el producto est\u00e9 disponible\u201d, explic\u00f3 el gerente Mario L\u00e1zzaro.<\/p>\n\n\n\n<p>Anuga es una exposici\u00f3n de agronegocios, con alimentos industrializados y con la innovaci\u00f3n que marca tendencia mundial. Por eso la asistencia no solo es de los europeos sino tambi\u00e9n de Asia, interesados en seguir desarrollando su producci\u00f3n.<\/p>\n\n\n\n<p>El encuentro convoca a importadores, mayoristas y compradores de cadenas de supermercado que buscan la compra directa a proveedores, tratando de acortar la cadena de suministro y, en algunos casos, con la intenci\u00f3n de generar una etiqueta blanca o marca privada.<\/p>\n\n\n\n<p>Es importante aclarar que la visi\u00f3n de ProMendoza es que el cambio clim\u00e1tico est\u00e1 afectando la producci\u00f3n de alimentos en diferentes regiones del mundo y esto crea oportunidades para Mendoza. Por eso ser\u00e1 muy importante complementar la estrategia comercial con un nuevo dise\u00f1o de la producci\u00f3n en la provincia. Y siendo Europa un mercado con 600 millones de habitantes de alto poder adquisitivo, se vuelve indispensable que la provincia siga buscando su crecimiento all\u00ed y Alemania. Es un buen camino de ingreso, porque es el motor de crecimiento de Europa.<\/p>\n\n\n\n<p><strong>Inglaterra y Portugal<\/strong><\/p>\n\n\n\n<p>La agenda de las empresas culmina con dos rondas de negocios, una en Londres y otra en Lisboa.<\/p>\n\n\n\n<p>\u201cEl mercado de Inglaterra siempre lo visitamos y hacemos presencia, porque es nuestro principal comprador de vinos en Europa. Portugal es un mercado que viene creciendo por marcado desarrollo tur\u00edstico, muy cerca de Espa\u00f1a, por lo que es estrat\u00e9gico conseguir importadores en ese pa\u00eds y crecer en la regi\u00f3n peninsular\u201d, culmin\u00f3 L\u00e1zzaro.<\/p>\n","protected":false},"excerpt":{"rendered":"<p>Empresas de alimentos y vinos participan en una misi\u00f3n comercial en Alemania, Londres y Lisboa, organizada por ProMendoza. La misi\u00f3n fue dise\u00f1ada con el objetivo de potenciar el posicionamiento de&#8230;<\/p>\n","protected":false},"author":1,"featured_media":13164,"comment_status":"closed","ping_status":"open","sticky":false,"template":"","format":"image","meta":[],"categories":[96],"tags":[],"_links":{"self":[{"href":"https:\/\/www.promendoza.com\/es\/wp-json\/wp\/v2\/posts\/13163"}],"collection":[{"href":"https:\/\/www.promendoza.com\/es\/wp-json\/wp\/v2\/posts"}],"about":[{"href":"https:\/\/www.promendoza.com\/es\/wp-json\/wp\/v2\/types\/post"}],"author":[{"embeddable":true,"href":"https:\/\/www.promendoza.com\/es\/wp-json\/wp\/v2\/users\/1"}],"replies":[{"embeddable":true,"href":"https:\/\/www.promendoza.com\/es\/wp-json\/wp\/v2\/comments?post=13163"}],"version-history":[{"count":2,"href":"https:\/\/www.promendoza.com\/es\/wp-json\/wp\/v2\/posts\/13163\/revisions"}],"predecessor-version":[{"id":13169,"href":"https:\/\/www.promendoza.com\/es\/wp-json\/wp\/v2\/posts\/13163\/revisions\/13169"}],"wp:featuredmedia":[{"embeddable":true,"href":"https:\/\/www.promendoza.com\/es\/wp-json\/wp\/v2\/media\/13164"}],"wp:attachment":[{"href":"https:\/\/www.promendoza.com\/es\/wp-json\/wp\/v2\/media?parent=13163"}],"wp:term":[{"taxonomy":"category","embeddable":true,"href":"https:\/\/www.promendoza.com\/es\/wp-json\/wp\/v2\/categories?post=13163"},{"taxonomy":"post_tag","embeddable":true,"href":"https:\/\/www.promendoza.com\/es\/wp-json\/wp\/v2\/tags?post=13163"}],"curies":[{"name":"wp","href":"https:\/\/api.w.org\/{rel}","templated":true}]}}