{"id":13193,"date":"2023-11-14T14:32:47","date_gmt":"2023-11-14T14:32:47","guid":{"rendered":"https:\/\/www.promendoza.com\/es\/?p=13193"},"modified":"2023-11-14T14:33:26","modified_gmt":"2023-11-14T14:33:26","slug":"california-y-mendoza-construyen-vinculos-para-abordar-desafios-comunes","status":"publish","type":"post","link":"https:\/\/www.promendoza.com\/es\/california-y-mendoza-construyen-vinculos-para-abordar-desafios-comunes\/","title":{"rendered":"California y Mendoza construyen v\u00ednculos para abordar desaf\u00edos comunes"},"content":{"rendered":"<style type=\"text\/css\"><\/style>\n<figure class=\"wp-block-image\"><img alt=\"\"\/><\/figure>\n\n\n\n<p><br>Una misi\u00f3n oficial del Senado de California, Estados Unidos, visit\u00f3 Mendoza esta se,ama. La actividad fue coorganizada por ProMendoza en conjunto con la Fundaci\u00f3n Nueva Generaci\u00f3n Argentina de Santa Fe y la Fundaci\u00f3n de Relaciones Internacionales de California.<br>La delegaci\u00f3n lleg\u00f3 el domingo 5 de noviembre y tuvo la oportunidad de conocer el Valle de Uco y detalles sobre la vitivinicultura mendocina.<br>El lunes siguiente, el gerente de ProMendoza, Mario L\u00e1zzaro, junto a Marcelo Japaz, coordinador del Ministerio de Econom\u00eda y Energ\u00eda, los recibieron en la sede de la fundaci\u00f3n para presentarles los distintos sectores productivos de Mendoza a trav\u00e9s de instituciones clave.<br>El encuentro de la ma\u00f1ana se realiz\u00f3 en diferentes bloques. Durante el primero se present\u00f3 el enfoque financiero de la provincia, a cargo de Ignacio Hern\u00e1n Barbeira, en representaci\u00f3n de Cuyo Aval y del Fondo de Transformaci\u00f3n y Crecimiento de Mendoza. Lo acompa\u00f1\u00f3 Laura Torres, titular de esta \u00faltima entidad.<br>En el segundo bloque se present\u00f3 la tem\u00e1tica de energ\u00edas e inversiones. El tema de energ\u00edas fue presentado por Impulsa Mendoza, Emesa e IMPSA representados por Sebasti\u00e1n Pi\u00f1a, Pablo Maggistocchi y Juan de Miguel respectivamente. En cuanto a la tem\u00e1tica de inversiones, el Consejo Empresario Mendocino (CEM), representado por su gerenta, Silvia Jardel, invit\u00f3 a los participantes a sumarse al Foro de Inversiones y Negocios Mendoza 2024, que tendr\u00e1 lugar del 29 de febrero al 1 de marzo del pr\u00f3ximo a\u00f1o. Tambi\u00e9n les brind\u00f3 informaci\u00f3n sobre las ediciones pasadas y la importancia de este foro para la provincia.<br>M\u00e1s tarde, el Cl\u00faster Aeroespacial de Mendoza cont\u00f3 sobre el desarrollo de esta nueva actividad para la econom\u00eda provincial. Estuvo representado por su presidente, Enzo Vendemmia, y su gerente, Facundo Moretti. Tambi\u00e9n particip\u00f3 en la comitiva el ingeniero Gabriel Lagotti, de Telebit, una de las empresas que integran el cl\u00faster.<br>Posteriormente fue el turno de abordar el tema agricultura. Para ello, Valentina Navarro Canafoglia, directora de Agricultura de la Provincia, expuso acompa\u00f1ada por Alfredo Baroni, del Instituto de Desarrollo Rural (IDR), y Guillermo Azin, responsable del programa contra la Lobesia botrana (polilla de la vid) del Iscamen. Por su parte, Virginia Coraglia, responsable del Programa de Cannabis provincial, detall\u00f3 los desarrollos locales en la actividad y solicit\u00f3 conocer las experiencias de California en la materia.<br>Para terminar las actividades de la ma\u00f1ana, Humberto Mingorance, subsecretario de Ambiente y Ordenamiento Territorial de Mendoza, explic\u00f3 los desaf\u00edos que encuentra Mendoza con respecto al manejo de residuos s\u00f3lidos urbanos, manejo de incendios y gesti\u00f3n h\u00eddrica.<br>Durante la tarde se realiz\u00f3 una visita al Mendoza TIC Parque Tecnol\u00f3gico en Godoy Cruz y all\u00ed se les present\u00f3 a los visitantes al Polo TIC el sector audiovisual y acad\u00e9mico de Mendoza.<br>La comitiva se reuni\u00f3 en el FabLab del Polo TIC. Estuvieron presentes, por el Instituto de Desarrollo Industrial, Tecnol\u00f3gico y de Servicos (IDITS), organismo dependiente del Ministerio de Econom\u00eda y Energ\u00eda, Pedro Suarez y Marcelo Japaz, gerente y presidente, respectivamente. Por el Polo TIC, Jimena Estrella, vicepresidenta del sector acad\u00e9mico, e Isabel Ontivero, responsable de comunicaci\u00f3n. Se abordaron algunos ejes sobre formaci\u00f3n en biotecnolog\u00eda, el uso del agua y la atracci\u00f3n de inversiones audiovisuales como parte de la tem\u00e1tica que puede profundizarse en un trabajo a futuro.<br>El sector audiovisual estuvo representado por Enrique Toso, Javier D\u00edaz, Sof\u00eda Toro Pollicino, \u00c1ngeles D\u2019Alessio y Juan Pablo Asti\u00e9.<br>Cabe destacar que la reuni\u00f3n cont\u00f3 con la presencia y saludo especial del rector de la Universidad Tecnol\u00f3gica Nacional, ingeniero Rub\u00e9n Soro, que se encontraba en Mendoza para celebrar el acto de colaci\u00f3n de esa casa educativa. Estuvo acompa\u00f1ado por el decano en Mendoza, ingeniero Jos\u00e9 Balacco; Federico Olivo, secretario de Extensi\u00f3n y Vinculaci\u00f3n a nivel nacional, y Jorge Abraham, secretario del \u00e1rea TIC. Luego del saludo cordial, particip\u00f3 en la reuni\u00f3n el responsable de Relaciones Internacionales, Pedro Araujo Dufour.<\/p>\n\n\n\n<p><strong>Audiencias oficiales<br><\/strong>En la segunda jornada, los senadores californianos fueron recibidos por el vicegobernador Mario Abed en la Legislatura, junto a la senadora Natacha Eisenchlas, presidenta provisional de la C\u00e1mara de Senadores; el diputado Andr\u00e9s Lombardi, presidente de la C\u00e1mara de Diputados; el senador Mart\u00edn Kerchner, y el exsenador Juan Carlos Jaliff, como invitado especial.<br>Durante el encuentro, los legisladores de ambas partes intercambiaron puntos de convergencia y de preocupaci\u00f3n como el manejo de los recursos h\u00eddricos, la prevenci\u00f3n de incendios, el desarrollo econ\u00f3mico de sus regiones y el establecimiento de v\u00ednculos para colaborar ante estos desaf\u00edos.<br>M\u00e1s tarde, fueron recibidos por el Gobernador Rodolfo Suarez, con quien tambi\u00e9n abrieron di\u00e1logo para futuras colaboraciones.<br>En ese marco, Fundaci\u00f3n ProMendoza y la Fundaci\u00f3n Nueva Generaci\u00f3n Argentina firmaron un convenio de colaboraci\u00f3n para trabajar en conjunto por el desarrollo de Mendoza y Santa Fe.<\/p>\n\n\n\n<p><strong>La delegaci\u00f3n<br><\/strong>La delegaci\u00f3n oficial del Senado de California estuvo integrada por:<br>El senador John Laird, presidente del Subcomit\u00e9 Senatorial de Presupuesto, ex secretario de la Agencia de Recursos Naturales de California y miembro de la Junta Estatal de Manejo Integrado de Residuos.<br>El senador Steven M. Glazer, presidente del Comit\u00e9 Senatorial de Elecciones y Enmiendas Constitucionales. Autor de proyectos de ley que tienen como objetivo abordar la contaminaci\u00f3n del aire y el agua. Miembro del Caucus Ambiental. Ex asesor principal del gobernador de California, Jerry Brown.<br>La senadora AishaWahab, presidenta del Comit\u00e9 Senatorial de Seguridad P\u00fablica y miembro del Comit\u00e9 de Negocios y Desarrollo Econ\u00f3mico.<br>Shannon Shellenberg, directora de la Oficina de Relaciones Internacionales del Senado y directora ejecutiva de la Fundaci\u00f3n de Relaciones Internacionales de California.<br>Gabriella B. Plattner, abogada de Oficinas Legales Plattner y miembro del Consejo de la Fundaci\u00f3n de Relaciones Internacionales de California.<br>Adem\u00e1s, estuvieron acompa\u00f1ados por el siguiente equipo de la Fundaci\u00f3n Nueva Generaci\u00f3n Argentina:<br>Diego Sueiras, presidente; Lara Sabino, directora ejecutiva del \u00c1rea de Comercio Internacional Sostenible, y Valentina Barquero, coordinadora del \u00c1rea de Democracia y V\u00ednculos para el Desarrollo<\/p>\n\n\n\n<p><\/p>\n","protected":false},"excerpt":{"rendered":"<p>Una misi\u00f3n oficial del Senado de California, Estados Unidos, visit\u00f3 Mendoza esta se,ama. La actividad fue coorganizada por ProMendoza en conjunto con la Fundaci\u00f3n Nueva Generaci\u00f3n Argentina de Santa Fe&#8230;<\/p>\n","protected":false},"author":1,"featured_media":13194,"comment_status":"closed","ping_status":"open","sticky":false,"template":"","format":"image","meta":[],"categories":[51,96],"tags":[],"_links":{"self":[{"href":"https:\/\/www.promendoza.com\/es\/wp-json\/wp\/v2\/posts\/13193"}],"collection":[{"href":"https:\/\/www.promendoza.com\/es\/wp-json\/wp\/v2\/posts"}],"about":[{"href":"https:\/\/www.promendoza.com\/es\/wp-json\/wp\/v2\/types\/post"}],"author":[{"embeddable":true,"href":"https:\/\/www.promendoza.com\/es\/wp-json\/wp\/v2\/users\/1"}],"replies":[{"embeddable":true,"href":"https:\/\/www.promendoza.com\/es\/wp-json\/wp\/v2\/comments?post=13193"}],"version-history":[{"count":3,"href":"https:\/\/www.promendoza.com\/es\/wp-json\/wp\/v2\/posts\/13193\/revisions"}],"predecessor-version":[{"id":13198,"href":"https:\/\/www.promendoza.com\/es\/wp-json\/wp\/v2\/posts\/13193\/revisions\/13198"}],"wp:featuredmedia":[{"embeddable":true,"href":"https:\/\/www.promendoza.com\/es\/wp-json\/wp\/v2\/media\/13194"}],"wp:attachment":[{"href":"https:\/\/www.promendoza.com\/es\/wp-json\/wp\/v2\/media?parent=13193"}],"wp:term":[{"taxonomy":"category","embeddable":true,"href":"https:\/\/www.promendoza.com\/es\/wp-json\/wp\/v2\/categories?post=13193"},{"taxonomy":"post_tag","embeddable":true,"href":"https:\/\/www.promendoza.com\/es\/wp-json\/wp\/v2\/tags?post=13193"}],"curies":[{"name":"wp","href":"https:\/\/api.w.org\/{rel}","templated":true}]}}