{"id":13268,"date":"2024-01-05T20:42:13","date_gmt":"2024-01-05T23:42:13","guid":{"rendered":"https:\/\/www.promendoza.com\/en\/?p=13268"},"modified":"2024-01-10T11:14:42","modified_gmt":"2024-01-10T14:14:42","slug":"patricia-gimenez-es-la-nueva-gerente-de-promendoza","status":"publish","type":"post","link":"https:\/\/www.promendoza.com\/es\/patricia-gimenez-es-la-nueva-gerente-de-promendoza\/","title":{"rendered":"PATRICIA GIM\u00c9NEZ ES LA NUEVA GERENTE DE PROMENDOZA"},"content":{"rendered":"<style type=\"text\/css\"><\/style>\n<p>Este viernes, Patricia Gim\u00e9nez asumi\u00f3 como nueva gerente de ProMendoza. La funcionaria tiene 61 a\u00f1os y una larga trayectoria pol\u00edtica y acad\u00e9mica.<br><br>Los miembros de la fundaci\u00f3n respaldaron la designaci\u00f3n de Gim\u00e9nez quien fue elegida por el gobernador Alfredo Cornejo para darle impulso a la internacionalizaci\u00f3n de Mendoza durante su gesti\u00f3n.<br><br>Es mag\u00edster en Ciencias, graduada en la Universidad Cat\u00f3lica de Valpara\u00edso. Adem\u00e1s, posee un Diplomado en Alta Gerencia de ADEM. Es profesora de Matem\u00e1tica, F\u00edsica y Cosmograf\u00eda de la Universidad Juan Agust\u00edn Maza.<br><br>Asimismo, Patricia Gim\u00e9nez se ha desempe\u00f1ado como secretaria del Foro Diplom\u00e1tico de Mendoza, embajadora de la Argentina en Costa Rica, diputada nacional por Mendoza y consultora internacional para PNUD en Venezuela. Tambi\u00e9n ha sido directora de Estad\u00edsticas e Investigaciones Econ\u00f3micas de la Provincia.<br><br>\u201cMi impronta ser\u00e1 la de mucha gesti\u00f3n. Este a\u00f1o, a ser un a\u00f1o dif\u00edcil y, en la medida en que seamos eficientes en los procesos, las cosas van a avanzar m\u00e1s r\u00e1pido. Voy a trabajar para lograr que las exportaciones del talento mendocino den un salto cualitativo\u201d, distingui\u00f3 Gim\u00e9nez.<br><br>Y a\u00f1adi\u00f3: \u201cVamos a trabajar para tener un fuerte impacto en la internacionalizaci\u00f3n de la provincia, facilitando as\u00ed la promoci\u00f3n y exportaci\u00f3n de productos mendocinos en el \u00e1mbito global, como as\u00ed tambi\u00e9n lograr nuevas inversiones para la provincia\u201d.<br>&nbsp;<br><strong>Nuevas autoridades de ProMendoza<\/strong><br>En esta ocasi\u00f3n, ante la presencia de los miembros del Consejo de Administraci\u00f3n de la Fundaci\u00f3n, asumieron:<\/p>\n\n\n\n<ul><li>Presidente: <strong>DANIEL ARIOSTO<\/strong>&nbsp; &nbsp;&#8211;&nbsp;&nbsp;&nbsp;&nbsp;&nbsp;&nbsp; U.C.I.M.<\/li><li>Vicepresidente 1\u00ba:&nbsp; <strong>RODOLFO VARGAS ARIZU<\/strong> &#8211; Gobierno de Mendoza<\/li><li>Vicepresidente 2\u00ba: <strong>LUIS ROMANO<\/strong> &#8211; Bolsa de Comercio de Mendoza S.A.<\/li><li>Vicepresidente 3\u00ba: <strong>SANTIAGO LAUGERO <\/strong>&#8211; F.E.M.<\/li><li>Secretario General: <strong>SANTIAGO P\u00c9REZ ARAUJO<\/strong> &#8211; Bolsa de Comercio de Mendoza S.A.<\/li><li>Tesorero: <strong>MARCELO DANIEL JAPAZ <\/strong>&#8211; Gobierno de Mendoza<\/li><li>Pro-Tesorero: <strong>GRACIELA ROVERA <\/strong>&#8211; F.E.M.<\/li><li>Vocal: <strong>JUAN VICIANA<\/strong> -U.C.I.M<\/li><li>Gerente General <strong>PATRICIA GIM\u00c9NEZ<\/strong><\/li><\/ul>\n","protected":false},"excerpt":{"rendered":"<p>Este viernes, Patricia Gim\u00e9nez asumi\u00f3 como nueva gerente de ProMendoza. La funcionaria tiene 61 a\u00f1os y una larga trayectoria pol\u00edtica y acad\u00e9mica. Los miembros de la fundaci\u00f3n respaldaron la designaci\u00f3n&#8230;<\/p>\n","protected":false},"author":1,"featured_media":13274,"comment_status":"closed","ping_status":"open","sticky":false,"template":"","format":"image","meta":[],"categories":[54],"tags":[],"_links":{"self":[{"href":"https:\/\/www.promendoza.com\/es\/wp-json\/wp\/v2\/posts\/13268"}],"collection":[{"href":"https:\/\/www.promendoza.com\/es\/wp-json\/wp\/v2\/posts"}],"about":[{"href":"https:\/\/www.promendoza.com\/es\/wp-json\/wp\/v2\/types\/post"}],"author":[{"embeddable":true,"href":"https:\/\/www.promendoza.com\/es\/wp-json\/wp\/v2\/users\/1"}],"replies":[{"embeddable":true,"href":"https:\/\/www.promendoza.com\/es\/wp-json\/wp\/v2\/comments?post=13268"}],"version-history":[{"count":6,"href":"https:\/\/www.promendoza.com\/es\/wp-json\/wp\/v2\/posts\/13268\/revisions"}],"predecessor-version":[{"id":13286,"href":"https:\/\/www.promendoza.com\/es\/wp-json\/wp\/v2\/posts\/13268\/revisions\/13286"}],"wp:featuredmedia":[{"embeddable":true,"href":"https:\/\/www.promendoza.com\/es\/wp-json\/wp\/v2\/media\/13274"}],"wp:attachment":[{"href":"https:\/\/www.promendoza.com\/es\/wp-json\/wp\/v2\/media?parent=13268"}],"wp:term":[{"taxonomy":"category","embeddable":true,"href":"https:\/\/www.promendoza.com\/es\/wp-json\/wp\/v2\/categories?post=13268"},{"taxonomy":"post_tag","embeddable":true,"href":"https:\/\/www.promendoza.com\/es\/wp-json\/wp\/v2\/tags?post=13268"}],"curies":[{"name":"wp","href":"https:\/\/api.w.org\/{rel}","templated":true}]}}