{"id":13313,"date":"2024-01-17T20:41:00","date_gmt":"2024-01-17T23:41:00","guid":{"rendered":"https:\/\/www.promendoza.com\/es\/?p=13313"},"modified":"2024-01-18T09:49:22","modified_gmt":"2024-01-18T12:49:22","slug":"patricia-gimenez-visito-al-intendente-abed-para-impulsar-juntos-las-exportaciones-de-empresas-del-este","status":"publish","type":"post","link":"https:\/\/www.promendoza.com\/es\/patricia-gimenez-visito-al-intendente-abed-para-impulsar-juntos-las-exportaciones-de-empresas-del-este\/","title":{"rendered":"Patricia Gim\u00e9nez visit\u00f3 al intendente Abed para impulsar juntos las exportaciones de empresas del Este"},"content":{"rendered":"<style type=\"text\/css\"><\/style>\n<figure class=\"wp-block-image\"><img alt=\"\"\/><\/figure>\n\n\n\n<p>En el encuentro participaron exportadores, representantes de bodegas, vitivinicultores y ganaderos de la zona.<br>La gerenta de ProMendoza, Patricia Gim\u00e9nez, y su equipo de trabajo se reunieron hoy con el intendente de Jun\u00edn, Mario Abed, para compartir ideas y una visi\u00f3n de futuro respecto del desarrollo de nuevas oportunidades y proyectos para la provincia. En el encuentro participaron, tambi\u00e9n, exportadores, representantes de bodegas, vitivinicultores y ganaderos.<\/p>\n\n\n\n<p>\u201cQueremos darle a ProMendoza una impronta nueva para atraer inversiones, poniendo ah\u00ednco para que las empresas mendocinas salgan al mundo. Es un momento donde la macro nacional est\u00e1 empezando a sacar trabas y, por eso, nos acercarnos a los sectores productivos y buscamos que cada empresa identifique el pa\u00eds que m\u00e1s se adec\u00faa a sus productos\u201d, dijo Patricia Gim\u00e9nez durante la reuni\u00f3n.<\/p>\n\n\n\n<p>A partir de diciembre \u00faltimo, ProMendoza asumi\u00f3 un nuevo rol respecto a las inversiones y exportaciones de la provincia que implica mayor responsabilidad en la coordinaci\u00f3n del \u00e1mbito comercial.<\/p>\n\n\n\n<p>\u201cSabemos que conquistar un mercado no es f\u00e1cil y tenemos que seguir trabajando en eso. Las ventajas del Mercosur nos facilitan el comercio, y, aunque el vino es nuestro emblema, tenemos frutihorticultura, metalmec\u00e1nica e insumos de la industria petrolera para ofrecer al mundo\u201d, afirm\u00f3 la gerenta de Promendoza.<\/p>\n\n\n\n<p>Por su parte, Mario Abed, valor\u00f3 la importancia de los temas que se plantearon en el encuentro como la creaci\u00f3n de nuevas oportunidades empresariales, la apertura a nuevos mercados y la colaboraci\u00f3n entre diferentes actores, incluyendo a ProMendoza, el municipio y las pymes.<\/p>\n\n\n\n<p>\u201cEl cambio en el rol de ProMendoza refleja una ampliaci\u00f3n de sus funciones para abarcar aspectos clave en el comercio de la provincia\u201d, reconoci\u00f3 el intendente.<\/p>\n\n\n\n<p>Tanto Gim\u00e9nez como Abed estuvieron de acuerdo en que los unir\u00e1 la tarea conjunta de impulsar a las nuevas pymes; buscar oportunidades para la implementaci\u00f3n de nuevos proyectos; facilitar el acceso a mercados externos; fortalecer la econom\u00eda local y regional y expandir el talento local para el desarrollo de proyectos y actividades econ\u00f3micas.<\/p>\n","protected":false},"excerpt":{"rendered":"<p>En el encuentro participaron exportadores, representantes de bodegas, vitivinicultores y ganaderos de la zona.La gerenta de ProMendoza, Patricia Gim\u00e9nez, y su equipo de trabajo se reunieron hoy con el intendente&#8230;<\/p>\n","protected":false},"author":1,"featured_media":13314,"comment_status":"closed","ping_status":"open","sticky":false,"template":"","format":"image","meta":[],"categories":[54],"tags":[],"_links":{"self":[{"href":"https:\/\/www.promendoza.com\/es\/wp-json\/wp\/v2\/posts\/13313"}],"collection":[{"href":"https:\/\/www.promendoza.com\/es\/wp-json\/wp\/v2\/posts"}],"about":[{"href":"https:\/\/www.promendoza.com\/es\/wp-json\/wp\/v2\/types\/post"}],"author":[{"embeddable":true,"href":"https:\/\/www.promendoza.com\/es\/wp-json\/wp\/v2\/users\/1"}],"replies":[{"embeddable":true,"href":"https:\/\/www.promendoza.com\/es\/wp-json\/wp\/v2\/comments?post=13313"}],"version-history":[{"count":2,"href":"https:\/\/www.promendoza.com\/es\/wp-json\/wp\/v2\/posts\/13313\/revisions"}],"predecessor-version":[{"id":13317,"href":"https:\/\/www.promendoza.com\/es\/wp-json\/wp\/v2\/posts\/13313\/revisions\/13317"}],"wp:featuredmedia":[{"embeddable":true,"href":"https:\/\/www.promendoza.com\/es\/wp-json\/wp\/v2\/media\/13314"}],"wp:attachment":[{"href":"https:\/\/www.promendoza.com\/es\/wp-json\/wp\/v2\/media?parent=13313"}],"wp:term":[{"taxonomy":"category","embeddable":true,"href":"https:\/\/www.promendoza.com\/es\/wp-json\/wp\/v2\/categories?post=13313"},{"taxonomy":"post_tag","embeddable":true,"href":"https:\/\/www.promendoza.com\/es\/wp-json\/wp\/v2\/tags?post=13313"}],"curies":[{"name":"wp","href":"https:\/\/api.w.org\/{rel}","templated":true}]}}