{"id":13323,"date":"2024-01-31T13:21:00","date_gmt":"2024-01-31T16:21:00","guid":{"rendered":"https:\/\/www.promendoza.com\/es\/?p=13323"},"modified":"2024-02-01T13:24:06","modified_gmt":"2024-02-01T16:24:06","slug":"promendoza-y-cafim-analizan-el-plan-exportador-para-la-fruta-industrializada","status":"publish","type":"post","link":"https:\/\/www.promendoza.com\/es\/promendoza-y-cafim-analizan-el-plan-exportador-para-la-fruta-industrializada\/","title":{"rendered":"ProMendoza y CAFIM analizan el plan exportador para la fruta industrializada"},"content":{"rendered":"<style type=\"text\/css\"><\/style>\n<figure class=\"wp-block-image\"><img alt=\"\"\/><\/figure>\n\n\n\n<p>El presidente de la C\u00e1mara de la Fruta Industrializada de Mendoza (CAFIM), Ra\u00fal Giordano, visit\u00f3 ProMendoza para presentarse ante la gerenta de la instituci\u00f3n, Patricia Gim\u00e9nez, y compartir su plan exportador para la fruta industrializada.<\/p>\n\n\n\n<p>\u201cNuestro objetivo es trabajar con todos los sectores de Mendoza para que ampl\u00eden su matriz exportadora. En este caso hemos acordado definir metas estrat\u00e9gicas para la fruta industrializada de las industrias agrupadas en CAFIM\u201d, expres\u00f3 Patricia Gim\u00e9nez luego del encuentro.<\/p>\n\n\n\n<p>Por su parte, Ra\u00fal Giordano explic\u00f3: \u201cQueremos exportar parte de la producci\u00f3n de nuestras industrias. Queremos mantener nuestros mercados y expandirnos en Centroam\u00e9rica, en pa\u00edses como Rep\u00fablica Dominicana y Costa Rica. Tambi\u00e9n en Brasil. Es importante aprovechar el hub log\u00edstico que est\u00e1 en Panam\u00e1, para abastecer en la regi\u00f3n y al mismo tiempo seguir analizando otros mercados, como el sudeste asi\u00e1tico y pa\u00edses no tan conocidos para nosotros pero que puedan llegar a necesitar nuestros productos y que son potencialmente interesantes\u201d.<\/p>\n\n\n\n<p>Es importante aclarar que en Mendoza se producen al a\u00f1o al menos 100 millones de latas de durazno industrializado y 600 millones de kilos de tomate por lo que es indispensable \u201cdiversificar el comercio en el exterior\u201d, expres\u00f3 Giordano.<\/p>\n\n\n\n<p>CAFIM agrupa a empresas dedicadas a la industrializaci\u00f3n de frutas, hortalizas y legumbres en todas de sus formas y envases, favoreciendo la promoci\u00f3n y desarrollo de la actividad.<\/p>\n\n\n\n<p>Mendoza industrializa gran cantidad de alimentos como aceite de oliva, aceitunas, ajo, cereza, miel, frutos secos, ciruelas, legumbres y hortalizas por lo que es indispensable el trabajo mancomunado entre las empresas y ProMendoza para llevar su producci\u00f3n al mundo.<\/p>\n","protected":false},"excerpt":{"rendered":"<p>El presidente de la C\u00e1mara de la Fruta Industrializada de Mendoza (CAFIM), Ra\u00fal Giordano, visit\u00f3 ProMendoza para presentarse ante la gerenta de la instituci\u00f3n, Patricia Gim\u00e9nez, y compartir su plan&#8230;<\/p>\n","protected":false},"author":1,"featured_media":13324,"comment_status":"closed","ping_status":"open","sticky":false,"template":"","format":"image","meta":[],"categories":[103],"tags":[],"_links":{"self":[{"href":"https:\/\/www.promendoza.com\/es\/wp-json\/wp\/v2\/posts\/13323"}],"collection":[{"href":"https:\/\/www.promendoza.com\/es\/wp-json\/wp\/v2\/posts"}],"about":[{"href":"https:\/\/www.promendoza.com\/es\/wp-json\/wp\/v2\/types\/post"}],"author":[{"embeddable":true,"href":"https:\/\/www.promendoza.com\/es\/wp-json\/wp\/v2\/users\/1"}],"replies":[{"embeddable":true,"href":"https:\/\/www.promendoza.com\/es\/wp-json\/wp\/v2\/comments?post=13323"}],"version-history":[{"count":2,"href":"https:\/\/www.promendoza.com\/es\/wp-json\/wp\/v2\/posts\/13323\/revisions"}],"predecessor-version":[{"id":13326,"href":"https:\/\/www.promendoza.com\/es\/wp-json\/wp\/v2\/posts\/13323\/revisions\/13326"}],"wp:featuredmedia":[{"embeddable":true,"href":"https:\/\/www.promendoza.com\/es\/wp-json\/wp\/v2\/media\/13324"}],"wp:attachment":[{"href":"https:\/\/www.promendoza.com\/es\/wp-json\/wp\/v2\/media?parent=13323"}],"wp:term":[{"taxonomy":"category","embeddable":true,"href":"https:\/\/www.promendoza.com\/es\/wp-json\/wp\/v2\/categories?post=13323"},{"taxonomy":"post_tag","embeddable":true,"href":"https:\/\/www.promendoza.com\/es\/wp-json\/wp\/v2\/tags?post=13323"}],"curies":[{"name":"wp","href":"https:\/\/api.w.org\/{rel}","templated":true}]}}