{"id":13381,"date":"2024-02-10T13:38:19","date_gmt":"2024-02-10T16:38:19","guid":{"rendered":"https:\/\/www.promendoza.com\/es\/?p=13381"},"modified":"2024-02-14T13:45:46","modified_gmt":"2024-02-14T16:45:46","slug":"convocan-a-una-charla-clave-para-pymes-que-quieran-exportar-a-mexico","status":"publish","type":"post","link":"https:\/\/www.promendoza.com\/es\/convocan-a-una-charla-clave-para-pymes-que-quieran-exportar-a-mexico\/","title":{"rendered":"Convocan a una charla clave para pymes que quieran exportar a M\u00e9xico"},"content":{"rendered":"<style type=\"text\/css\"><\/style>\n<figure class=\"wp-block-image\"><img alt=\"\"\/><\/figure>\n\n\n\n<p>ProMendoza invita a empresarios y emprendores mendocinos a participar en una charla virtual sobre aspectos legales y administrativos claves para realizar negocios en M\u00e9xico.<br>ProMendoza invita a participar en una charla virtual sobre aspectos legales y administrativos claves para realizar negocios en M\u00e9xico.<\/p>\n\n\n\n<p>El disertante de esta ponencia ser\u00e1 el destacado abogado mexicano, especialista en inversi\u00f3n extranjera Pablo De Vecchi Flores. Con amplia experiencia en \u00e1reas como Derecho Corporativo y Financiero, as\u00ed como en Litigio Comercial, De Vecchi Flores brindar\u00e1 una perspectiva profunda y pr\u00e1ctica sobre los aspectos legales y administrativos relevantes para empresas que deseen establecerse o expandirse en aquel pa\u00eds.<\/p>\n\n\n\n<p>La charla, destinada a empresarios y emprendedores mendocinos, se llevar\u00e1 a cabo el jueves 15 de febrero a las 12 (hora argentina), de manera on-line. La participaci\u00f3n en esta charla es gratuita, pero es necesario realizar una inscripci\u00f3n previa para reservar su lugar.<\/p>\n\n\n\n<p>Durante 2022, Mendoza export\u00f3 productos y bienes a M\u00e9xico por un valor aproximado de 57 millones de d\u00f3lares. Entre los principales productos exportados, se destacan ajos, peras, vinos, productos pl\u00e1sticos y manufacturas.<\/p>\n","protected":false},"excerpt":{"rendered":"<p>ProMendoza invita a empresarios y emprendores mendocinos a participar en una charla virtual sobre aspectos legales y administrativos claves para realizar negocios en M\u00e9xico.ProMendoza invita a participar en una charla&#8230;<\/p>\n","protected":false},"author":1,"featured_media":13382,"comment_status":"closed","ping_status":"open","sticky":false,"template":"","format":"image","meta":[],"categories":[107],"tags":[],"_links":{"self":[{"href":"https:\/\/www.promendoza.com\/es\/wp-json\/wp\/v2\/posts\/13381"}],"collection":[{"href":"https:\/\/www.promendoza.com\/es\/wp-json\/wp\/v2\/posts"}],"about":[{"href":"https:\/\/www.promendoza.com\/es\/wp-json\/wp\/v2\/types\/post"}],"author":[{"embeddable":true,"href":"https:\/\/www.promendoza.com\/es\/wp-json\/wp\/v2\/users\/1"}],"replies":[{"embeddable":true,"href":"https:\/\/www.promendoza.com\/es\/wp-json\/wp\/v2\/comments?post=13381"}],"version-history":[{"count":3,"href":"https:\/\/www.promendoza.com\/es\/wp-json\/wp\/v2\/posts\/13381\/revisions"}],"predecessor-version":[{"id":13389,"href":"https:\/\/www.promendoza.com\/es\/wp-json\/wp\/v2\/posts\/13381\/revisions\/13389"}],"wp:featuredmedia":[{"embeddable":true,"href":"https:\/\/www.promendoza.com\/es\/wp-json\/wp\/v2\/media\/13382"}],"wp:attachment":[{"href":"https:\/\/www.promendoza.com\/es\/wp-json\/wp\/v2\/media?parent=13381"}],"wp:term":[{"taxonomy":"category","embeddable":true,"href":"https:\/\/www.promendoza.com\/es\/wp-json\/wp\/v2\/categories?post=13381"},{"taxonomy":"post_tag","embeddable":true,"href":"https:\/\/www.promendoza.com\/es\/wp-json\/wp\/v2\/tags?post=13381"}],"curies":[{"name":"wp","href":"https:\/\/api.w.org\/{rel}","templated":true}]}}