{"id":13412,"date":"2024-02-24T11:19:26","date_gmt":"2024-02-24T14:19:26","guid":{"rendered":"https:\/\/www.promendoza.com\/es\/?p=13412"},"modified":"2024-02-24T11:19:46","modified_gmt":"2024-02-24T14:19:46","slug":"promendoza-inauguro-una-oficina-en-general-alvear","status":"publish","type":"post","link":"https:\/\/www.promendoza.com\/es\/promendoza-inauguro-una-oficina-en-general-alvear\/","title":{"rendered":"ProMendoza inaugur\u00f3 una oficina en General Alvear"},"content":{"rendered":"<style type=\"text\/css\"><\/style>\n<figure class=\"wp-block-image\"><img alt=\"\"\/><\/figure>\n\n\n\n<p>Este nuevo servicio -que se ofrecer\u00e1 a partir de un convenio con la Municipalidad de General Alvear- estar\u00e1 a disposici\u00f3n de las PyMes del departamento sure\u00f1o y de las zonas aleda\u00f1as.<br>ProMendoza tiene una nueva oficina y est\u00e1 ubicada en el departamento de General Alvear. Trabajar\u00e1 para empresas de la zona que quieran diversificar sus mercados o empezar a exportar sus productos.<\/p>\n\n\n\n<p>Este nuevo servicio -que se ofrecer\u00e1 a partir de un convenio con la Municipalidad de General Alvear- estar\u00e1 a disposici\u00f3n de las PyMes del departamento sure\u00f1o y de las zonas aleda\u00f1as.<\/p>\n\n\n\n<p>\u201cEstamos muy contentos con esta nueva sede, es algo que nos ven\u00edan pidiendo los alvearenses y hoy pudimos concretarlo. Quiero agradecer al intendente Molero por la predisposici\u00f3n y el trabajo en conjunto. Es importante aclarar que este nuevo beneficio para los alvearenses no traer\u00e1 nuevas erogaciones a las instituciones participantes ya que utilizaremos recursos propios de la municipalidad que se destinar\u00e1n ahora a esta nueva tarea. Sabemos que es muy necesario hacer eficiente cada gasto y crecer en m\u00e1s beneficios para los mendocinos\u201d, resumi\u00f3 la gerente de ProMendoza, Patricia Gim\u00e9nez.<\/p>\n\n\n\n<p>Gim\u00e9nez puso en funciones a Valeria Mart\u00ednez, quien estar\u00e1 a cargo de la oficina de General Alvear y trabajar\u00e1 conjuntamente con Virginia Donati, representante de ProMendoza para la zona sur.<\/p>\n\n\n\n<p>Mart\u00ednez tiene experiencia en la Administraci\u00f3n P\u00fablica y ha trabajado con firmas comerciales de su departamento desde el \u00e1rea p\u00fablica de incubadora de empresas. La oficina estar\u00e1 dentro del edificio municipal.<\/p>\n\n\n\n<p>Agenda de trabajo en el Sur<\/p>\n\n\n\n<p>En su visita al sur provincial, Patricia Gim\u00e9nez, acompa\u00f1ada por Javier Rojas -jefe de las regionales de ProMendoza- y Virginia Donati, mantuvo reuniones con empresarios que han sido asesorados por la fundaci\u00f3n y con los cuales se busca seguir trabajando.<\/p>\n\n\n\n<p>En General Alvear, recorrieron las instalaciones de F\u00e9nix S.A., empresa l\u00edder que desde 1995, se dedica a la producci\u00f3n de pulpas de frutas a partir de cultivos propios. Sus productos se comercializan 38 pa\u00edses de los cinco continentes. Entre sus clientes, se encuentran grandes empresas de alimentos y bebidas.<\/p>\n\n\n\n<p>Luego, ya en San Rafael, Gim\u00e9nez fue recibida por en Bodega Argana por miembros del grupo Sur de Mendoza Wine Group, que nuclea a bodegueros que en equipo trabajan para fomentar el crecimiento vitivin\u00edcola de la regi\u00f3n y con los que se est\u00e1 articulando para que puedan exportar sus vinos.<\/p>\n\n\n\n<p>\u201cEste grupo marca un precedente en el Sur de Mendoza en cuanto a la conformaci\u00f3n de un consorcio de exportaci\u00f3n, mediante el acompa\u00f1amiento de ProMendoza. Hacen vinos de alta calidad y queremos que logren salir al mundo\u201d, resumi\u00f3 Gim\u00e9nez.<\/p>\n\n\n\n<p>Contin\u00faa el asesoramiento permanente en San Rafael<\/p>\n\n\n\n<p>Desde hace m\u00e1s de 20 a\u00f1os, ProMendoza trabaja con una oficina permanente para asesorar empresas de San Rafael, General Alvear y Malarg\u00fce, asesorando a los emprendedores, realizando misiones al exterior y rondas inversas, para favorecer los negocios en la regi\u00f3n.<\/p>\n\n\n\n<p>Como parte de la tarea de promoci\u00f3n, se han acompa\u00f1ado a nuevas empresas en la creaci\u00f3n de su oferta exportable y la internacionalizaci\u00f3n de los productos.<\/p>\n\n\n\n<p>Actualmente la oficina de San Rafael se encuentra en Pellegrini 120, 2do piso oficina 21.<\/p>\n","protected":false},"excerpt":{"rendered":"<p>Este nuevo servicio -que se ofrecer\u00e1 a partir de un convenio con la Municipalidad de General Alvear- estar\u00e1 a disposici\u00f3n de las PyMes del departamento sure\u00f1o y de las zonas&#8230;<\/p>\n","protected":false},"author":1,"featured_media":13413,"comment_status":"closed","ping_status":"open","sticky":false,"template":"","format":"image","meta":[],"categories":[54],"tags":[],"_links":{"self":[{"href":"https:\/\/www.promendoza.com\/es\/wp-json\/wp\/v2\/posts\/13412"}],"collection":[{"href":"https:\/\/www.promendoza.com\/es\/wp-json\/wp\/v2\/posts"}],"about":[{"href":"https:\/\/www.promendoza.com\/es\/wp-json\/wp\/v2\/types\/post"}],"author":[{"embeddable":true,"href":"https:\/\/www.promendoza.com\/es\/wp-json\/wp\/v2\/users\/1"}],"replies":[{"embeddable":true,"href":"https:\/\/www.promendoza.com\/es\/wp-json\/wp\/v2\/comments?post=13412"}],"version-history":[{"count":2,"href":"https:\/\/www.promendoza.com\/es\/wp-json\/wp\/v2\/posts\/13412\/revisions"}],"predecessor-version":[{"id":13415,"href":"https:\/\/www.promendoza.com\/es\/wp-json\/wp\/v2\/posts\/13412\/revisions\/13415"}],"wp:featuredmedia":[{"embeddable":true,"href":"https:\/\/www.promendoza.com\/es\/wp-json\/wp\/v2\/media\/13413"}],"wp:attachment":[{"href":"https:\/\/www.promendoza.com\/es\/wp-json\/wp\/v2\/media?parent=13412"}],"wp:term":[{"taxonomy":"category","embeddable":true,"href":"https:\/\/www.promendoza.com\/es\/wp-json\/wp\/v2\/categories?post=13412"},{"taxonomy":"post_tag","embeddable":true,"href":"https:\/\/www.promendoza.com\/es\/wp-json\/wp\/v2\/tags?post=13412"}],"curies":[{"name":"wp","href":"https:\/\/api.w.org\/{rel}","templated":true}]}}