{"id":13416,"date":"2024-02-26T14:17:00","date_gmt":"2024-02-26T17:17:00","guid":{"rendered":"https:\/\/www.promendoza.com\/es\/?p=13416"},"modified":"2024-02-27T14:30:52","modified_gmt":"2024-02-27T17:30:52","slug":"patricia-gimenez-recorrio-el-valle-de-uco-y-les-acerco-a-productores-los-programas-de-promendoza","status":"publish","type":"post","link":"https:\/\/www.promendoza.com\/es\/patricia-gimenez-recorrio-el-valle-de-uco-y-les-acerco-a-productores-los-programas-de-promendoza\/","title":{"rendered":"Patricia Gim\u00e9nez recorri\u00f3 el Valle de Uco y les acerc\u00f3 a productores los programas de ProMendoza"},"content":{"rendered":"<style type=\"text\/css\"><\/style>\n<figure class=\"wp-block-image\"><img alt=\"\"\/><\/figure>\n\n\n\n<p>Patricia Gim\u00e9nez, gerenta de ProMendoza, lleg\u00f3 hoy al Valle de Uco para conocer de cerca la realidad de las empresas exportadoras de la provincia y desarrollar nuevas estrategias adaptadas a la situaci\u00f3n econ\u00f3mica actual. En diferentes encuentros, comparti\u00f3 con peque\u00f1os y medianos empresarios los servicios que brinda ProMendoza, en especial uno denominado NEX Municipal, destinado particularmente a las pymes locales.<\/p>\n\n\n\n<p>Durante su estad\u00eda, Gim\u00e9nez se reuni\u00f3 en San Carlos con Jos\u00e9 Hinojosa, en\u00f3logo de la Cooperativa San Carlos Sud, con el objetivo de impulsar el camino exportador de esta organizaci\u00f3n. Tambi\u00e9n se encontr\u00f3 con Las Mujeres de la Vi\u00f1a. Celebr\u00f3 junto a ellas la primera exportaci\u00f3n del emprendimiento y destac\u00f3 su modelo de trabajo en equipo.<\/p>\n\n\n\n<p>En sus declaraciones, Gim\u00e9nez resalt\u00f3 la importancia del Valle de Uco como sector que invierte en estrategias para exportar y mejorar sus pr\u00e1cticas. Mencion\u00f3 que la regi\u00f3n ha incursionado en la exportaci\u00f3n de nueces y almendras, demostrando una notable inteligencia comercial detr\u00e1s de los productores locales.<\/p>\n\n\n\n<p>\u201cQueremos que ProMendoza llegue a cada emprendedor mendocino. Vamos a visitar cada uno de los departamentos de la provincia para que sepan que cuentan con nosotros y de qu\u00e9 manera podemos asistirlos\u201d, resumi\u00f3 Gim\u00e9nez.<\/p>\n\n\n\n<p>El recorrido incluy\u00f3 una visita a la bodega Finca Don Carlos, donde fueron recibidos por Mariano Anzorena. Esta firma comenz\u00f3 a exportar gracias al trabajo con ProMendoza. Posteriormente, se dirigieron al edificio municipal de Tupungato, donde fueron recibidos por el intendente Gustavo Aguilera y el director de desarrollo econ\u00f3mico Gast\u00f3n Livellara. En esa reuni\u00f3n se abordaron los programas de exportaci\u00f3n a los que pueden acceder las peque\u00f1as y medianas empresas locales.<\/p>\n\n\n\n<p>El programa de Desarrollo de Nuevos Exportadores (NEX) impulsa la inserci\u00f3n y continuidad de las pymes mendocinas en mercados internacionales mediante el asesoramiento de un especialista en comercio exterior que acompa\u00f1a a la empresa en su desarrollo exportador. Esta nueva versi\u00f3n denominada NEX Municipal vincula a trav\u00e9s de los municipios a peque\u00f1os y medianos productores locales con ProMendoza para iniciar el camino a la internacionalizaci\u00f3n de sus productos.<\/p>\n","protected":false},"excerpt":{"rendered":"<p>Patricia Gim\u00e9nez, gerenta de ProMendoza, lleg\u00f3 hoy al Valle de Uco para conocer de cerca la realidad de las empresas exportadoras de la provincia y desarrollar nuevas estrategias adaptadas a&#8230;<\/p>\n","protected":false},"author":1,"featured_media":13417,"comment_status":"closed","ping_status":"open","sticky":false,"template":"","format":"image","meta":[],"categories":[54],"tags":[],"_links":{"self":[{"href":"https:\/\/www.promendoza.com\/es\/wp-json\/wp\/v2\/posts\/13416"}],"collection":[{"href":"https:\/\/www.promendoza.com\/es\/wp-json\/wp\/v2\/posts"}],"about":[{"href":"https:\/\/www.promendoza.com\/es\/wp-json\/wp\/v2\/types\/post"}],"author":[{"embeddable":true,"href":"https:\/\/www.promendoza.com\/es\/wp-json\/wp\/v2\/users\/1"}],"replies":[{"embeddable":true,"href":"https:\/\/www.promendoza.com\/es\/wp-json\/wp\/v2\/comments?post=13416"}],"version-history":[{"count":2,"href":"https:\/\/www.promendoza.com\/es\/wp-json\/wp\/v2\/posts\/13416\/revisions"}],"predecessor-version":[{"id":13419,"href":"https:\/\/www.promendoza.com\/es\/wp-json\/wp\/v2\/posts\/13416\/revisions\/13419"}],"wp:featuredmedia":[{"embeddable":true,"href":"https:\/\/www.promendoza.com\/es\/wp-json\/wp\/v2\/media\/13417"}],"wp:attachment":[{"href":"https:\/\/www.promendoza.com\/es\/wp-json\/wp\/v2\/media?parent=13416"}],"wp:term":[{"taxonomy":"category","embeddable":true,"href":"https:\/\/www.promendoza.com\/es\/wp-json\/wp\/v2\/categories?post=13416"},{"taxonomy":"post_tag","embeddable":true,"href":"https:\/\/www.promendoza.com\/es\/wp-json\/wp\/v2\/tags?post=13416"}],"curies":[{"name":"wp","href":"https:\/\/api.w.org\/{rel}","templated":true}]}}