{"id":13421,"date":"2024-03-02T03:17:00","date_gmt":"2024-03-02T06:17:00","guid":{"rendered":"https:\/\/www.promendoza.com\/en\/?p=13421"},"modified":"2024-03-04T03:26:12","modified_gmt":"2024-03-04T06:26:12","slug":"embajadores-participaron-de-una-jornada-de-desarrollo-economico-de-mendoza","status":"publish","type":"post","link":"https:\/\/www.promendoza.com\/es\/embajadores-participaron-de-una-jornada-de-desarrollo-economico-de-mendoza\/","title":{"rendered":"Embajadores participaron de una jornada de desarrollo econ\u00f3mico de Mendoza"},"content":{"rendered":"<style type=\"text\/css\"><\/style>\n<h5>El Gobierno de Mendoza, a trav\u00e9s de ProMendoza y la Subsecretar\u00eda de Relaciones Institucionales, junto al Cuerpo Consular de Mendoza organizaron la Jornada de Oportunidades Sectoriales en el marco de los eventos de Vendimia, centrada en los sectores de Log\u00edstica e Industria Audiovisual. El encuentro tuvo como principales invitados a los embajadores de los diferentes pa\u00edses que visitan la provincia en este fin de semana tan especial.<\/h5>\n\n\n\n<p>Las palabras de bienvenida estuvieron a cargo de Andr\u00e9s Ostropolsky, C\u00f3nsul honorario de Israel y decano del Cuerpo Consular de Mendoza. Seguidamente, Jos\u00e9 Mar\u00eda Videla, subsecretario de Relaciones Instituciones de Mendoza, qui\u00e9n destac\u00f3 \u201cla importancia de este evento en la vinculaci\u00f3n de la provincia con el mundo\u201d.<\/p>\n\n\n\n<p>Por su parte, Patricia Gim\u00e9nez, gerenta de ProMendoza, asegur\u00f3 que \u201ccompartimos con los embajadores informaci\u00f3n destacada de la provincia para que puedan mostrar Mendoza en sus pa\u00edses con informaci\u00f3n clave para quienes quieran invertir o hacer negocios con nosotros\u201d.<\/p>\n\n\n\n<p>El evento cont\u00f3 con la participaci\u00f3n del Cuerpo Consular de Mendoza, funcionarios del Gobierno de Mendoza y representantes de Ecuador, Jap\u00f3n, Angola, Brasil, M\u00e9xico, Pa\u00edses Bajos, Chile y Reino Unido.<\/p>\n\n\n\n<p>Durante la jornada se conformaron dos paneles: uno log\u00edstico y otro audiovisual. El Panel Log\u00edstico abord\u00f3 temas como el posicionamiento estrat\u00e9gico de Mendoza como corredor log\u00edstico central de Argentina, su infraestructura y el rol de la provincia como hub facilitador del transporte bioce\u00e1nico, favoreciendo la competitividad exportadora y la distribuci\u00f3n de productos e insumos.<\/p>\n\n\n\n<p>En cuanto al panel audiovisual, se destacaron las ventajas climatol\u00f3gicas y paisaj\u00edsticas de filmar en Mendoza, as\u00ed como los beneficios impositivos y el marco legal de la promoci\u00f3n de la industria audiovisual, incluido el programa de incentivos para inversiones en este sector.<\/p>\n","protected":false},"excerpt":{"rendered":"<p>El Gobierno de Mendoza, a trav\u00e9s de ProMendoza y la Subsecretar\u00eda de Relaciones Institucionales, junto al Cuerpo Consular de Mendoza organizaron la Jornada de Oportunidades Sectoriales en el marco de&#8230;<\/p>\n","protected":false},"author":1,"featured_media":13422,"comment_status":"closed","ping_status":"open","sticky":false,"template":"","format":"image","meta":[],"categories":[54],"tags":[],"_links":{"self":[{"href":"https:\/\/www.promendoza.com\/es\/wp-json\/wp\/v2\/posts\/13421"}],"collection":[{"href":"https:\/\/www.promendoza.com\/es\/wp-json\/wp\/v2\/posts"}],"about":[{"href":"https:\/\/www.promendoza.com\/es\/wp-json\/wp\/v2\/types\/post"}],"author":[{"embeddable":true,"href":"https:\/\/www.promendoza.com\/es\/wp-json\/wp\/v2\/users\/1"}],"replies":[{"embeddable":true,"href":"https:\/\/www.promendoza.com\/es\/wp-json\/wp\/v2\/comments?post=13421"}],"version-history":[{"count":3,"href":"https:\/\/www.promendoza.com\/es\/wp-json\/wp\/v2\/posts\/13421\/revisions"}],"predecessor-version":[{"id":13426,"href":"https:\/\/www.promendoza.com\/es\/wp-json\/wp\/v2\/posts\/13421\/revisions\/13426"}],"wp:featuredmedia":[{"embeddable":true,"href":"https:\/\/www.promendoza.com\/es\/wp-json\/wp\/v2\/media\/13422"}],"wp:attachment":[{"href":"https:\/\/www.promendoza.com\/es\/wp-json\/wp\/v2\/media?parent=13421"}],"wp:term":[{"taxonomy":"category","embeddable":true,"href":"https:\/\/www.promendoza.com\/es\/wp-json\/wp\/v2\/categories?post=13421"},{"taxonomy":"post_tag","embeddable":true,"href":"https:\/\/www.promendoza.com\/es\/wp-json\/wp\/v2\/tags?post=13421"}],"curies":[{"name":"wp","href":"https:\/\/api.w.org\/{rel}","templated":true}]}}