{"id":13453,"date":"2024-03-06T12:30:00","date_gmt":"2024-03-06T15:30:00","guid":{"rendered":"https:\/\/www.promendoza.com\/es\/?p=13453"},"modified":"2024-03-14T12:34:43","modified_gmt":"2024-03-14T15:34:43","slug":"vinos-y-alimentos-mendocinos-se-destacan-en-la-feria-expocomer-de-panama","status":"publish","type":"post","link":"https:\/\/www.promendoza.com\/es\/vinos-y-alimentos-mendocinos-se-destacan-en-la-feria-expocomer-de-panama\/","title":{"rendered":"Vinos y alimentos mendocinos se destacan en la feria Expocomer, de Panam\u00e1"},"content":{"rendered":"<style type=\"text\/css\"><\/style>\n<figure class=\"wp-block-image\"><img alt=\"\"\/><\/figure>\n\n\n\n<h1><\/h1>\n\n\n\n<p>Del 4 al 9 de marzo, ProMendoza realiza una misi\u00f3n comercial en Panam\u00e1 que incluye la participaci\u00f3n en Expocomer, la feria de exposici\u00f3n comercial internacional que tiene lugar cada a\u00f1o en el pa\u00eds centroamericano.<\/p>\n\n\n\n<p>En la oportunidad, nuestra provincia suma muestras de alimentos a su tradicional exposici\u00f3n de vinos, ya que el Caribe representa una excelente oportunidad para la comercializaci\u00f3n de conservas de frutas y hortalizas, especias, productos gourmet, aceite de oliva, aceitunas y miel, que se producen en nuestro territorio.<\/p>\n\n\n\n<p>La misi\u00f3n es dirigida por la gerente de ProMendoza, Patricia Gim\u00e9nez, quien encabeza todas las actividades previstas.<\/p>\n\n\n\n<p>Integran la misi\u00f3n miembros de la C\u00e1mara de la Fruta Industrializada de Mendoza (CAFIM), que representa a 30 socios y lleva muestras de al menos tres empresas: HorVinDul, dedicada a la elaboraci\u00f3n y comercializaci\u00f3n de conservas vegetales; Golden Harvest, especializada en frutas enlatadas, conservas, salsa de tomate, duraznos en almibar, y Nutre M\u00e1s, con legumbres en conserva como porotos, arvejas, granos de choclo y garbanzos, entre otros productos.<\/p>\n\n\n\n<p>Se suman tambi\u00e9n las compa\u00f1\u00edas alimenticias V\u00edctor Tittarelli (miel), Sottano (aceite de oliva) e Indias (especias); Jerome (cerveza artesanal), Prodena (encurtidos), F\u00e9nix Fruit Concentrates (jugos de fruta para ni\u00f1os), y las bodegas Familia Mastroeni, Yanardi Wines y Familia Crotta. Las dos \u00faltimas ya tienen sus vinos en el&nbsp;<em>hub<\/em>&nbsp;log\u00edstico mendocino de Panam\u00e1 desde su apertura.<\/p>\n\n\n\n<p>\u201cExpocomer es una de las pocas ferias en la regi\u00f3n que ha logrado mantener su esquema de feria multisectorial, atrayendo expositores de diversas categor\u00edas como textiles, construcci\u00f3n, tecnolog\u00eda, accesorios, alimentos, bebidas y servicios. Esta amplia variedad de categor\u00edas garantiza que la gama de productos y servicios exhibidos cumpla con las expectativas de todos los visitantes y de compradores internacionales\u201d, explic\u00f3 la titular de ProMendoza Patricia Gim\u00e9nez.<\/p>\n\n\n\n<p>La funcionaria detall\u00f3 que, como \u201cc\u00f3nclave de conocimiento e informaci\u00f3n, el encuentro re\u00fane a m\u00e1s de 600 expositores de 30 pa\u00edses. Conecta al mundo de los negocios de todas las regiones y es conocida por ser una de las ferias m\u00e1s destacadas de Am\u00e9rica Latina. Los vinos y alimentos mendocinos se lucen en esta edici\u00f3n\u201d.<\/p>\n\n\n\n<p>La agenda de la misi\u00f3n mendocina tambi\u00e9n incluye una visita a la Zona Libre de Col\u00f3n para reunirse con la empresa Global Cargo y estudiar la posibilidad de abrir otro&nbsp;<em>hub<\/em>&nbsp;log\u00edstico. Adem\u00e1s, se realizar\u00e1 una degustaci\u00f3n de vinos en ADEN, la Escuela de Negocios de Mendoza instalada en Panam\u00e1 desde hace m\u00e1s de una d\u00e9cada. Estar\u00e1 dirigida a todo el alumnado de la instituci\u00f3n.<\/p>\n\n\n\n<p>El equipo visitar\u00e1 a la Embajada Argentina en Panam\u00e1, que est\u00e1 estrenando embajadora, Sandra Pitta, diplom\u00e1tica de carrera. Se concretar\u00e1 un encuentro con ProPanam\u00e1, instituci\u00f3n con la que se posee un convenio de cooperaci\u00f3n para ayudar a la promoci\u00f3n de productos y servicios mutuos.<\/p>\n\n\n\n<p>Para finalizar, se concretar\u00e1 un&nbsp;<em>wine tasting<\/em>&nbsp;con las bodegas que son parte de la misi\u00f3n, dirigido a p\u00fablico especializado, en Central Brands Group, una empresa familiar dedicada a la distribuci\u00f3n de \u201cmarcas nicho\u201d en Panam\u00e1 y Centroam\u00e9rica.<\/p>\n","protected":false},"excerpt":{"rendered":"<p>Del 4 al 9 de marzo, ProMendoza realiza una misi\u00f3n comercial en Panam\u00e1 que incluye la participaci\u00f3n en Expocomer, la feria de exposici\u00f3n comercial internacional que tiene lugar cada a\u00f1o&#8230;<\/p>\n","protected":false},"author":1,"featured_media":13454,"comment_status":"closed","ping_status":"closed","sticky":false,"template":"","format":"image","meta":[],"categories":[98],"tags":[],"_links":{"self":[{"href":"https:\/\/www.promendoza.com\/es\/wp-json\/wp\/v2\/posts\/13453"}],"collection":[{"href":"https:\/\/www.promendoza.com\/es\/wp-json\/wp\/v2\/posts"}],"about":[{"href":"https:\/\/www.promendoza.com\/es\/wp-json\/wp\/v2\/types\/post"}],"author":[{"embeddable":true,"href":"https:\/\/www.promendoza.com\/es\/wp-json\/wp\/v2\/users\/1"}],"replies":[{"embeddable":true,"href":"https:\/\/www.promendoza.com\/es\/wp-json\/wp\/v2\/comments?post=13453"}],"version-history":[{"count":2,"href":"https:\/\/www.promendoza.com\/es\/wp-json\/wp\/v2\/posts\/13453\/revisions"}],"predecessor-version":[{"id":13456,"href":"https:\/\/www.promendoza.com\/es\/wp-json\/wp\/v2\/posts\/13453\/revisions\/13456"}],"wp:featuredmedia":[{"embeddable":true,"href":"https:\/\/www.promendoza.com\/es\/wp-json\/wp\/v2\/media\/13454"}],"wp:attachment":[{"href":"https:\/\/www.promendoza.com\/es\/wp-json\/wp\/v2\/media?parent=13453"}],"wp:term":[{"taxonomy":"category","embeddable":true,"href":"https:\/\/www.promendoza.com\/es\/wp-json\/wp\/v2\/categories?post=13453"},{"taxonomy":"post_tag","embeddable":true,"href":"https:\/\/www.promendoza.com\/es\/wp-json\/wp\/v2\/tags?post=13453"}],"curies":[{"name":"wp","href":"https:\/\/api.w.org\/{rel}","templated":true}]}}