{"id":13514,"date":"2024-04-17T10:32:32","date_gmt":"2024-04-17T13:32:32","guid":{"rendered":"https:\/\/www.promendoza.com\/es\/?p=13514"},"modified":"2024-04-17T10:33:08","modified_gmt":"2024-04-17T13:33:08","slug":"promendoza-celebro-el-dia-del-malbec-junto-a-bodegas-de-san-rafael-que-quieren-internacionalizarse","status":"publish","type":"post","link":"https:\/\/www.promendoza.com\/es\/promendoza-celebro-el-dia-del-malbec-junto-a-bodegas-de-san-rafael-que-quieren-internacionalizarse\/","title":{"rendered":"ProMendoza celebr\u00f3 el D\u00eda del Malbec junto a bodegas de San Rafael que quieren internacionalizarse"},"content":{"rendered":"<style type=\"text\/css\"><\/style>\n<figure class=\"wp-block-image\"><img alt=\"\"\/><\/figure>\n\n\n\n<p>La presidenta de la Unidad ProMendoza, Patricia Gim\u00e9nez, recorri\u00f3 este martes parte de la zona productiva del departamento de San Rafael y comparti\u00f3 con productores, bodegueros y exportadores de vino una agenda de trabajo en la que se conmemor\u00f3 el D\u00eda Mundial del Malbec.<br>\u201cEl malbec es la variedad emblem\u00e1tica que hemos elegido para promocionar nuestros productos en el exterior. Nos abre puertas en el mundo, para que todos los vinos de todas nuestras bodegas tengan una oportunidad internacional de negocios. Por eso, en v\u00edsperas de los festejos, hemos brindado en el Sur de la provincia porque, como el malbec, queremos ser quienes ayuden a abrir las puertas del comercio exterior a todas las pymes de Mendoza, federalizando los servicios de ProMendoza\u201d, dijo Gim\u00e9nez.<\/p>\n\n\n\n<p>Y agreg\u00f3: \u201cDesde enero hasta ahora, he visitado todos los oasis productivos para conocer personalmente las necesidades de cada zona y crear agendas conjuntas con los organismos m\u00e1s representativos\u201d. Destac\u00f3 que es importante que la informaci\u00f3n de los eventos y de las ferias les llegue a los productores y empresas del Sur y que las puertas de la oficina de ProMendoza est\u00e1n abiertas para quienes quieran llegar al comercio internacional.<\/p>\n\n\n\n<p>La sede de ProMendoza en San Rafael est\u00e1 ubicada en Pellegrini 120, 2\u00ba piso. En General Alvear hay otra oficina que trabaja en el edificio municipal.<\/p>\n\n\n\n<p>En Rama Ca\u00edda, parte del equipo del Sur que tiene ProMendoza recorri\u00f3 Bodega Ibarra, que ha iniciado su camino exportador con este organismo, dentro del cl\u00faster asociativo Sur de Mendoza Wine Group, que conforma una amplia oferta exportable. Con ellos realizar\u00e1n un env\u00edo de muestras de vinos artesanales y org\u00e1nicos a un potencial cliente en Panam\u00e1. Ese contacto se gener\u00f3 durante la participaci\u00f3n de Gim\u00e9nez en el evento Expocomer, en marzo pasado.<\/p>\n\n\n\n<p>Adem\u00e1s, para este a\u00f1o, este grupo de emprendedores tienen proyectado la participaci\u00f3n en ExpoVino Paraguay, el evento m\u00e1s importante organizado por la C\u00e1mara de Proveedores de ese pa\u00eds. Tambi\u00e9n viajar\u00e1n a Brasil a la Wine South America de Bento Gon\u00e7alves, capital brasile\u00f1a de la uva y del vino.<\/p>\n\n\n\n<p>El equipo de ProMendoza visit\u00f3 tambi\u00e9n Bodegas Vides SA, una de las m\u00e1s antiguas y un emblema del vino en San Rafael. Ellos tienen inter\u00e9s de exportar sus espumantes y expandirse a otros mercados. Se los invit\u00f3 a participar en un importante encuentro que habr\u00e1 en junio en el Reino Unido. Tambi\u00e9n se habl\u00f3 sobre la feria Apas en Brasil.<\/p>\n\n\n\n<p>Adem\u00e1s de bodegas, la agenda de trabajo de ProMendoza en el Sur provincial incluy\u00f3 dos reuniones importantes. La primera fue con representantes de la C\u00e1mara de Comercio de ese departamento, presidida por Hugo Tornaghi. All\u00ed, el equipo de ProMendoza present\u00f3 el nuevo formato \u00e1gil de los tradicionales programas de internacionalizaci\u00f3n de empresas. Se discutieron tambi\u00e9n los principales puntos de trabajo de la agenda conjunta para el Sur mendocino para este a\u00f1o.<\/p>\n\n\n\n<p>La segunda fue con representantes de la C\u00e1mara de Comercio Exterior y de la C\u00e1mara de Exportadores de Ciruela. All\u00ed, se analiz\u00f3 la posibilidad de la incorporaci\u00f3n de nuevos mercados para uno de los principales productos exportados desde el Sur de Mendoza. Gim\u00e9nez coment\u00f3 que tanto Paraguay como Bolivia se han transformado en excelentes mercados de cercan\u00eda para los productos frescos y procesados de la provincia, porque los bajos costos log\u00edsticos le otorgan mayor competitividad.<\/p>\n\n\n\n<p><strong>La importancia del malbec<\/strong><\/p>\n\n\n\n<p>El D\u00eda Mundial del Malbec se celebra el 17 de abril en homenaje a que ese mismo d\u00eda, pero de 1853, se present\u00f3 ante la Legislatura de Mendoza el proyecto que contemplaba la creaci\u00f3n de una Quinta Normal y una Escuela de Agricultura. As\u00ed, comenz\u00f3 a funcionar la Quinta Agron\u00f3mica, lugar de donde egresaron los primeros agr\u00f3nomos y viticultores con formaci\u00f3n espec\u00edfica.<\/p>\n\n\n\n<p>Michel Pouget fue su director y es considerado -por Silvina Carbonari, historiadora del vino- el pionero de la vitivinicultura moderna argentina.<\/p>\n\n\n\n<p>Mendoza exporta m\u00e1s de 90% de los vinos varietales de Argentina, lo que representa 660 millones de d\u00f3lares en 185 millones de litros en 2023, de acuerdo con datos del Observatorio Vitivin\u00edcola Argentino.<\/p>\n\n\n\n<p>De los vinos malbec exportados de Argentina, Mendoza comercializa el 94% en FOB y el 92% en litros. Es decir, en 2023 Argentina super\u00f3 los 445 millones de d\u00f3lares, con casi 128 millones de litros de vino de esta variedad en el mundo.<\/p>\n\n\n\n<p>El 80% de Malbec que Mendoza env\u00eda al mundo es vino en botella. El resto se exporta a granel para ser fraccionado en los diferentes destinos.<\/p>\n\n\n\n<p>La variedad insignia de la provincia representa alrededor de 64% del total de variedades exportadas desde Mendoza, tanto en FOB como en litros. Le siguen en orden de importancia el cabernet sauvignon, chardonnay, cabernet franc, sauvignon, torront\u00e9s riojano, syrah, pinot gris, pinot negro, merlot y bonarda.<\/p>\n\n\n\n<p>El 92% exporta malbec, de 239 bodegas mendocinas que comercializan los vinos en el mundo.<\/p>\n\n\n\n<p>De los 142 destinos a los que Mendoza lleva todos sus productos, 123 mercados compran nuestro malbec, el 87% del total. Los pa\u00edses que m\u00e1s disfrutan de nuestro malbec son Estados Unidos, con 33%; Reino Unido, 23%; Brasil, 11%; Canad\u00e1, 5%, y M\u00e9xico, 4%.<\/p>\n","protected":false},"excerpt":{"rendered":"<p>La presidenta de la Unidad ProMendoza, Patricia Gim\u00e9nez, recorri\u00f3 este martes parte de la zona productiva del departamento de San Rafael y comparti\u00f3 con productores, bodegueros y exportadores de vino&#8230;<\/p>\n","protected":false},"author":1,"featured_media":13515,"comment_status":"closed","ping_status":"closed","sticky":false,"template":"","format":"image","meta":[],"categories":[54],"tags":[],"_links":{"self":[{"href":"https:\/\/www.promendoza.com\/es\/wp-json\/wp\/v2\/posts\/13514"}],"collection":[{"href":"https:\/\/www.promendoza.com\/es\/wp-json\/wp\/v2\/posts"}],"about":[{"href":"https:\/\/www.promendoza.com\/es\/wp-json\/wp\/v2\/types\/post"}],"author":[{"embeddable":true,"href":"https:\/\/www.promendoza.com\/es\/wp-json\/wp\/v2\/users\/1"}],"replies":[{"embeddable":true,"href":"https:\/\/www.promendoza.com\/es\/wp-json\/wp\/v2\/comments?post=13514"}],"version-history":[{"count":2,"href":"https:\/\/www.promendoza.com\/es\/wp-json\/wp\/v2\/posts\/13514\/revisions"}],"predecessor-version":[{"id":13517,"href":"https:\/\/www.promendoza.com\/es\/wp-json\/wp\/v2\/posts\/13514\/revisions\/13517"}],"wp:featuredmedia":[{"embeddable":true,"href":"https:\/\/www.promendoza.com\/es\/wp-json\/wp\/v2\/media\/13515"}],"wp:attachment":[{"href":"https:\/\/www.promendoza.com\/es\/wp-json\/wp\/v2\/media?parent=13514"}],"wp:term":[{"taxonomy":"category","embeddable":true,"href":"https:\/\/www.promendoza.com\/es\/wp-json\/wp\/v2\/categories?post=13514"},{"taxonomy":"post_tag","embeddable":true,"href":"https:\/\/www.promendoza.com\/es\/wp-json\/wp\/v2\/tags?post=13514"}],"curies":[{"name":"wp","href":"https:\/\/api.w.org\/{rel}","templated":true}]}}